{"id":75134,"date":"2023-07-31T18:57:38","date_gmt":"2023-07-31T23:57:38","guid":{"rendered":"https:\/\/www.evafm.net\/sitio\/?p=75134"},"modified":"2023-07-31T19:21:33","modified_gmt":"2023-08-01T00:21:33","slug":"lucia-vallecilla-y-marco-pazos-por-la-presidencia-de-el-nacional","status":"publish","type":"post","link":"https:\/\/www.evafm.net\/sitio\/lucia-vallecilla-y-marco-pazos-por-la-presidencia-de-el-nacional\/","title":{"rendered":"Luc\u00eda Vallecilla y Marco Pazos, por la presidencia de El Nacional"},"content":{"rendered":"<p>Los representantes de la Lista 1 y Lista 2 respondieron una serie de preguntas realizadas por la<\/p>\n<p>Comisi\u00f3n Electoral de El Nacional.<\/p>\n<p>El mediador del debate fue el periodista deportivo Roberto Omar Machado, el cual expuso<\/p>\n<p>las reglas y la metodolog\u00eda del evento.<\/p>\n<p>&nbsp;<\/p>\n<p>As\u00ed, alrededor de las 12:10 horas inici\u00f3 el debate presidencial en las instalaciones de Katari Quito.<\/p>\n<p>Cada candidato tuvo cinco minutos para exponer su plan de trabajo, responder preguntas<\/p>\n<p>y dar sus conclusiones.<\/p>\n<p><strong>Por la Lista 1 \u2013 \u2018Nacho Coraz\u00f3n\u2019, Luc\u00eda Vallecilla:<\/strong><\/p>\n<p>asegur\u00f3 que su propuesta se llevar\u00e1 a cabo a partir de un plan de remodelaciones, armar equipos<\/p>\n<p>competitivos, formar jugadores e incluso sacar al primer equipo campe\u00f3n de la <strong>LigaPro 2023. <\/strong><\/p>\n<p>En cuanto a la parte administrativa y econ\u00f3mica, la actual presidenta del club dijo que en su<\/p>\n<p>nueva administraci\u00f3n, si es electa, habr\u00e1 presupuestos claros y regulaci\u00f3n de gastos.<\/p>\n<p>&nbsp;<\/p>\n<p>&nbsp;<\/p>\n<p><strong>Lista 2 \u2013 \u2018R64\u2019, Marco Vinicio Pazos:<\/strong><\/p>\n<p>detall\u00f3 que entre sus ejes de acci\u00f3n existe una gesti\u00f3n econ\u00f3mica para bajar la deuda del club<\/p>\n<p>deportiva, de scouting a nivel nacional, convenios institucionales e infraestructura.<\/p>\n<p>Por eso, se prev\u00e9 comprar un terreno y \u201cvamos a construir el estadio de El Nacional en tres etapas\u201d<\/p>\n<p>afirm\u00f3 en su primera intervenci\u00f3n.<\/p>\n<p>&nbsp;<\/p>\n<p>Otro de los puntos en la Lista 2 ser\u00e1 generar confianza con el hincha a trav\u00e9s de diferentes campa\u00f1as.<\/p>\n<p>Entre ellas, la App del club, hospitality, fan zone, tiendas f\u00edsicas, un plan de fidelizaci\u00f3n<\/p>\n<p>viajes con el primer equipo y m\u00e1s.<\/p>\n<p>Pero lo primordial, para Marco Vinicio Pazos, ser\u00e1 \u201capuntar a los ni\u00f1os para atraerlos\u201d y hacerlos<\/p>\n<p>hinchas de El Nacional.<\/p>\n<p><strong>Lista 1 \u2013 \u2018Nacho Coraz\u00f3n\u2019<\/strong><\/p>\n<p>Luc\u00eda Vallecilla \u2013 Presidenta<\/p>\n<p>Jorge Santiago Almeida \u2013 Primer vicepresidente<\/p>\n<p>Kl\u00e9ver Ramiro Oviedo \u2013 Segundo vicepresidente<\/p>\n<p>Edmundo Wladimir Samaniego \u2013 Primer vocal principal<\/p>\n<p>Jorge Desidero Proa\u00f1o \u2013 Primer vocal suplente<\/p>\n<p>Juan Xavier Riofr\u00edo \u2013 Segundo vocal principal<\/p>\n<p>Gina Yolanda Ramos \u2013 Segundo vocal suplente<\/p>\n<p>Carlos Benjam\u00edn Moreno \u2013 Tercer vocal principal<\/p>\n<p>Nieves del Cisne C\u00f3rdova \u2013 Tercer vocal suplente<\/p>\n<p>Luis Arturo Villacres \u2013 Cuarto vocal principal<\/p>\n<p>Emma Teresa Vargas \u2013 Cuarto vocal suplente<\/p>\n<p><strong>Lista 2 \u2013 \u2018R64\u2019 <\/strong><\/p>\n<p>Marco Vinicio Pazos \u2013 Presidente<\/p>\n<p>Marco Xavier Mi\u00f1o \u2013 Primer vicepresidente<\/p>\n<p>Manuel Antonio Malo \u2013 Segundo vicepresidente<\/p>\n<p>Pablo Abraham Erazo \u2013 Primer vocal principal<\/p>\n<p>Hugo Ren\u00e9 Guerr\u00f3n \u2013 Primer vocal suplente<\/p>\n<p>Mart\u00edn Almirati Peri \u2013 Segundo vocal principal<\/p>\n<p>Christian Pa\u00fal Burbano \u2013 Segundo vocal suplente<\/p>\n<p>Germ\u00e1nico Puga \u2013 Tercer vocal principal<\/p>\n<p>Jorge Oswaldo Chiluisa \u2013 Tercer vocal suplente<\/p>\n<p>Nicol\u00e1s Alberto Monge \u2013 Cuarto vocal principal<\/p>\n<p>Xavier Alfonso Rodr\u00edguez \u2013 Cuarto vocal suplente<\/p>\n<p>Las elecciones en el Club Deportivo El Nacional ser\u00e1n para el pr\u00f3ximo viernes 4 de agosto.<\/p>\n<p>Los socios \u2018criollos\u2019 elegir\u00e1n a la administraci\u00f3n del periodo 2023 \u2013 2027. <strong>(D)<\/strong><\/p>\n<p>&nbsp;<\/p>\n<p>&nbsp;<\/p>\n<p><iframe title=\"DEBATE POR LA PRESIDENCIA DE EL NACIONAL  \/ VALLECILLA VS PAZOS\" width=\"1200\" height=\"675\" src=\"https:\/\/www.youtube.com\/embed\/1BSklCJeusA?feature=oembed\" frameborder=\"0\" allow=\"accelerometer; autoplay; clipboard-write; encrypted-media; gyroscope; picture-in-picture; web-share\" referrerpolicy=\"strict-origin-when-cross-origin\" allowfullscreen><\/iframe><\/p>\n<p>&nbsp;<\/p>\n<p>Fuente: evafm.net &#8211; primicias.ec &#8211; youtube.com<\/p>\n<div class=\"gsp_post_data\" \r\n\t            data-post_type=\"post\" \r\n\t            data-cat=\"deportes-ecuador\" \r\n\t            data-modified=\"120\"\r\n\t            data-created=\"1690829858\"\r\n\t            data-title=\"Luc\u00eda Vallecilla y Marco Pazos, por la presidencia de El Nacional\" \r\n\t            data-home=\"https:\/\/www.evafm.net\/sitio\"><\/div>","protected":false},"excerpt":{"rendered":"<p>Los representantes de la Lista 1 y Lista 2 respondieron una serie de preguntas realizadas por la Comisi\u00f3n Electoral de El Nacional. El mediador del debate fue el periodista deportivo Roberto Omar Machado, el cual expuso las reglas y la metodolog\u00eda del evento. &nbsp; As\u00ed, alrededor de las 12:10 horas inici\u00f3 el debate presidencial en&#8230;<\/p>\n","protected":false},"author":5,"featured_media":75135,"comment_status":"closed","ping_status":"open","sticky":false,"template":"","format":"standard","meta":{"_joinchat":[],"footnotes":""},"categories":[1557],"tags":[],"class_list":["post-75134","post","type-post","status-publish","format-standard","has-post-thumbnail","hentry","category-deportes-ecuador","have-post-thumb"],"_links":{"self":[{"href":"https:\/\/www.evafm.net\/sitio\/wp-json\/wp\/v2\/posts\/75134","targetHints":{"allow":["GET"]}}],"collection":[{"href":"https:\/\/www.evafm.net\/sitio\/wp-json\/wp\/v2\/posts"}],"about":[{"href":"https:\/\/www.evafm.net\/sitio\/wp-json\/wp\/v2\/types\/post"}],"author":[{"embeddable":true,"href":"https:\/\/www.evafm.net\/sitio\/wp-json\/wp\/v2\/users\/5"}],"replies":[{"embeddable":true,"href":"https:\/\/www.evafm.net\/sitio\/wp-json\/wp\/v2\/comments?post=75134"}],"version-history":[{"count":3,"href":"https:\/\/www.evafm.net\/sitio\/wp-json\/wp\/v2\/posts\/75134\/revisions"}],"predecessor-version":[{"id":75138,"href":"https:\/\/www.evafm.net\/sitio\/wp-json\/wp\/v2\/posts\/75134\/revisions\/75138"}],"wp:featuredmedia":[{"embeddable":true,"href":"https:\/\/www.evafm.net\/sitio\/wp-json\/wp\/v2\/media\/75135"}],"wp:attachment":[{"href":"https:\/\/www.evafm.net\/sitio\/wp-json\/wp\/v2\/media?parent=75134"}],"wp:term":[{"taxonomy":"category","embeddable":true,"href":"https:\/\/www.evafm.net\/sitio\/wp-json\/wp\/v2\/categories?post=75134"},{"taxonomy":"post_tag","embeddable":true,"href":"https:\/\/www.evafm.net\/sitio\/wp-json\/wp\/v2\/tags?post=75134"}],"curies":[{"name":"wp","href":"https:\/\/api.w.org\/{rel}","templated":true}]}}