{"id":75139,"date":"2023-07-31T19:35:09","date_gmt":"2023-08-01T00:35:09","guid":{"rendered":"https:\/\/www.evafm.net\/sitio\/?p=75139"},"modified":"2023-07-31T19:35:09","modified_gmt":"2023-08-01T00:35:09","slug":"jhoanner-chavez-regresa-a-independiente-del-valle","status":"publish","type":"post","link":"https:\/\/www.evafm.net\/sitio\/jhoanner-chavez-regresa-a-independiente-del-valle\/","title":{"rendered":"Jhoanner Ch\u00e1vez regresa a Independiente del Valle"},"content":{"rendered":"<p>Tras apenas seis meses en el exterior,<strong> Jhoanner Ch\u00e1vez<\/strong> regresa a Independiente del Valle.<\/p>\n<p>As\u00ed lo anunci\u00f3 el club \u2018rayado\u2019 este lunes 31 de julio de 2023.<\/p>\n<p>\u201cUn refuerzo de lujo para IDV. Bienvenido Jhoanner a tu casa\u201c, public\u00f3 el equipo de Sangolqu\u00ed<\/p>\n<p>en sus redes sociales.<\/p>\n<p>Durante su etapa en el Bah\u00eda, el futbolista de 21 a\u00f1os disput\u00f3 29 partidos y anot\u00f3 un gol y una asistencia.<\/p>\n<p>Adem\u00e1s, fue campe\u00f3n del<strong> Torneo Bahiano. (D)<\/strong><\/p>\n<p>&nbsp;<\/p>\n<blockquote class=\"twitter-tweet\" data-width=\"550\" data-dnt=\"true\">\n<p lang=\"es\" dir=\"ltr\">Un refuerzo de lujo \ud83e\udd1d para <a href=\"https:\/\/twitter.com\/hashtag\/IDV?src=hash&amp;ref_src=twsrc%5Etfw\">#IDV<\/a> <br \/>Bienvenido Jhoanner \ud83e\udef6 a tu casa \ud83c\udfe1 <a href=\"https:\/\/twitter.com\/hashtag\/UnClubDiferente?src=hash&amp;ref_src=twsrc%5Etfw\">#UnClubDiferente<\/a> <a href=\"https:\/\/t.co\/jsT8Ew9y9p\">pic.twitter.com\/jsT8Ew9y9p<\/a><\/p>\n<p>&mdash; Independiente del Valle (@IDV_EC) <a href=\"https:\/\/twitter.com\/IDV_EC\/status\/1686059316749516819?ref_src=twsrc%5Etfw\">July 31, 2023<\/a><\/p><\/blockquote>\n<p><script async src=\"https:\/\/platform.twitter.com\/widgets.js\" charset=\"utf-8\"><\/script><\/p>\n<p>&nbsp;<\/p>\n<p>Fuente:_ evafm.net &#8211; twitter.com<\/p>\n<p>&nbsp;<\/p>\n<div class=\"gsp_post_data\" \r\n\t            data-post_type=\"post\" \r\n\t            data-cat=\"deportes-ecuador\" \r\n\t            data-modified=\"120\"\r\n\t            data-created=\"1690832109\"\r\n\t            data-title=\"Jhoanner Ch\u00e1vez regresa a Independiente del Valle\" \r\n\t            data-home=\"https:\/\/www.evafm.net\/sitio\"><\/div>","protected":false},"excerpt":{"rendered":"<p>Tras apenas seis meses en el exterior, Jhoanner Ch\u00e1vez regresa a Independiente del Valle. As\u00ed lo anunci\u00f3 el club \u2018rayado\u2019 este lunes 31 de julio de 2023. \u201cUn refuerzo de lujo para IDV. Bienvenido Jhoanner a tu casa\u201c, public\u00f3 el equipo de Sangolqu\u00ed en sus redes sociales. Durante su etapa en el Bah\u00eda, el futbolista&#8230;<\/p>\n","protected":false},"author":5,"featured_media":75140,"comment_status":"closed","ping_status":"open","sticky":false,"template":"","format":"standard","meta":{"_joinchat":[],"footnotes":""},"categories":[1557],"tags":[],"class_list":["post-75139","post","type-post","status-publish","format-standard","has-post-thumbnail","hentry","category-deportes-ecuador","have-post-thumb"],"_links":{"self":[{"href":"https:\/\/www.evafm.net\/sitio\/wp-json\/wp\/v2\/posts\/75139","targetHints":{"allow":["GET"]}}],"collection":[{"href":"https:\/\/www.evafm.net\/sitio\/wp-json\/wp\/v2\/posts"}],"about":[{"href":"https:\/\/www.evafm.net\/sitio\/wp-json\/wp\/v2\/types\/post"}],"author":[{"embeddable":true,"href":"https:\/\/www.evafm.net\/sitio\/wp-json\/wp\/v2\/users\/5"}],"replies":[{"embeddable":true,"href":"https:\/\/www.evafm.net\/sitio\/wp-json\/wp\/v2\/comments?post=75139"}],"version-history":[{"count":1,"href":"https:\/\/www.evafm.net\/sitio\/wp-json\/wp\/v2\/posts\/75139\/revisions"}],"predecessor-version":[{"id":75141,"href":"https:\/\/www.evafm.net\/sitio\/wp-json\/wp\/v2\/posts\/75139\/revisions\/75141"}],"wp:featuredmedia":[{"embeddable":true,"href":"https:\/\/www.evafm.net\/sitio\/wp-json\/wp\/v2\/media\/75140"}],"wp:attachment":[{"href":"https:\/\/www.evafm.net\/sitio\/wp-json\/wp\/v2\/media?parent=75139"}],"wp:term":[{"taxonomy":"category","embeddable":true,"href":"https:\/\/www.evafm.net\/sitio\/wp-json\/wp\/v2\/categories?post=75139"},{"taxonomy":"post_tag","embeddable":true,"href":"https:\/\/www.evafm.net\/sitio\/wp-json\/wp\/v2\/tags?post=75139"}],"curies":[{"name":"wp","href":"https:\/\/api.w.org\/{rel}","templated":true}]}}