{"id":75144,"date":"2023-07-31T19:46:21","date_gmt":"2023-08-01T00:46:21","guid":{"rendered":"https:\/\/www.evafm.net\/sitio\/?p=75144"},"modified":"2023-07-31T19:46:21","modified_gmt":"2023-08-01T00:46:21","slug":"boca-juniors-presento-oficialmente-a-edinson-cavani","status":"publish","type":"post","link":"https:\/\/www.evafm.net\/sitio\/boca-juniors-presento-oficialmente-a-edinson-cavani\/","title":{"rendered":"Boca Juniors presento oficialmente a \u00c9dinson Cavani"},"content":{"rendered":"<p><strong>El delantero uruguayo declar\u00f3 este lunes, durante su presentaci\u00f3n oficial como futbolista de<\/strong><\/p>\n<p><strong> Boca Juniors,<\/strong><\/p>\n<p><strong>Edinson Cavani<\/strong>, de 36 a\u00f1os, hizo estas declaraciones durante una rueda de prensa en <strong>La Bombonera <\/strong><\/p>\n<p>en la que estuvo acompa\u00f1ado por el presidente del club, Jorge Ameal, antes de presentarse ante miles de<\/p>\n<p>aficionados que colmaron la cancha del barrio de La Boca.<\/p>\n<p>&nbsp;<\/p>\n<p>El internacional uruguayo resalt\u00f3 la influencia que tuvo en su fichaje el exfutbolista y actual vicepresidente<\/p>\n<p>del club, Juan Rom\u00e1n Riquelme, despu\u00e9s de varios a\u00f1os de conversaciones e inter\u00e9s por ambas partes.<\/p>\n<p>Las palabras de Rom\u00e1n siempre fueron las mismas.<\/p>\n<p>Y eso te demuestra la confianza que tienen en vos de formar parte del club\u201d, indic\u00f3 en la rueda de prensa.<\/p>\n<p>el exfutbolista de <strong>N\u00e1poles, Paris Saint-Germain, Manchester United y Valencia<\/strong> dijo que intentar\u00e1<\/p>\n<p>\u201cdefender esta camiseta (la de Boca) como si fuera hincha de toda la vida\u201d.<\/p>\n<p>\u201cLas ganas van a ser siempre las mismas. Estoy seguro de que voy a entrenarme y prepararme cada d\u00eda<\/p>\n<p>al cien por cien, como en toda mi carrera, para estar preparado cuando me toque saltar a la cancha\u201d, agreg\u00f3.<\/p>\n<p>&nbsp;<\/p>\n<p>Por su parte, el presidente de la entidad, <strong>Jorge Amor Ameal,<\/strong> dijo que <strong>\u201cesto parece una ilusi\u00f3n \u00f3ptica\u201d<\/strong><\/p>\n<p>ya que el fichaje de Cavani por el club de La Ribera se viene amasando hace unos tres a\u00f1os.<\/p>\n<p><small><\/small><\/p>\n<blockquote class=\"twitter-tweet\" data-width=\"550\" data-dnt=\"true\">\n<p lang=\"es\" dir=\"ltr\">\u00a1Bienvenido a la Bombonera, <a href=\"https:\/\/twitter.com\/ECavaniOfficial?ref_src=twsrc%5Etfw\">@ECavaniOfficial<\/a>! \ud83d\udd1f\ud83d\udc99\ud83d\udc9b\ud83d\udc99 <a href=\"https:\/\/t.co\/eJBPJbk833\">pic.twitter.com\/eJBPJbk833<\/a><\/p>\n<p>&mdash; Boca Juniors (@BocaJrsOficial) <a href=\"https:\/\/twitter.com\/BocaJrsOficial\/status\/1686144993574928386?ref_src=twsrc%5Etfw\">July 31, 2023<\/a><\/p><\/blockquote>\n<p><script async src=\"https:\/\/platform.twitter.com\/widgets.js\" charset=\"utf-8\"><\/script><\/p>\n<p>&nbsp;<\/p>\n<p>&nbsp;<\/p>\n<p>Fuente:_ evafm.net &#8211; primicias.ec<\/p>\n<p>&nbsp;<\/p>\n<div class=\"gsp_post_data\" \r\n\t            data-post_type=\"post\" \r\n\t            data-cat=\"deportes-internacionales,general\" \r\n\t            data-modified=\"120\"\r\n\t            data-created=\"1690832781\"\r\n\t            data-title=\"Boca Juniors presento oficialmente a \u00c9dinson Cavani\" \r\n\t            data-home=\"https:\/\/www.evafm.net\/sitio\"><\/div>","protected":false},"excerpt":{"rendered":"<p>El delantero uruguayo declar\u00f3 este lunes, durante su presentaci\u00f3n oficial como futbolista de Boca Juniors, Edinson Cavani, de 36 a\u00f1os, hizo estas declaraciones durante una rueda de prensa en La Bombonera en la que estuvo acompa\u00f1ado por el presidente del club, Jorge Ameal, antes de presentarse ante miles de aficionados que colmaron la cancha del&#8230;<\/p>\n","protected":false},"author":5,"featured_media":75146,"comment_status":"closed","ping_status":"open","sticky":false,"template":"","format":"standard","meta":{"_joinchat":[],"footnotes":""},"categories":[1342,1720],"tags":[],"class_list":["post-75144","post","type-post","status-publish","format-standard","has-post-thumbnail","hentry","category-deportes-internacionales","category-general","have-post-thumb"],"_links":{"self":[{"href":"https:\/\/www.evafm.net\/sitio\/wp-json\/wp\/v2\/posts\/75144","targetHints":{"allow":["GET"]}}],"collection":[{"href":"https:\/\/www.evafm.net\/sitio\/wp-json\/wp\/v2\/posts"}],"about":[{"href":"https:\/\/www.evafm.net\/sitio\/wp-json\/wp\/v2\/types\/post"}],"author":[{"embeddable":true,"href":"https:\/\/www.evafm.net\/sitio\/wp-json\/wp\/v2\/users\/5"}],"replies":[{"embeddable":true,"href":"https:\/\/www.evafm.net\/sitio\/wp-json\/wp\/v2\/comments?post=75144"}],"version-history":[{"count":1,"href":"https:\/\/www.evafm.net\/sitio\/wp-json\/wp\/v2\/posts\/75144\/revisions"}],"predecessor-version":[{"id":75147,"href":"https:\/\/www.evafm.net\/sitio\/wp-json\/wp\/v2\/posts\/75144\/revisions\/75147"}],"wp:featuredmedia":[{"embeddable":true,"href":"https:\/\/www.evafm.net\/sitio\/wp-json\/wp\/v2\/media\/75146"}],"wp:attachment":[{"href":"https:\/\/www.evafm.net\/sitio\/wp-json\/wp\/v2\/media?parent=75144"}],"wp:term":[{"taxonomy":"category","embeddable":true,"href":"https:\/\/www.evafm.net\/sitio\/wp-json\/wp\/v2\/categories?post=75144"},{"taxonomy":"post_tag","embeddable":true,"href":"https:\/\/www.evafm.net\/sitio\/wp-json\/wp\/v2\/tags?post=75144"}],"curies":[{"name":"wp","href":"https:\/\/api.w.org\/{rel}","templated":true}]}}