{"id":75193,"date":"2023-08-03T18:02:17","date_gmt":"2023-08-03T23:02:17","guid":{"rendered":"https:\/\/www.evafm.net\/sitio\/?p=75193"},"modified":"2023-08-03T18:02:17","modified_gmt":"2023-08-03T23:02:17","slug":"fecha-y-horarios-de-ligapro-2023-jornada-1-fase-2","status":"publish","type":"post","link":"https:\/\/www.evafm.net\/sitio\/fecha-y-horarios-de-ligapro-2023-jornada-1-fase-2\/","title":{"rendered":"Fecha y Horarios de LigaPro 2023 Jornada 1 Fase 2"},"content":{"rendered":"<p>Se reactiva el Futbol en Ecuador la tan esperada <strong>LigaPro 2023 Fecha 1 Fase 2 <\/strong>que empieza<\/p>\n<p>el <strong>viernes 4 y finaliza el lunes 7 de Agosto. (D)<\/strong><\/p>\n<p>&nbsp;<\/p>\n<p><strong>A continuaci\u00f3n la cartelera de encuentros<\/strong><\/p>\n<p>&nbsp;<\/p>\n<p><strong>Viernes 4 &#8211; 8 &#8211; 2023<\/strong><\/p>\n<p><strong>Libertad F.C vs C.S. Emelec<\/strong><\/p>\n<p><strong>Hora: <\/strong>19H00<\/p>\n<p><strong>Estadio: <\/strong>Reina del Cisne<\/p>\n<p><strong>\u00c1rbitros:<\/strong><\/p>\n<p>Augusto Arag\u00f3n: <strong>Arbitro Central<\/strong><\/p>\n<p>Luis Gonz\u00e1lez: <strong>A. 1\u00a0<\/strong><\/p>\n<p>Eddy Rivera: <strong>A. 2<\/strong><\/p>\n<p>Gorky Araujo: <strong>4to Arbitro<\/strong><\/p>\n<p>Sergio Flores: <strong>Asesor de \u00c1rbitros<\/strong><\/p>\n<p><strong>VAR: <\/strong>Roddy Zambrano<\/p>\n<p><strong>AVAR 1: <\/strong>Christian Lescano<\/p>\n<p><strong>Quality Manager: <\/strong>Sandro Vera<\/p>\n<p>&nbsp;<\/p>\n<p><strong>S\u00e1bado 5 &#8211; 8 &#8211; 2023<\/strong><\/p>\n<p><strong>C.D.U. Cat\u00f3lica vs C.T. Universitario<\/strong><\/p>\n<p><strong>Hora:<\/strong> 13H00<\/p>\n<p><strong>Estadio: <\/strong>Ol\u00edmpico Atahualpa<\/p>\n<p><strong>\u00c1rbitros:<\/strong><\/p>\n<p>Anthony Diaz: <strong>Arbitro Central<\/strong><\/p>\n<p>David Vacacela: <strong>A. 1\u00a0<\/strong><\/p>\n<p>Alan G\u00f3mez:<strong> A. 2\u00a0<\/strong><\/p>\n<p>Jord\u00e1n M\u00f3ntece: <strong>4to Arbitro<\/strong><\/p>\n<p>F\u00e9lix Badaraco: <strong>Asesor de \u00c1rbitros<\/strong><\/p>\n<p><strong>VAR: <\/strong>Gabriel\u00a0Gonz\u00e1lez<\/p>\n<p><strong>AVAR 1: <\/strong>Diego Lara<\/p>\n<p><strong>Quality Manager:<\/strong> Jos\u00e9 Lara<\/p>\n<p>&nbsp;<\/p>\n<p><strong>Orense S.C VS Delf\u00edn S.C<\/strong><\/p>\n<p><strong>Hora: <\/strong>15H30<\/p>\n<p><strong>Estadio: <\/strong>9 de Mayo<\/p>\n<p><strong>Arbitros:<\/strong><\/p>\n<p>Guillermo Guerrero:<strong> Arbitro Central<\/strong><\/p>\n<p>Danny \u00c1vila: <strong>A. 1\u00a0<\/strong><\/p>\n<p>Adri\u00e1n Lescano: <strong>A. 2\u00a0<\/strong><\/p>\n<p>Carlos Bayas: <strong>4to Arbitro<\/strong><\/p>\n<p>Iv\u00e1n Jord\u00e1n: <strong>Asesor de \u00c1rbitros<\/strong><\/p>\n<p><strong>VAR:<\/strong> Bryan Loayza<\/p>\n<p><strong>AVAR 1: <\/strong>Edison Vasquez<\/p>\n<p><strong>Quality Manager: <\/strong>Oswaldo Segura<\/p>\n<p>&nbsp;<\/p>\n<p><strong>C.D. el Nacional vs S.D. Aucas<\/strong><\/p>\n<p><strong>Hora:<\/strong> 18H00<\/p>\n<p><b>Estadio: <\/b>Ol\u00edmpico Atahualpa<\/p>\n<p><strong>\u00c1rbitros:<\/strong><\/p>\n<p>Carlos Orbe: <strong>Arbitro Central<\/strong><\/p>\n<p>Jos\u00e9 Quiroz: <strong>A. 1<\/strong><\/p>\n<p>Wimper Burgos: <strong>A. 2<\/strong><\/p>\n<p>Yerson Zambrano: <strong>4to Arbitro<\/strong><\/p>\n<p>Samuel Haro: <strong>Asesor de\u00a0<\/strong><b>\u00c1rbitros<\/b><\/p>\n<p><b>VAR: <\/b>Roberto S\u00e1nchez<\/p>\n<p><b>AVAR 1: <\/b>Ver\u00f3nica Guazhambo<\/p>\n<p><b>Quality Manager: <\/b>Jos\u00e9 Espinel<\/p>\n<p>&nbsp;<\/p>\n<p><strong>Domingo 6 &#8211; 8 &#8211; 2023<\/strong><\/p>\n<p><strong>Mushuc Runa S.C vs C.A.R.E.I. del Valle<\/strong><\/p>\n<p><strong>Hora:<\/strong> 13H00<\/p>\n<p><strong>Estadio:<\/strong> \u00a0ubicado en la comunidad <strong>Echaleche<\/strong>, <strong>sector Allpachaca<\/strong><\/p>\n<p>perteneciente a la <strong>parroquia Pilahu\u00edn<\/strong> del cant\u00f3n <strong>Ambato,<\/strong><\/p>\n<p><strong>Arbitros:<\/strong><\/p>\n<p>Oswaldo Contreras: <strong>Arbitro Central<\/strong><\/p>\n<p>Byron Romero: <strong>A. 1\u00a0<\/strong><\/p>\n<p>Alexis Acosta: <strong>A. 2\u00a0<\/strong><\/p>\n<p>Luis Troya: <strong>4to Arbitro<\/strong><\/p>\n<p>William Lozano: <strong>Asesor de \u00c1rbitros<\/strong><\/p>\n<p><strong>VAR:<\/strong> Jefferson Mac\u00edas<\/p>\n<p><strong>AVAR 1 : <\/strong>Susana Corella<\/p>\n<p><strong>Quality Manager:<\/strong> Luis Vera<\/p>\n<p>&nbsp;<\/p>\n<p><strong>Cumbay\u00e1 F.C vs Guayaquil City F.C<\/strong><\/p>\n<p><strong>Hora:<\/strong> 15H30<\/p>\n<p><b>Estadio: <\/b>Ol\u00edmpico Atahualpa<\/p>\n<p><strong>\u00c1rbitros:<\/strong><\/p>\n<p>Robert Cabrera: <strong>Arbitro Central<\/strong><\/p>\n<p>Juan Cruz: <strong>A. 1\u00a0<\/strong><\/p>\n<p>Boris S\u00e1nchez: <strong>A. 2\u00a0<\/strong><\/p>\n<p>Cristian Arizaga: <strong>4to Arbitro<\/strong><\/p>\n<p>Jos\u00e9 Alvarado: <strong>Asesor de \u00c1rbitros<\/strong><\/p>\n<p><b>VAR: <\/b>Luis Quiroz<\/p>\n<p><b>AVAR 1: <\/b>Ricardo Baren<\/p>\n<p><strong>Quality Manager: <\/strong>Sandra Zambrano<\/p>\n<p>&nbsp;<\/p>\n<p><strong>Barcelona S.C vs Gualaceo S.C<\/strong><\/p>\n<p><strong>Hora:<\/strong> 18H00<\/p>\n<p><strong>Estadio: <\/strong>Monumental<\/p>\n<p><strong>\u00c1rbitros:<\/strong><\/p>\n<p>Franklin Congo: <strong>Arbitro Central<\/strong><\/p>\n<p>Dennys Guerrero: <strong>A. 1\u00a0<\/strong><\/p>\n<p>Mauricio Lozada: <strong>A. 2<\/strong><\/p>\n<p>Mari Romero: <strong>4to Arbitro<\/strong><\/p>\n<p>Jos\u00e9 Carpio: <strong>Asesor de \u00c1rbitros<\/strong><\/p>\n<p><strong>VAR:<\/strong> Carlos Orbe<\/p>\n<p><strong>AVAR 1: <\/strong>Gisselle Giler<\/p>\n<p><strong>Quality Manager: <\/strong>Ramon Romero<\/p>\n<p>&nbsp;<\/p>\n<p><strong>Lunes 7 &#8211; 8 &#8211; 2023<\/strong><\/p>\n<p><strong>L.D.U. Quito vs C.D. Cuenca<\/strong><\/p>\n<p><strong>Hora:<\/strong> 19H00<\/p>\n<p><strong>Estadio:<\/strong> Rodrigo Paz Delgado<\/p>\n<p><strong>\u00c1rbitros:<\/strong><\/p>\n<p>Jaime S\u00e1nchez: <strong>Arbitro Central<\/strong><\/p>\n<p>Luis Garc\u00eda: <strong>A. 1\u00a0<\/strong><\/p>\n<p>Carlos Vera: <strong>A. 2<\/strong><\/p>\n<p>Russel Ter\u00e1n: <strong>4to Arbitro<\/strong><\/p>\n<p>Ad\u00e1n Ruiz: <strong>Asesor de \u00c1rbitros<\/strong><\/p>\n<p><b>VAR: <\/b>Bryan\u00a0Loayza<\/p>\n<p><b>AVAR 1: <\/b>Edwin\u00a0Bravo<\/p>\n<p><strong>Quality Manager:<\/strong> Wilson \u00c1vila<\/p>\n<p>&nbsp;<\/p>\n<p>&nbsp;<\/p>\n<p>Fuente: evafm.net<\/p>\n<p>&nbsp;<\/p>\n<p>&nbsp;<\/p>\n<p>&nbsp;<\/p>\n<p>&nbsp;<\/p>\n<div class=\"gsp_post_data\" \r\n\t            data-post_type=\"post\" \r\n\t            data-cat=\"deportes-ecuador,general\" \r\n\t            data-modified=\"120\"\r\n\t            data-created=\"1691085737\"\r\n\t            data-title=\"Fecha y Horarios de LigaPro 2023 Jornada 1 Fase 2\" \r\n\t            data-home=\"https:\/\/www.evafm.net\/sitio\"><\/div>","protected":false},"excerpt":{"rendered":"<p>Se reactiva el Futbol en Ecuador la tan esperada LigaPro 2023 Fecha 1 Fase 2 que empieza el viernes 4 y finaliza el lunes 7 de Agosto. (D) &nbsp; A continuaci\u00f3n la cartelera de encuentros &nbsp; Viernes 4 &#8211; 8 &#8211; 2023 Libertad F.C vs C.S. Emelec Hora: 19H00 Estadio: Reina del Cisne \u00c1rbitros: Augusto&#8230;<\/p>\n","protected":false},"author":5,"featured_media":75194,"comment_status":"closed","ping_status":"open","sticky":false,"template":"","format":"standard","meta":{"_joinchat":[],"footnotes":""},"categories":[1557,1720],"tags":[],"class_list":["post-75193","post","type-post","status-publish","format-standard","has-post-thumbnail","hentry","category-deportes-ecuador","category-general","have-post-thumb"],"_links":{"self":[{"href":"https:\/\/www.evafm.net\/sitio\/wp-json\/wp\/v2\/posts\/75193","targetHints":{"allow":["GET"]}}],"collection":[{"href":"https:\/\/www.evafm.net\/sitio\/wp-json\/wp\/v2\/posts"}],"about":[{"href":"https:\/\/www.evafm.net\/sitio\/wp-json\/wp\/v2\/types\/post"}],"author":[{"embeddable":true,"href":"https:\/\/www.evafm.net\/sitio\/wp-json\/wp\/v2\/users\/5"}],"replies":[{"embeddable":true,"href":"https:\/\/www.evafm.net\/sitio\/wp-json\/wp\/v2\/comments?post=75193"}],"version-history":[{"count":1,"href":"https:\/\/www.evafm.net\/sitio\/wp-json\/wp\/v2\/posts\/75193\/revisions"}],"predecessor-version":[{"id":75195,"href":"https:\/\/www.evafm.net\/sitio\/wp-json\/wp\/v2\/posts\/75193\/revisions\/75195"}],"wp:featuredmedia":[{"embeddable":true,"href":"https:\/\/www.evafm.net\/sitio\/wp-json\/wp\/v2\/media\/75194"}],"wp:attachment":[{"href":"https:\/\/www.evafm.net\/sitio\/wp-json\/wp\/v2\/media?parent=75193"}],"wp:term":[{"taxonomy":"category","embeddable":true,"href":"https:\/\/www.evafm.net\/sitio\/wp-json\/wp\/v2\/categories?post=75193"},{"taxonomy":"post_tag","embeddable":true,"href":"https:\/\/www.evafm.net\/sitio\/wp-json\/wp\/v2\/tags?post=75193"}],"curies":[{"name":"wp","href":"https:\/\/api.w.org\/{rel}","templated":true}]}}