{"id":75202,"date":"2023-08-05T16:48:43","date_gmt":"2023-08-05T21:48:43","guid":{"rendered":"https:\/\/www.evafm.net\/sitio\/?p=75202"},"modified":"2023-08-05T16:49:08","modified_gmt":"2023-08-05T21:49:08","slug":"lucia-vallecilla-es-reelecta-como-presidenta-de-el-nacional","status":"publish","type":"post","link":"https:\/\/www.evafm.net\/sitio\/lucia-vallecilla-es-reelecta-como-presidenta-de-el-nacional\/","title":{"rendered":"Luc\u00eda Vallecilla es reelecta como presidenta de El Nacional"},"content":{"rendered":"<p><strong>Luc\u00eda Vallecilla<\/strong> continuar\u00e1 en su cargo como presidenta del Club Deportivo El Nacional para el per\u00edodo de <strong>2023 a 2027.<\/strong><\/p>\n<p>&nbsp;<\/p>\n<p><strong>La Lista 1 fue la ganadora de las elecciones con 659 votos. <\/strong><\/p>\n<p>Por detr\u00e1s qued\u00f3 la <strong>Lista 2, del candidato Marco Pazos, con 454 votos<\/strong>, seg\u00fan public\u00f3 el club en el acta de escrutinio<\/p>\n<p>final.<\/p>\n<p>\u201cHemos ganado por <strong>200 votos. <\/strong><\/p>\n<p>Salvo en la ESPE, hemos ganado en todo el pa\u00eds.<\/p>\n<p>Ahora hay que olvidarse de las elecciones, que nos dejen trabajar en paz por el club\u201d, expres\u00f3 Vallecilla en una entrevista<\/p>\n<p>con <strong>Mundo Deportivo.<\/strong><\/p>\n<p>&nbsp;<\/p>\n<p>\u201cHemos ganado con claridad.<\/p>\n<p>Dios quiso que me quede en el club y no me vaya a recorrer el mundo en mis viajes\u201d, agreg\u00f3.<\/p>\n<p>Este viernes tuvieron lugar unas pol\u00e9micas elecciones, donde los socios de<\/p>\n<p>El Nacional en Quito debieron votar en sillas en la calle hasta el mediod\u00eda.<\/p>\n<p>Varios socios se quejaron de estas condiciones.<\/p>\n<p>Entre ellos estuvo el expresidente del club<strong> Tito Manjarrez:<\/strong><\/p>\n<p>\u201cEstoy bastante molesto por lo que viene sucediendo en las elecciones de El Nacional.<\/p>\n<p>Me llev\u00e9 tremenda sorpresa al ver en una silla las papeletas de votaci\u00f3n\u201d <strong>(D)<\/strong><\/p>\n<p>&nbsp;<\/p>\n<p>Fuente: evafm.net &#8211; primicis.ec<\/p>\n<div class=\"gsp_post_data\" \r\n\t            data-post_type=\"post\" \r\n\t            data-cat=\"deportes-ecuador\" \r\n\t            data-modified=\"120\"\r\n\t            data-created=\"1691254123\"\r\n\t            data-title=\"Luc\u00eda Vallecilla es reelecta como presidenta de El Nacional\" \r\n\t            data-home=\"https:\/\/www.evafm.net\/sitio\"><\/div>","protected":false},"excerpt":{"rendered":"<p>Luc\u00eda Vallecilla continuar\u00e1 en su cargo como presidenta del Club Deportivo El Nacional para el per\u00edodo de 2023 a 2027. &nbsp; La Lista 1 fue la ganadora de las elecciones con 659 votos. Por detr\u00e1s qued\u00f3 la Lista 2, del candidato Marco Pazos, con 454 votos, seg\u00fan public\u00f3 el club en el acta de escrutinio&#8230;<\/p>\n","protected":false},"author":5,"featured_media":75203,"comment_status":"closed","ping_status":"open","sticky":false,"template":"","format":"standard","meta":{"_joinchat":[],"footnotes":""},"categories":[1557],"tags":[],"class_list":["post-75202","post","type-post","status-publish","format-standard","has-post-thumbnail","hentry","category-deportes-ecuador","have-post-thumb"],"_links":{"self":[{"href":"https:\/\/www.evafm.net\/sitio\/wp-json\/wp\/v2\/posts\/75202","targetHints":{"allow":["GET"]}}],"collection":[{"href":"https:\/\/www.evafm.net\/sitio\/wp-json\/wp\/v2\/posts"}],"about":[{"href":"https:\/\/www.evafm.net\/sitio\/wp-json\/wp\/v2\/types\/post"}],"author":[{"embeddable":true,"href":"https:\/\/www.evafm.net\/sitio\/wp-json\/wp\/v2\/users\/5"}],"replies":[{"embeddable":true,"href":"https:\/\/www.evafm.net\/sitio\/wp-json\/wp\/v2\/comments?post=75202"}],"version-history":[{"count":2,"href":"https:\/\/www.evafm.net\/sitio\/wp-json\/wp\/v2\/posts\/75202\/revisions"}],"predecessor-version":[{"id":75205,"href":"https:\/\/www.evafm.net\/sitio\/wp-json\/wp\/v2\/posts\/75202\/revisions\/75205"}],"wp:featuredmedia":[{"embeddable":true,"href":"https:\/\/www.evafm.net\/sitio\/wp-json\/wp\/v2\/media\/75203"}],"wp:attachment":[{"href":"https:\/\/www.evafm.net\/sitio\/wp-json\/wp\/v2\/media?parent=75202"}],"wp:term":[{"taxonomy":"category","embeddable":true,"href":"https:\/\/www.evafm.net\/sitio\/wp-json\/wp\/v2\/categories?post=75202"},{"taxonomy":"post_tag","embeddable":true,"href":"https:\/\/www.evafm.net\/sitio\/wp-json\/wp\/v2\/tags?post=75202"}],"curies":[{"name":"wp","href":"https:\/\/api.w.org\/{rel}","templated":true}]}}