{"id":75206,"date":"2023-08-05T17:01:05","date_gmt":"2023-08-05T22:01:05","guid":{"rendered":"https:\/\/www.evafm.net\/sitio\/?p=75206"},"modified":"2023-08-05T17:01:05","modified_gmt":"2023-08-05T22:01:05","slug":"luis-miguel-deslumbro-en-argentina","status":"publish","type":"post","link":"https:\/\/www.evafm.net\/sitio\/luis-miguel-deslumbro-en-argentina\/","title":{"rendered":"Luis Miguel deslumbro en Argentina"},"content":{"rendered":"<p class=\"paragraph\" data-mrf-recirculation=\"Links inline\">Tuvieron que pasar una pandemia, las dos temporadas de la biopic que repasa su vida, un nuevo amor que lo transform\u00f3<\/p>\n<p class=\"paragraph\" data-mrf-recirculation=\"Links inline\">todo y un largo proceso de resurgimiento personal para poder volver a verlo sobre un escenario.<\/p>\n<p data-mrf-recirculation=\"Links inline\">\n<p class=\"paragraph\" data-mrf-recirculation=\"Links inline\">Pero si el resultado de la demora era esta versi\u00f3n de\u00a0<b>Luis Miguel\u00a0<\/b>vali\u00f3 la pena la espera de casi cinco a\u00f1os.<\/p>\n<p data-mrf-recirculation=\"Links inline\">\n<p class=\"paragraph\" data-mrf-recirculation=\"Links inline\">Porque\u00a0<b>el cantante volvi\u00f3 para demostrar que sigue siendo el rey<\/b>.<\/p>\n<p class=\"paragraph\" data-mrf-recirculation=\"Links inline\">Y su segundo show de los diez que tiene previstos en el<b>\u00a0Movistar Arena<\/b>\u00a0no fall\u00f3 a esa premisa.<\/p>\n<p data-mrf-recirculation=\"Links inline\">\n<p class=\"paragraph\" data-mrf-recirculation=\"Links inline\">Durante dos horas y media, el m\u00fasico se movi\u00f3 como pez en el agua, como si jam\u00e1s se hubiese ido:<\/p>\n<p class=\"paragraph\" data-mrf-recirculation=\"Links inline\">bailes sensuales, gritos, miradas c\u00f3mplices y esa sonrisa inoxidable que desde peque\u00f1o, en sus comienzos, fue su<\/p>\n<p class=\"paragraph\" data-mrf-recirculation=\"Links inline\">marca registrada y despert\u00f3 los gritos de sus fan\u00e1ticas, como los que en la jornada del viernes a la noche se<\/p>\n<p class=\"paragraph\" data-mrf-recirculation=\"Links inline\">escucharon en el estadio del barrio de <strong>Villa Crespo.<\/strong><\/p>\n<p data-mrf-recirculation=\"Links inline\">\n<p class=\"paragraph\" data-mrf-recirculation=\"Links inline\">Desde su llegada a Buenos Aires, ciudad que eligi\u00f3 para dar comienzo a su gira mundial que lo llevar\u00e1 por<\/p>\n<p class=\"paragraph\" data-mrf-recirculation=\"Links inline\">Sudam\u00e9rica, Estados Unidos y M\u00e9xico producido por <b>Fenix Entertainment<\/b>\u00a0y\u00a0<b>CMN<\/b><\/p>\n<p class=\"paragraph\" data-mrf-recirculation=\"Links inline\">\u00a0comenzaron todo tipo de especulaciones sobre si realmente era \u00e9l o se trataba de un doble que ocupar\u00eda su lugar.<\/p>\n<p class=\"paragraph\" data-mrf-recirculation=\"Links inline\">\n<p class=\"paragraph\" data-mrf-recirculation=\"Links inline\">Es que el cambio f\u00edsico (tuvo una baja notable de peso) y su destreza alimentaron el mito, al que muchos suscribieron<\/p>\n<p class=\"paragraph\" data-mrf-recirculation=\"Links inline\">con conspiraciones de lo m\u00e1s diversas.<\/p>\n<p data-mrf-recirculation=\"Links inline\">\n<p class=\"paragraph\" data-mrf-recirculation=\"Links inline\">Nada m\u00e1s alejado, bast\u00f3 que sonase el primer acorde de \u201cSer\u00e1 que no me amas\u201d -el tema con el que abri\u00f3 su concierto<\/p>\n<p class=\"paragraph\" data-mrf-recirculation=\"Links inline\">&#8211; para confirmar que se trataba del mism\u00edsimo Luismi y que su incre\u00edble registro vocal sigue vigente como siempre<\/p>\n<p class=\"paragraph\" data-mrf-recirculation=\"Links inline\">a sus 53 a\u00f1os, a\u00fan con el paso del tiempo y con las marcas que le pudieran haber dejado los excesos.<\/p>\n<p class=\"paragraph\" data-mrf-recirculation=\"Links inline\">\n<p class=\"paragraph\" data-mrf-recirculation=\"Links inline\">Ya no quedaba espacio para teor\u00edas disparatadas,<b> \u00bfcu\u00e1ntos mortales pueden cantar as\u00ed?. (E)<\/b><\/p>\n<p data-mrf-recirculation=\"Links inline\">\n<p><iframe title=\"\u00a1LA ROMPI\u00d3! AS\u00cd FUE EL PRIMER SHOW DE LUIS MIGUEL EN ARGENTINA: SE LO VIO IMPECABLE Y SE CANT\u00d3 TODO\" width=\"1200\" height=\"675\" src=\"https:\/\/www.youtube.com\/embed\/OE03TsHV7IM?feature=oembed\" frameborder=\"0\" allow=\"accelerometer; autoplay; clipboard-write; encrypted-media; gyroscope; picture-in-picture; web-share\" referrerpolicy=\"strict-origin-when-cross-origin\" allowfullscreen><\/iframe><\/p>\n<p>&nbsp;<\/p>\n<p>Fuente: evafm.net &#8211; infobae.com<\/p>\n<div class=\"gsp_post_data\" \r\n\t            data-post_type=\"post\" \r\n\t            data-cat=\"general,musica-internacional\" \r\n\t            data-modified=\"120\"\r\n\t            data-created=\"1691254865\"\r\n\t            data-title=\"Luis Miguel deslumbro en Argentina\" \r\n\t            data-home=\"https:\/\/www.evafm.net\/sitio\"><\/div>","protected":false},"excerpt":{"rendered":"<p>Tuvieron que pasar una pandemia, las dos temporadas de la biopic que repasa su vida, un nuevo amor que lo transform\u00f3 todo y un largo proceso de resurgimiento personal para poder volver a verlo sobre un escenario. Pero si el resultado de la demora era esta versi\u00f3n de\u00a0Luis Miguel\u00a0vali\u00f3 la pena la espera de casi&#8230;<\/p>\n","protected":false},"author":5,"featured_media":75207,"comment_status":"closed","ping_status":"open","sticky":false,"template":"","format":"standard","meta":{"_joinchat":[],"footnotes":""},"categories":[1720,2],"tags":[],"class_list":["post-75206","post","type-post","status-publish","format-standard","has-post-thumbnail","hentry","category-general","category-musica-internacional","have-post-thumb"],"_links":{"self":[{"href":"https:\/\/www.evafm.net\/sitio\/wp-json\/wp\/v2\/posts\/75206","targetHints":{"allow":["GET"]}}],"collection":[{"href":"https:\/\/www.evafm.net\/sitio\/wp-json\/wp\/v2\/posts"}],"about":[{"href":"https:\/\/www.evafm.net\/sitio\/wp-json\/wp\/v2\/types\/post"}],"author":[{"embeddable":true,"href":"https:\/\/www.evafm.net\/sitio\/wp-json\/wp\/v2\/users\/5"}],"replies":[{"embeddable":true,"href":"https:\/\/www.evafm.net\/sitio\/wp-json\/wp\/v2\/comments?post=75206"}],"version-history":[{"count":1,"href":"https:\/\/www.evafm.net\/sitio\/wp-json\/wp\/v2\/posts\/75206\/revisions"}],"predecessor-version":[{"id":75208,"href":"https:\/\/www.evafm.net\/sitio\/wp-json\/wp\/v2\/posts\/75206\/revisions\/75208"}],"wp:featuredmedia":[{"embeddable":true,"href":"https:\/\/www.evafm.net\/sitio\/wp-json\/wp\/v2\/media\/75207"}],"wp:attachment":[{"href":"https:\/\/www.evafm.net\/sitio\/wp-json\/wp\/v2\/media?parent=75206"}],"wp:term":[{"taxonomy":"category","embeddable":true,"href":"https:\/\/www.evafm.net\/sitio\/wp-json\/wp\/v2\/categories?post=75206"},{"taxonomy":"post_tag","embeddable":true,"href":"https:\/\/www.evafm.net\/sitio\/wp-json\/wp\/v2\/tags?post=75206"}],"curies":[{"name":"wp","href":"https:\/\/api.w.org\/{rel}","templated":true}]}}