{"id":75237,"date":"2023-08-07T11:43:49","date_gmt":"2023-08-07T16:43:49","guid":{"rendered":"https:\/\/www.evafm.net\/sitio\/?p=75237"},"modified":"2023-08-07T11:43:49","modified_gmt":"2023-08-07T16:43:49","slug":"cumbaya-y-guayaquil-city-empataron-2-2-ligapro-2023","status":"publish","type":"post","link":"https:\/\/www.evafm.net\/sitio\/cumbaya-y-guayaquil-city-empataron-2-2-ligapro-2023\/","title":{"rendered":"Cumbay\u00e1 y Guayaquil City empataron 2- 2 LigaPro 2023"},"content":{"rendered":"<p>Continuamos con tiempo y espacio de <strong>LigaPro 2023 Fecha 1 Fase 2 Serie A , <\/strong>se enfrentaron<\/p>\n<p><strong>Cumbay\u00e1 FC vs Guayaquil City FC <\/strong>en el estadio <strong>Ol\u00edmpico Atahualpa.<\/strong><\/p>\n<p>&nbsp;<\/p>\n<p><b>Los Leones y Ciudadanos<\/b> brindaron un buen encuentro acompa\u00f1ado de goles y el resultado<\/p>\n<p>fue de<strong> 2 &#8211; 2<\/strong> . <strong>(D)<\/strong><\/p>\n<p>&nbsp;<\/p>\n<p><strong>Goles de Guayaquil City<\/strong><\/p>\n<p><strong>Miguel Parrales <\/strong>en el<strong> (minuto 35)<\/strong><\/p>\n<p><strong>Jord\u00e1n Rezaba<\/strong> en el <strong>(minuto 60)<\/strong><\/p>\n<p>&nbsp;<\/p>\n<p><b>Goles del Cumbay\u00e1:<\/b><\/p>\n<p><strong>Hancel Batalla<\/strong> en el <strong>(minuto 44 mediante pena m\u00e1xima y\u00a0 53)\u00a0<\/strong><\/p>\n<p>&nbsp;<\/p>\n<p>&nbsp;<\/p>\n<p><iframe title=\"RESUMEN | Cumbaya 2-2 Guayaquil City  | Fecha 1 - Fase 2 | LigaPro 2023\" width=\"1200\" height=\"675\" src=\"https:\/\/www.youtube.com\/embed\/GEruBkcCPxY?feature=oembed\" frameborder=\"0\" allow=\"accelerometer; autoplay; clipboard-write; encrypted-media; gyroscope; picture-in-picture; web-share\" referrerpolicy=\"strict-origin-when-cross-origin\" allowfullscreen><\/iframe><\/p>\n<p>&nbsp;<\/p>\n<p>Fuente: evafm.net &#8211; youtube.com<\/p>\n<p>&nbsp;<\/p>\n<div class=\"gsp_post_data\" \r\n\t            data-post_type=\"post\" \r\n\t            data-cat=\"deportes-ecuador\" \r\n\t            data-modified=\"120\"\r\n\t            data-created=\"1691408629\"\r\n\t            data-title=\"Cumbay\u00e1 y Guayaquil City empataron 2- 2 LigaPro 2023\" \r\n\t            data-home=\"https:\/\/www.evafm.net\/sitio\"><\/div>","protected":false},"excerpt":{"rendered":"<p>Continuamos con tiempo y espacio de LigaPro 2023 Fecha 1 Fase 2 Serie A , se enfrentaron Cumbay\u00e1 FC vs Guayaquil City FC en el estadio Ol\u00edmpico Atahualpa. &nbsp; Los Leones y Ciudadanos brindaron un buen encuentro acompa\u00f1ado de goles y el resultado fue de 2 &#8211; 2 . (D) &nbsp; Goles de Guayaquil City&#8230;<\/p>\n","protected":false},"author":5,"featured_media":75238,"comment_status":"closed","ping_status":"open","sticky":false,"template":"","format":"standard","meta":{"_joinchat":[],"footnotes":""},"categories":[1557],"tags":[],"class_list":["post-75237","post","type-post","status-publish","format-standard","has-post-thumbnail","hentry","category-deportes-ecuador","have-post-thumb"],"_links":{"self":[{"href":"https:\/\/www.evafm.net\/sitio\/wp-json\/wp\/v2\/posts\/75237","targetHints":{"allow":["GET"]}}],"collection":[{"href":"https:\/\/www.evafm.net\/sitio\/wp-json\/wp\/v2\/posts"}],"about":[{"href":"https:\/\/www.evafm.net\/sitio\/wp-json\/wp\/v2\/types\/post"}],"author":[{"embeddable":true,"href":"https:\/\/www.evafm.net\/sitio\/wp-json\/wp\/v2\/users\/5"}],"replies":[{"embeddable":true,"href":"https:\/\/www.evafm.net\/sitio\/wp-json\/wp\/v2\/comments?post=75237"}],"version-history":[{"count":1,"href":"https:\/\/www.evafm.net\/sitio\/wp-json\/wp\/v2\/posts\/75237\/revisions"}],"predecessor-version":[{"id":75239,"href":"https:\/\/www.evafm.net\/sitio\/wp-json\/wp\/v2\/posts\/75237\/revisions\/75239"}],"wp:featuredmedia":[{"embeddable":true,"href":"https:\/\/www.evafm.net\/sitio\/wp-json\/wp\/v2\/media\/75238"}],"wp:attachment":[{"href":"https:\/\/www.evafm.net\/sitio\/wp-json\/wp\/v2\/media?parent=75237"}],"wp:term":[{"taxonomy":"category","embeddable":true,"href":"https:\/\/www.evafm.net\/sitio\/wp-json\/wp\/v2\/categories?post=75237"},{"taxonomy":"post_tag","embeddable":true,"href":"https:\/\/www.evafm.net\/sitio\/wp-json\/wp\/v2\/tags?post=75237"}],"curies":[{"name":"wp","href":"https:\/\/api.w.org\/{rel}","templated":true}]}}