{"id":75252,"date":"2023-08-07T20:06:00","date_gmt":"2023-08-08T01:06:00","guid":{"rendered":"https:\/\/www.evafm.net\/sitio\/?p=75252"},"modified":"2023-08-07T20:06:00","modified_gmt":"2023-08-08T01:06:00","slug":"barcelona-sc-reestructuro-la-deuda-de-damian-diaz-a-seis-anos","status":"publish","type":"post","link":"https:\/\/www.evafm.net\/sitio\/barcelona-sc-reestructuro-la-deuda-de-damian-diaz-a-seis-anos\/","title":{"rendered":"Barcelona SC reestructur\u00f3 la deuda de Dami\u00e1n D\u00edaz a seis a\u00f1os"},"content":{"rendered":"<p><strong>Barcelona SC le debe alrededor de USD 2 millones y medio a Dami\u00e1n \u2018Kitu D\u00edaz\u2019<\/strong><\/p>\n<p>En un principio, la dirigencia amarilla reestructur\u00f3 la deuda, con el aval del jugador<\/p>\n<p>para pagarlos durante los <strong>pr\u00f3ximos cuatro a\u00f1os.<\/strong><\/p>\n<p>Pero ahora, el plazo para liquidar ese valor se extendi\u00f3.<\/p>\n<p>\u201cHemos reestructurado su deuda a seis a\u00f1os y mensualizada, lo que significa un punto muy<\/p>\n<p>grande a favor de una deuda muy importante\u201c, explic\u00f3 <strong>Alfaro Moreno.<\/strong><\/p>\n<p>El presidente de Barcelona SC tambi\u00e9n se\u00f1al\u00f3 que el \u2018Kitu\u2019 renovar\u00e1 su v\u00ednculo por dos<\/p>\n<p>temporadas m\u00e1s.<\/p>\n<p>Y agreg\u00f3 que, despu\u00e9s del segundo a\u00f1o de contrato, cobrar\u00e1 la deuda. <strong>(D)<\/strong><\/p>\n<blockquote class=\"twitter-tweet\" data-width=\"550\" data-dnt=\"true\">\n<p lang=\"es\" dir=\"ltr\">\u201cEst\u00e1 para firmar, eso ya est\u00e1 listo. Se va a quedar dos a\u00f1os y despu\u00e9s del segundo a\u00f1o empezar\u00e1 a cobrar su deuda\u201d.<\/p>\n<p>\ud83c\udf99\ufe0fAlfaro Moreno explic\u00f3 detalles de la renovaci\u00f3n de Dami\u00e1n D\u00edaz en <a href=\"https:\/\/twitter.com\/hashtag\/BarcelonaSC?src=hash&amp;ref_src=twsrc%5Etfw\">#BarcelonaSC<\/a>. <a href=\"https:\/\/t.co\/m0tWoluZnA\">pic.twitter.com\/m0tWoluZnA<\/a><\/p>\n<p>&mdash; Havoline Deportivo (@havolinedeport) <a href=\"https:\/\/twitter.com\/havolinedeport\/status\/1688659550486827008?ref_src=twsrc%5Etfw\">August 7, 2023<\/a><\/p><\/blockquote>\n<p><script async src=\"https:\/\/platform.twitter.com\/widgets.js\" charset=\"utf-8\"><\/script><\/p>\n<p>Fuente: evafm.net &#8211; primicias.ec<\/p>\n<div class=\"gsp_post_data\" \r\n\t            data-post_type=\"post\" \r\n\t            data-cat=\"deportes-ecuador\" \r\n\t            data-modified=\"120\"\r\n\t            data-created=\"1691438760\"\r\n\t            data-title=\"Barcelona SC reestructur\u00f3 la deuda de Dami\u00e1n D\u00edaz a seis a\u00f1os\" \r\n\t            data-home=\"https:\/\/www.evafm.net\/sitio\"><\/div>","protected":false},"excerpt":{"rendered":"<p>Barcelona SC le debe alrededor de USD 2 millones y medio a Dami\u00e1n \u2018Kitu D\u00edaz\u2019 En un principio, la dirigencia amarilla reestructur\u00f3 la deuda, con el aval del jugador para pagarlos durante los pr\u00f3ximos cuatro a\u00f1os. Pero ahora, el plazo para liquidar ese valor se extendi\u00f3. \u201cHemos reestructurado su deuda a seis a\u00f1os y mensualizada,&#8230;<\/p>\n","protected":false},"author":5,"featured_media":75254,"comment_status":"closed","ping_status":"open","sticky":false,"template":"","format":"standard","meta":{"_joinchat":[],"footnotes":""},"categories":[1557],"tags":[],"class_list":["post-75252","post","type-post","status-publish","format-standard","has-post-thumbnail","hentry","category-deportes-ecuador","have-post-thumb"],"_links":{"self":[{"href":"https:\/\/www.evafm.net\/sitio\/wp-json\/wp\/v2\/posts\/75252","targetHints":{"allow":["GET"]}}],"collection":[{"href":"https:\/\/www.evafm.net\/sitio\/wp-json\/wp\/v2\/posts"}],"about":[{"href":"https:\/\/www.evafm.net\/sitio\/wp-json\/wp\/v2\/types\/post"}],"author":[{"embeddable":true,"href":"https:\/\/www.evafm.net\/sitio\/wp-json\/wp\/v2\/users\/5"}],"replies":[{"embeddable":true,"href":"https:\/\/www.evafm.net\/sitio\/wp-json\/wp\/v2\/comments?post=75252"}],"version-history":[{"count":1,"href":"https:\/\/www.evafm.net\/sitio\/wp-json\/wp\/v2\/posts\/75252\/revisions"}],"predecessor-version":[{"id":75255,"href":"https:\/\/www.evafm.net\/sitio\/wp-json\/wp\/v2\/posts\/75252\/revisions\/75255"}],"wp:featuredmedia":[{"embeddable":true,"href":"https:\/\/www.evafm.net\/sitio\/wp-json\/wp\/v2\/media\/75254"}],"wp:attachment":[{"href":"https:\/\/www.evafm.net\/sitio\/wp-json\/wp\/v2\/media?parent=75252"}],"wp:term":[{"taxonomy":"category","embeddable":true,"href":"https:\/\/www.evafm.net\/sitio\/wp-json\/wp\/v2\/categories?post=75252"},{"taxonomy":"post_tag","embeddable":true,"href":"https:\/\/www.evafm.net\/sitio\/wp-json\/wp\/v2\/tags?post=75252"}],"curies":[{"name":"wp","href":"https:\/\/api.w.org\/{rel}","templated":true}]}}