{"id":75271,"date":"2023-08-09T13:07:07","date_gmt":"2023-08-09T18:07:07","guid":{"rendered":"https:\/\/www.evafm.net\/sitio\/?p=75271"},"modified":"2023-08-09T13:07:07","modified_gmt":"2023-08-09T18:07:07","slug":"america-minero-oficializo-como-nuevo-dt-a-fabian-bustos","status":"publish","type":"post","link":"https:\/\/www.evafm.net\/sitio\/america-minero-oficializo-como-nuevo-dt-a-fabian-bustos\/","title":{"rendered":"Am\u00e9rica Minero oficializo como nuevo DT a Fabi\u00e1n Bustos"},"content":{"rendered":"<p><strong>Fabi\u00e1n Bustos<\/strong>, ya tiene\u00a0 nuevo equipo se trata del <strong>Am\u00e9rica Mineiro MG de Belo Horizonte\u00a0<\/strong><\/p>\n<p>As\u00ed lo revel\u00f3 el periodista C\u00e9sar Merlo a trav\u00e9s de su cuenta de Twitter.<\/p>\n<p>&nbsp;<\/p>\n<p>en la cual se va reencontrar con <strong>Emmanuel Mart\u00ednez y Gonzalo Mastriano,<\/strong> jugador que dirigi\u00f3<\/p>\n<p>cuando se encontraba en <strong>BSC. <\/strong><\/p>\n<p>Por hora no se conocen m\u00e1s detalles acerca de su llegada al cuadro brasile\u00f1o. <strong>(D)<\/strong><\/p>\n<p>&nbsp;<\/p>\n<div class=\"css-1dbjc4n r-18u37iz r-15zivkp\">\n<div class=\"css-1dbjc4n r-1awozwy r-onrtq4 r-18kxxzh r-1b7u577\">\n<div class=\"css-1dbjc4n\" data-testid=\"Tweet-User-Avatar\">\n<div class=\"css-1dbjc4n r-18kxxzh r-1wbh5a2 r-13qz1uu\">\n<div class=\"css-1dbjc4n r-1wbh5a2 r-dnmrzs\">\n<div class=\"css-1dbjc4n r-1adg3ll r-eu3ka r-bztko3 r-1aockid\" data-testid=\"UserAvatar-Container-AmericaFC1912\">\n<div class=\"r-1p0dtai r-1pi2tsx r-1d2f490 r-u8s1d r-ipm5af r-13qz1uu\">\n<div class=\"css-1dbjc4n r-1adg3ll r-1pi2tsx r-1wyvozj r-bztko3 r-u8s1d r-1v2oles r-desppf r-13qz1uu\">\n<div class=\"r-1p0dtai r-1pi2tsx r-1d2f490 r-u8s1d r-ipm5af r-13qz1uu\">\n<div class=\"css-1dbjc4n r-sdzlij r-ggadg3 r-1udh08x r-u8s1d r-8jfcpp\">\n<div class=\"css-1dbjc4n r-14lw9ot r-sdzlij r-1wyvozj r-1udh08x r-633pao r-u8s1d r-1v2oles r-desppf\">\n<div class=\"css-1dbjc4n r-1adg3ll r-1udh08x\">\n<div class=\"r-1adg3ll r-13qz1uu\"><\/div>\n<div class=\"r-1p0dtai r-1pi2tsx r-1d2f490 r-u8s1d r-ipm5af r-13qz1uu\">\n<div class=\"css-1dbjc4n r-1p0dtai r-1mlwlqe r-1d2f490 r-1udh08x r-u8s1d r-zchlnj r-ipm5af r-417010\" aria-label=\"\">\n<div class=\"css-1dbjc4n r-1niwhzg r-vvn4in r-u6sd8q r-4gszlv r-1p0dtai r-1pi2tsx r-1d2f490 r-u8s1d r-zchlnj r-ipm5af r-13qz1uu r-1wyyakw\"><\/div>\n<p><img decoding=\"async\" class=\"css-9pa8cd\" src=\"https:\/\/pbs.twimg.com\/profile_images\/1542356713302626304\/JmmqCRh4_normal.jpg\" alt=\"\" \/><\/div>\n<\/div>\n<\/div>\n<\/div>\n<div class=\"css-1dbjc4n r-sdzlij r-1wyvozj r-1udh08x r-u8s1d r-1v2oles r-desppf\">\n<div class=\"css-1dbjc4n r-12181gd r-1pi2tsx r-1ny4l3l r-o7ynqc r-6416eg r-13qz1uu\"><\/div>\n<\/div>\n<\/div>\n<\/div>\n<\/div>\n<\/div>\n<\/div>\n<\/div>\n<\/div>\n<\/div>\n<\/div>\n<div class=\"css-1dbjc4n r-1iusvr4 r-16y2uox r-1777fci\">\n<div class=\"css-1dbjc4n r-zl2h9q\">\n<div class=\"css-1dbjc4n r-k4xj1c r-18u37iz r-1wtj0ep\">\n<div class=\"css-1dbjc4n r-1d09ksm r-18u37iz r-1wbh5a2\">\n<div class=\"css-1dbjc4n r-1wbh5a2 r-dnmrzs r-1ny4l3l\">\n<div id=\"id__remnx05gs7\" class=\"css-1dbjc4n r-1wbh5a2 r-dnmrzs r-1ny4l3l\" data-testid=\"User-Name\">\n<div class=\"css-1dbjc4n r-1awozwy r-18u37iz r-1wbh5a2 r-dnmrzs\">\n<div class=\"css-1dbjc4n r-1wbh5a2 r-dnmrzs\">\n<div class=\"css-1dbjc4n r-1awozwy r-18u37iz r-1wbh5a2 r-dnmrzs\">\n<div class=\"css-901oao r-1awozwy r-18jsvk2 r-6koalj r-37j5jr r-a023e6 r-b88u0q r-rjixqe r-bcqeeo r-1udh08x r-3s2u2q r-qvutc0\" dir=\"ltr\"><strong><span class=\"css-901oao css-16my406 css-1hf3ou5 r-poiln3 r-bcqeeo r-qvutc0\"><span class=\"css-901oao css-16my406 r-poiln3 r-bcqeeo r-qvutc0\">Am\u00e9rica FC\u00a0<\/span><\/span><\/strong><\/div>\n<div class=\"css-901oao r-18jsvk2 r-xoduu5 r-18u37iz r-1q142lx r-37j5jr r-a023e6 r-16dba41 r-rjixqe r-bcqeeo r-qvutc0\" dir=\"ltr\"><\/div>\n<\/div>\n<\/div>\n<\/div>\n<div class=\"css-1dbjc4n r-18u37iz r-1wbh5a2\">\n<div class=\"css-1dbjc4n r-1d09ksm r-18u37iz r-1wbh5a2\">\n<div class=\"css-1dbjc4n r-1wbh5a2 r-dnmrzs\">\n<div class=\"css-901oao css-1hf3ou5 r-14j79pv r-18u37iz r-37j5jr r-1wvb978 r-a023e6 r-16dba41 r-rjixqe r-bcqeeo r-qvutc0\" dir=\"ltr\"><strong><span class=\"css-901oao css-16my406 r-poiln3 r-bcqeeo r-qvutc0\">@AmericaFC1912<\/span><\/strong><\/div>\n<\/div>\n<\/div>\n<\/div>\n<\/div>\n<\/div>\n<\/div>\n<div class=\"css-1dbjc4n r-1joea0r\">\n<div class=\"css-1dbjc4n r-18u37iz r-1ssbvtb r-1wtj0ep\">\n<div class=\"css-1dbjc4n r-1awozwy r-6koalj r-18u37iz\">\n<div class=\"css-1dbjc4n\">\n<div class=\"css-1dbjc4n r-18u37iz r-1h0z5md\">\n<div class=\"css-18t94o4 css-1dbjc4n r-1777fci r-bt1l66 r-1ny4l3l r-bztko3 r-lrvibr\" role=\"button\" aria-label=\"M\u00e1s opciones\" data-testid=\"caret\">\n<div class=\"css-901oao r-1awozwy r-14j79pv r-6koalj r-37j5jr r-a023e6 r-16dba41 r-1h0z5md r-rjixqe r-bcqeeo r-o7ynqc r-clp7b1 r-3s2u2q r-qvutc0\" dir=\"ltr\">\n<div class=\"css-1dbjc4n r-xoduu5\">\n<div class=\"css-1dbjc4n r-1niwhzg r-sdzlij r-1p0dtai r-xoduu5 r-1d2f490 r-xf4iuw r-1ny4l3l r-u8s1d r-zchlnj r-ipm5af r-o7ynqc r-6416eg\"><\/div>\n<\/div>\n<\/div>\n<\/div>\n<\/div>\n<\/div>\n<\/div>\n<\/div>\n<\/div>\n<\/div>\n<\/div>\n<\/div>\n<\/div>\n<div class=\"css-1dbjc4n\">\n<div class=\"css-1dbjc4n\">\n<div class=\"css-1dbjc4n r-1s2bzr4\">\n<div id=\"id__f5k3fy6wath\" class=\"css-901oao r-18jsvk2 r-37j5jr r-1inkyih r-16dba41 r-135wba7 r-bcqeeo r-bnwqim r-qvutc0\" dir=\"auto\" lang=\"pt\" data-testid=\"tweetText\"><span class=\"css-901oao css-16my406 r-poiln3 r-bcqeeo r-qvutc0\">FABI\u00c1N BUSTOS \u00c9 DO <\/span><span class=\"r-18u37iz\">#COELH\u00c3O<\/span><span class=\"css-901oao css-16my406 r-poiln3 r-bcqeeo r-qvutc0\">! <\/span><span class=\"css-901oao css-16my406 r-poiln3 r-bcqeeo r-qvutc0\"> O t\u00e9cnico argentino assinou at\u00e9 o fim de 2024! A chegada<\/span><\/div>\n<div class=\"css-901oao r-18jsvk2 r-37j5jr r-1inkyih r-16dba41 r-135wba7 r-bcqeeo r-bnwqim r-qvutc0\" dir=\"auto\" lang=\"pt\" data-testid=\"tweetText\"><span class=\"css-901oao css-16my406 r-poiln3 r-bcqeeo r-qvutc0\"> do Fabi\u00e1n Bustos \u00e9 prevista para esta quarta em S\u00e3o Paulo!<\/span><\/div>\n<div class=\"css-901oao r-18jsvk2 r-37j5jr r-1inkyih r-16dba41 r-135wba7 r-bcqeeo r-bnwqim r-qvutc0\" dir=\"auto\" lang=\"pt\" data-testid=\"tweetText\"><span class=\"css-901oao css-16my406 r-poiln3 r-bcqeeo r-qvutc0\"> Seja muito bem-vindo! <\/span> <span class=\"css-901oao css-16my406 r-poiln3 r-hiw28u r-qvk6io r-bcqeeo r-qvutc0\" aria-hidden=\"true\">https:\/\/<\/span>americafc.com.br\/fabian-bustos-<span class=\"css-901oao css-16my406 r-poiln3 r-hiw28u r-qvk6io r-bcqeeo r-qvutc0\" aria-hidden=\"true\">e-o-novo-tecnico-do-america<\/span><span class=\"css-901oao css-16my406 r-poiln3 r-bcqeeo r-lrvibr r-qvutc0\" aria-hidden=\"true\">\u2026<\/span><\/div>\n<div class=\"css-901oao r-18jsvk2 r-37j5jr r-1inkyih r-16dba41 r-135wba7 r-bcqeeo r-bnwqim r-qvutc0\" dir=\"auto\" lang=\"pt\" data-testid=\"tweetText\"><span class=\"css-901oao css-16my406 r-poiln3 r-bcqeeo r-qvutc0\"> Theo Carelli \/ Am\u00e9rica<\/span><\/div>\n<\/div>\n<\/div>\n<\/div>\n<p>&nbsp;<\/p>\n<p>&nbsp;<\/p>\n<p><img decoding=\"async\" src=\"https:\/\/pbs.twimg.com\/media\/F3CzX_ZXcAAOD20?format=webp&amp;name=small\" alt=\"Imagen\" \/><\/p>\n<p>&nbsp;<\/p>\n<p>&nbsp;<\/p>\n<p>Fuente: evafm.net &#8211; studiofutbol.com.ec<\/p>\n<p>&nbsp;<\/p>\n<div class=\"gsp_post_data\" \r\n\t            data-post_type=\"post\" \r\n\t            data-cat=\"deportes-internacionales\" \r\n\t            data-modified=\"120\"\r\n\t            data-created=\"1691586427\"\r\n\t            data-title=\"Am\u00e9rica Minero oficializo como nuevo DT a Fabi\u00e1n Bustos\" \r\n\t            data-home=\"https:\/\/www.evafm.net\/sitio\"><\/div>","protected":false},"excerpt":{"rendered":"<p>Fabi\u00e1n Bustos, ya tiene\u00a0 nuevo equipo se trata del Am\u00e9rica Mineiro MG de Belo Horizonte\u00a0 As\u00ed lo revel\u00f3 el periodista C\u00e9sar Merlo a trav\u00e9s de su cuenta de Twitter. &nbsp; en la cual se va reencontrar con Emmanuel Mart\u00ednez y Gonzalo Mastriano, jugador que dirigi\u00f3 cuando se encontraba en BSC. Por hora no se conocen&#8230;<\/p>\n","protected":false},"author":5,"featured_media":75272,"comment_status":"closed","ping_status":"open","sticky":false,"template":"","format":"standard","meta":{"_joinchat":[],"footnotes":""},"categories":[1342],"tags":[],"class_list":["post-75271","post","type-post","status-publish","format-standard","has-post-thumbnail","hentry","category-deportes-internacionales","have-post-thumb"],"_links":{"self":[{"href":"https:\/\/www.evafm.net\/sitio\/wp-json\/wp\/v2\/posts\/75271","targetHints":{"allow":["GET"]}}],"collection":[{"href":"https:\/\/www.evafm.net\/sitio\/wp-json\/wp\/v2\/posts"}],"about":[{"href":"https:\/\/www.evafm.net\/sitio\/wp-json\/wp\/v2\/types\/post"}],"author":[{"embeddable":true,"href":"https:\/\/www.evafm.net\/sitio\/wp-json\/wp\/v2\/users\/5"}],"replies":[{"embeddable":true,"href":"https:\/\/www.evafm.net\/sitio\/wp-json\/wp\/v2\/comments?post=75271"}],"version-history":[{"count":1,"href":"https:\/\/www.evafm.net\/sitio\/wp-json\/wp\/v2\/posts\/75271\/revisions"}],"predecessor-version":[{"id":75273,"href":"https:\/\/www.evafm.net\/sitio\/wp-json\/wp\/v2\/posts\/75271\/revisions\/75273"}],"wp:featuredmedia":[{"embeddable":true,"href":"https:\/\/www.evafm.net\/sitio\/wp-json\/wp\/v2\/media\/75272"}],"wp:attachment":[{"href":"https:\/\/www.evafm.net\/sitio\/wp-json\/wp\/v2\/media?parent=75271"}],"wp:term":[{"taxonomy":"category","embeddable":true,"href":"https:\/\/www.evafm.net\/sitio\/wp-json\/wp\/v2\/categories?post=75271"},{"taxonomy":"post_tag","embeddable":true,"href":"https:\/\/www.evafm.net\/sitio\/wp-json\/wp\/v2\/tags?post=75271"}],"curies":[{"name":"wp","href":"https:\/\/api.w.org\/{rel}","templated":true}]}}