{"id":75318,"date":"2023-08-11T18:48:28","date_gmt":"2023-08-11T23:48:28","guid":{"rendered":"https:\/\/www.evafm.net\/sitio\/?p=75318"},"modified":"2023-08-11T18:48:28","modified_gmt":"2023-08-11T23:48:28","slug":"courtois-se-rompe-el-ligamento-cruzado-anterior-de-la-rodilla","status":"publish","type":"post","link":"https:\/\/www.evafm.net\/sitio\/courtois-se-rompe-el-ligamento-cruzado-anterior-de-la-rodilla\/","title":{"rendered":"Courtois se rompe el ligamento cruzado anterior de la rodilla"},"content":{"rendered":"<p>Tras las pruebas realizadas a nuestro jugador Thibaut Courtois se le ha diagnosticado una rotura del ligamento<\/p>\n<p>cruzado anterior de la rodilla izquierda.<\/p>\n<p>&nbsp;<\/p>\n<p>El jugador ser\u00e1 intervenido quir\u00fargicamente en los pr\u00f3ximos d\u00edas\u201d, comparti\u00f3 el club en su p\u00e1gina web.<\/p>\n<p>&nbsp;<\/p>\n<p>Una baja para el <strong>Real Madrid<\/strong> a dos d\u00edas de empezar la temporada de forma oficial, visitando al<\/p>\n<p>Athletic Club en Sam Mam\u00e9s el s\u00e1bado, al tratarse del guardameta titular y un futbolista clave en los \u00e9xitos<\/p>\n<p>recientes del club.<\/p>\n<p>Courtois, de 31 a\u00f1os, afronta la lesi\u00f3n m\u00e1s importante de su carrera deportiva desde que en septiembre de<\/p>\n<p>2015 sufriera un desgarro en el menisco, del que se recuper\u00f3 en tres meses.<\/p>\n<p>Sin embargo, en esta ocasi\u00f3n, la rotura del ligamento cruzado anterior de la rodilla izquierda podr\u00eda tenerle<\/p>\n<p>de baja toda o casi toda la temporada, dependiendo de su evoluci\u00f3n.<\/p>\n<p>&nbsp;<\/p>\n<p>Tras confirmarse la lesi\u00f3n, el Real Madrid se queda, a 21 d\u00edas de que cierre el mercado de fichajes, con un<\/p>\n<p>portero inscrito en la primera plantilla, el <strong>ucraniano Andriy Lunin; <\/strong><\/p>\n<p>quien ha disputado 17 partidos con el conjunto blanco en los que ha encajado 19 goles. <strong>(D)<\/strong><\/p>\n<p>&nbsp;<\/p>\n<p>&nbsp;<\/p>\n<p><img fetchpriority=\"high\" decoding=\"async\" class=\"\" src=\"https:\/\/www.prensalibre.com\/wp-content\/uploads\/2023\/08\/courtois-lesion.jpg?quality=52\" alt=\"Fuera casi toda la temporada: Courtois se rompe ligamento de la rodilla  izquierda en el entrenamiento del Real Madrid\" width=\"572\" height=\"316\" \/><\/p>\n<p>&nbsp;<\/p>\n<div class=\"css-1dbjc4n r-zl2h9q\">\n<div class=\"css-1dbjc4n r-k4xj1c r-18u37iz r-1wtj0ep\">\n<div class=\"css-1dbjc4n r-1d09ksm r-18u37iz r-1wbh5a2\">\n<div class=\"css-1dbjc4n r-1wbh5a2 r-dnmrzs r-1ny4l3l\">\n<div id=\"id__52ldaornl3c\" class=\"css-1dbjc4n r-1awozwy r-18u37iz r-1wbh5a2 r-dnmrzs r-1ny4l3l\" data-testid=\"User-Name\">\n<div class=\"css-1dbjc4n r-1awozwy r-18u37iz r-1wbh5a2 r-dnmrzs\">\n<div class=\"css-1dbjc4n r-1wbh5a2 r-dnmrzs\">\n<div class=\"css-1dbjc4n r-1awozwy r-18u37iz r-1wbh5a2 r-dnmrzs\">\n<div class=\"css-901oao r-1awozwy r-18jsvk2 r-6koalj r-37j5jr r-a023e6 r-b88u0q r-rjixqe r-bcqeeo r-1udh08x r-3s2u2q r-qvutc0\" dir=\"ltr\"><strong><span class=\"css-901oao css-16my406 css-1hf3ou5 r-poiln3 r-bcqeeo r-qvutc0\"><span class=\"css-901oao css-16my406 r-poiln3 r-bcqeeo r-qvutc0\">Real Madrid C.F.<\/span><\/span><\/strong><\/div>\n<div class=\"css-901oao r-18jsvk2 r-xoduu5 r-18u37iz r-1q142lx r-37j5jr r-a023e6 r-16dba41 r-rjixqe r-bcqeeo r-qvutc0\" dir=\"ltr\"><\/div>\n<\/div>\n<\/div>\n<\/div>\n<div class=\"css-1dbjc4n r-18u37iz r-1wbh5a2 r-13hce6t\">\n<div class=\"css-1dbjc4n r-1d09ksm r-18u37iz r-1wbh5a2\">\n<div class=\"css-1dbjc4n r-1wbh5a2 r-dnmrzs\">\n<div class=\"css-901oao css-1hf3ou5 r-14j79pv r-18u37iz r-37j5jr r-1wvb978 r-a023e6 r-16dba41 r-rjixqe r-bcqeeo r-qvutc0\" dir=\"ltr\"><strong><span class=\"css-901oao css-16my406 r-poiln3 r-bcqeeo r-qvutc0\">@realmadrid<\/span><\/strong><\/div>\n<\/div>\n<div class=\"css-901oao r-14j79pv r-1q142lx r-37j5jr r-a023e6 r-16dba41 r-rjixqe r-bcqeeo r-s1qlax r-qvutc0\" dir=\"ltr\" aria-hidden=\"true\"><\/div>\n<\/div>\n<\/div>\n<\/div>\n<\/div>\n<\/div>\n<div class=\"css-1dbjc4n r-1joea0r\">\n<div class=\"css-1dbjc4n r-18u37iz r-1ssbvtb r-1wtj0ep\">\n<div class=\"css-1dbjc4n r-1awozwy r-6koalj r-18u37iz\">\n<div class=\"css-1dbjc4n\">\n<div class=\"css-1dbjc4n r-18u37iz r-1h0z5md\">\n<div class=\"css-18t94o4 css-1dbjc4n r-1777fci r-bt1l66 r-1ny4l3l r-bztko3 r-lrvibr\" role=\"button\" aria-label=\"M\u00e1s opciones\" data-testid=\"caret\">\n<div class=\"css-901oao r-1awozwy r-14j79pv r-6koalj r-37j5jr r-a023e6 r-16dba41 r-1h0z5md r-rjixqe r-bcqeeo r-o7ynqc r-clp7b1 r-3s2u2q r-qvutc0\" dir=\"ltr\">\n<div class=\"css-1dbjc4n r-xoduu5\">\n<div class=\"css-1dbjc4n r-1niwhzg r-sdzlij r-1p0dtai r-xoduu5 r-1d2f490 r-xf4iuw r-1ny4l3l r-u8s1d r-zchlnj r-ipm5af r-o7ynqc r-6416eg\"><\/div>\n<\/div>\n<\/div>\n<\/div>\n<\/div>\n<\/div>\n<\/div>\n<\/div>\n<\/div>\n<\/div>\n<\/div>\n<div class=\"css-1dbjc4n\">\n<div id=\"id__vkhviw1xrjd\" class=\"css-901oao r-18jsvk2 r-37j5jr r-a023e6 r-16dba41 r-rjixqe r-bcqeeo r-bnwqim r-qvutc0\" dir=\"auto\" lang=\"es\" data-testid=\"tweetText\"><strong><span class=\"css-901oao css-16my406 r-poiln3 r-bcqeeo r-qvutc0\"> Estamos contigo, <\/span><\/strong><\/p>\n<div class=\"css-1dbjc4n r-xoduu5\"><span class=\"r-18u37iz\">@thibautcourtois<\/span><\/div>\n<p><span class=\"css-901oao css-16my406 r-poiln3 r-bcqeeo r-qvutc0\">. <\/span><span class=\"r-18u37iz\">#RealMadrid<\/span><\/div>\n<\/div>\n<p>&nbsp;<\/p>\n<p><img decoding=\"async\" src=\"https:\/\/pbs.twimg.com\/media\/F3LoGKbXgAA1cpT?format=jpg&amp;name=small\" alt=\"Imagen\" \/><\/p>\n<p>&nbsp;<\/p>\n<p>Fuente: evafm.net &#8211; primicias.ec<\/p>\n<div class=\"gsp_post_data\" \r\n\t            data-post_type=\"post\" \r\n\t            data-cat=\"deportes-internacionales\" \r\n\t            data-modified=\"120\"\r\n\t            data-created=\"1691779708\"\r\n\t            data-title=\"Courtois se rompe el ligamento cruzado anterior de la rodilla\" \r\n\t            data-home=\"https:\/\/www.evafm.net\/sitio\"><\/div>","protected":false},"excerpt":{"rendered":"<p>Tras las pruebas realizadas a nuestro jugador Thibaut Courtois se le ha diagnosticado una rotura del ligamento cruzado anterior de la rodilla izquierda. &nbsp; El jugador ser\u00e1 intervenido quir\u00fargicamente en los pr\u00f3ximos d\u00edas\u201d, comparti\u00f3 el club en su p\u00e1gina web. &nbsp; Una baja para el Real Madrid a dos d\u00edas de empezar la temporada de&#8230;<\/p>\n","protected":false},"author":5,"featured_media":75319,"comment_status":"closed","ping_status":"open","sticky":false,"template":"","format":"standard","meta":{"_joinchat":[],"footnotes":""},"categories":[1342],"tags":[],"class_list":["post-75318","post","type-post","status-publish","format-standard","has-post-thumbnail","hentry","category-deportes-internacionales","have-post-thumb"],"_links":{"self":[{"href":"https:\/\/www.evafm.net\/sitio\/wp-json\/wp\/v2\/posts\/75318","targetHints":{"allow":["GET"]}}],"collection":[{"href":"https:\/\/www.evafm.net\/sitio\/wp-json\/wp\/v2\/posts"}],"about":[{"href":"https:\/\/www.evafm.net\/sitio\/wp-json\/wp\/v2\/types\/post"}],"author":[{"embeddable":true,"href":"https:\/\/www.evafm.net\/sitio\/wp-json\/wp\/v2\/users\/5"}],"replies":[{"embeddable":true,"href":"https:\/\/www.evafm.net\/sitio\/wp-json\/wp\/v2\/comments?post=75318"}],"version-history":[{"count":1,"href":"https:\/\/www.evafm.net\/sitio\/wp-json\/wp\/v2\/posts\/75318\/revisions"}],"predecessor-version":[{"id":75320,"href":"https:\/\/www.evafm.net\/sitio\/wp-json\/wp\/v2\/posts\/75318\/revisions\/75320"}],"wp:featuredmedia":[{"embeddable":true,"href":"https:\/\/www.evafm.net\/sitio\/wp-json\/wp\/v2\/media\/75319"}],"wp:attachment":[{"href":"https:\/\/www.evafm.net\/sitio\/wp-json\/wp\/v2\/media?parent=75318"}],"wp:term":[{"taxonomy":"category","embeddable":true,"href":"https:\/\/www.evafm.net\/sitio\/wp-json\/wp\/v2\/categories?post=75318"},{"taxonomy":"post_tag","embeddable":true,"href":"https:\/\/www.evafm.net\/sitio\/wp-json\/wp\/v2\/tags?post=75318"}],"curies":[{"name":"wp","href":"https:\/\/api.w.org\/{rel}","templated":true}]}}