{"id":75545,"date":"2023-08-21T18:36:30","date_gmt":"2023-08-21T23:36:30","guid":{"rendered":"https:\/\/www.evafm.net\/sitio\/?p=75545"},"modified":"2023-08-21T18:36:30","modified_gmt":"2023-08-21T23:36:30","slug":"xochitl-galvez-la-mujer-que-sacude-la-politica-mexicana","status":"publish","type":"post","link":"https:\/\/www.evafm.net\/sitio\/xochitl-galvez-la-mujer-que-sacude-la-politica-mexicana\/","title":{"rendered":"X\u00f3chitl G\u00e1lvez, la mujer que sacude la pol\u00edtica mexicana"},"content":{"rendered":"<p>En el coraz\u00f3n de la pol\u00edtica mexicana, una figura se destaca:\u00a0<b>X\u00f3chitl G\u00e1lvez<\/b>.<\/p>\n<p>La mujer ind\u00edgena, con un rostro ancho y una historia de superaci\u00f3n, est\u00e1 desafiando el status quo<\/p>\n<p>y sacudiendo las estructuras tradicionales del poder.<\/p>\n<p>En una reciente\u00a0<b>entrevista con David Ignacio para\u00a0<\/b><i><b>The Washington Post<\/b><\/i>, comparti\u00f3 su viaje<\/p>\n<p>desde sus humildes comienzos hasta su actual posici\u00f3n como principal candidata de la oposici\u00f3n.<\/p>\n<p>&nbsp;<\/p>\n<p>Criada en la pobreza extrema, X\u00f3chitl G\u00e1lvez desafi\u00f3 las expectativas y las protestas de su padre<\/p>\n<p>alcoh\u00f3lico y abusivo para estudiar matem\u00e1ticas.<b>\u00a0<\/b><\/p>\n<p><b>Su valent\u00eda se manifest\u00f3 temprano: a los 17 a\u00f1os defendi\u00f3 su honor contra un atacante <\/b><\/p>\n<p><b>en Iztapalapa<\/b>, uno de los barrios m\u00e1s violentos de la Ciudad de M\u00e9xico.<\/p>\n<p>&nbsp;<\/p>\n<p>\u201cCuando le gan\u00e9 a ese tipo, me di cuenta de que era una mujer valiente.<\/p>\n<p>Desde entonces, nunca he tenido miedo de nadie\u201d, confes\u00f3 a David Ignacio.<\/p>\n<p>&nbsp;<\/p>\n<p>&nbsp;<\/p>\n<p class=\"paragraph\" data-mrf-recirculation=\"Links inline\">Ahora, su valent\u00eda se dirige hacia un objetivo m\u00e1s grande: el presidente<\/p>\n<p class=\"paragraph\" data-mrf-recirculation=\"Links inline\"><b>Andr\u00e9s Manuel <\/b><b>L\u00f3pez Obrador<\/b>.<\/p>\n<p class=\"paragraph\" data-mrf-recirculation=\"Links inline\">A pesar de los ataques y las cr\u00edticas del gobierno, X\u00f3chitl G\u00e1lvez no se amedrenta.<\/p>\n<p data-mrf-recirculation=\"Links inline\">\n<p class=\"paragraph\" data-mrf-recirculation=\"Links inline\">\u201cTengo los ovarios para enfrentarlo\u201d, declar\u00f3 audazmente en una reciente charla en Chihuahua<\/p>\n<p class=\"paragraph\" data-mrf-recirculation=\"Links inline\">seg\u00fan relat\u00f3 uno de sus asesores a <strong><i>The Washington Post<\/i>.<\/strong><\/p>\n<p data-mrf-recirculation=\"Links inline\">\n<p class=\"paragraph\" data-mrf-recirculation=\"Links inline\">Pero, \u00bfqu\u00e9 hace que X\u00f3chitl G\u00e1lvez sea tan especial? No es solo su historia de superaci\u00f3n o su<\/p>\n<p class=\"paragraph\" data-mrf-recirculation=\"Links inline\">valent\u00eda.<\/p>\n<p class=\"paragraph\" data-mrf-recirculation=\"Links inline\">Es su autenticidad. Ya sea montando una bicicleta el\u00e9ctrica por la ciudad o disfraz\u00e1ndose de<\/p>\n<p class=\"paragraph\" data-mrf-recirculation=\"Links inline\">tiranosaurio rex para protestar contra las reformas propuestas por<\/p>\n<p class=\"paragraph\" data-mrf-recirculation=\"Links inline\">L\u00f3pez Obrador, ella se mantiene fiel a s\u00ed misma.<\/p>\n<p data-mrf-recirculation=\"Links inline\">\n<p class=\"paragraph\" data-mrf-recirculation=\"Links inline\">Y el pueblo mexicano lo nota.<\/p>\n<p class=\"paragraph\" data-mrf-recirculation=\"Links inline\">Las\u00a0<b>encuestas sugieren que podr\u00eda ganar las primarias del 3 de septiembre<\/b><\/p>\n<p class=\"paragraph\" data-mrf-recirculation=\"Links inline\"><b> posicion\u00e1ndose <\/b><b>como la principal candida<\/b><strong>ta<\/strong> de la coalici\u00f3n opositora para las<\/p>\n<p class=\"paragraph\" data-mrf-recirculation=\"Links inline\">elecciones presidenciales de junio.<\/p>\n<p data-mrf-recirculation=\"Links inline\">\n<p class=\"paragraph\" data-mrf-recirculation=\"Links inline\">Sin embargo, el camino hacia la presidencia no ser\u00e1 f\u00e1cil.\u00a0<b>Jorge Casta\u00f1eda<\/b><\/p>\n<p class=\"paragraph\" data-mrf-recirculation=\"Links inline\">\u00a0exsecretario de Relaciones Exteriores de M\u00e9xico, se\u00f1al\u00f3 en conversaciones con<\/p>\n<p class=\"paragraph\" data-mrf-recirculation=\"Links inline\">David Ignacio que, aunque L\u00f3pez Obrador no pueda postularse nuevamente<\/p>\n<p class=\"paragraph\" data-mrf-recirculation=\"Links inline\">probablemente seguir\u00e1 siendo una figura dominante en la pol\u00edtica mexicana.<\/p>\n<p data-mrf-recirculation=\"Links inline\">\n<p class=\"paragraph\" data-mrf-recirculation=\"Links inline\"><strong>X\u00f3chitl G\u00e1lvez es consciente de los desaf\u00edos. <\/strong><\/p>\n<p class=\"paragraph\" data-mrf-recirculation=\"Links inline\">En su entrevista con\u00a0<i>The Washington Post<\/i>\u00a0habl\u00f3 sobre la corrupci\u00f3n y la ineptitud<\/p>\n<p class=\"paragraph\" data-mrf-recirculation=\"Links inline\">de la polic\u00eda, y c\u00f3mo estos problemas han alimentado la violencia en M\u00e9xico.<\/p>\n<p data-mrf-recirculation=\"Links inline\">\n<p class=\"paragraph\" data-mrf-recirculation=\"Links inline\">Aunque no revel\u00f3 todos los detalles de su plan, dej\u00f3 claro que su gobierno se basar\u00eda<\/p>\n<p class=\"paragraph\" data-mrf-recirculation=\"Links inline\">en el Estado de derecho.<\/p>\n<p class=\"paragraph\" data-mrf-recirculation=\"Links inline\">Adem\u00e1s, no teme hablar sobre el Ej\u00e9rcito mexicano que ha ganado poder bajo<\/p>\n<p class=\"paragraph\" data-mrf-recirculation=\"Links inline\">L\u00f3pez Obrador.<\/p>\n<p data-mrf-recirculation=\"Links inline\">\n<p class=\"paragraph\" data-mrf-recirculation=\"Links inline\"><b>\u201cEl Ej\u00e9rcito esp\u00eda a sus ciudadanos y me esp\u00edan a m\u00ed\u201d, afirm\u00f3<\/b>, a\u00f1adiendo<\/p>\n<p class=\"paragraph\" data-mrf-recirculation=\"Links inline\">que est\u00e1 siendo mal utilizado y necesita volver a su verdadero prop\u00f3sito.<\/p>\n<p data-mrf-recirculation=\"Links inline\">\n<p class=\"paragraph\" data-mrf-recirculation=\"Links inline\">M\u00e1s all\u00e1 de la pol\u00edtica, X\u00f3chitl G\u00e1lvez representa algo m\u00e1s profundo para M\u00e9xico.<\/p>\n<p class=\"paragraph\" data-mrf-recirculation=\"Links inline\">Como mujer ind\u00edgena lleva consigo siglos de historia y lucha.<\/p>\n<p class=\"paragraph\" data-mrf-recirculation=\"Links inline\">Su visi\u00f3n para M\u00e9xico es ambiciosa, buscando reformar la econom\u00eda de libre mercado<\/p>\n<p class=\"paragraph\" data-mrf-recirculation=\"Links inline\">del pa\u00eds para hacerla m\u00e1s justa.<\/p>\n<p class=\"paragraph\" data-mrf-recirculation=\"Links inline\">\n<p class=\"paragraph\" data-mrf-recirculation=\"Links inline\">Como ella misma le dijo a David Ignacio, en la cultura ind\u00edgena, el \u00fanico pecado que<\/p>\n<p class=\"paragraph\" data-mrf-recirculation=\"Links inline\">lleva al infierno es quedarse con m\u00e1s dinero del que uno necesita.<\/p>\n<p data-mrf-recirculation=\"Links inline\">\n<p class=\"paragraph\" data-mrf-recirculation=\"Links inline\">En un mundo donde la democracia est\u00e1 bajo amenaza, voces como la de X\u00f3chitl G\u00e1lvez<\/p>\n<p class=\"paragraph\" data-mrf-recirculation=\"Links inline\">son esenciales.<\/p>\n<p data-mrf-recirculation=\"Links inline\">\n<p class=\"paragraph\" data-mrf-recirculation=\"Links inline\">Su determinaci\u00f3n y valent\u00eda son un recordatorio de lo que es posible cuando uno lucha<\/p>\n<p class=\"paragraph\" data-mrf-recirculation=\"Links inline\">por lo que cree.<\/p>\n<p class=\"paragraph\" data-mrf-recirculation=\"Links inline\">Como bien se\u00f1al\u00f3 en su entrevista con David Ignacio para\u00a0<i><strong>The Washington Post<\/strong><\/i><strong>,\u00a0<\/strong><\/p>\n<p class=\"paragraph\" data-mrf-recirculation=\"Links inline\"><b>\u201cNadie puede controlarme\u201d<\/b>. Y M\u00e9xico, y el mundo, est\u00e1n observando. <strong>(I)<\/strong><\/p>\n<p data-mrf-recirculation=\"Links inline\">\n<p data-mrf-recirculation=\"Links inline\">Fuente: evafm.net &#8211; infobae.com<\/p>\n<div class=\"gsp_post_data\" \r\n\t            data-post_type=\"post\" \r\n\t            data-cat=\"general,noticias-internacionales\" \r\n\t            data-modified=\"120\"\r\n\t            data-created=\"1692642990\"\r\n\t            data-title=\"X\u00f3chitl G\u00e1lvez, la mujer que sacude la pol\u00edtica mexicana\" \r\n\t            data-home=\"https:\/\/www.evafm.net\/sitio\"><\/div>","protected":false},"excerpt":{"rendered":"<p>En el coraz\u00f3n de la pol\u00edtica mexicana, una figura se destaca:\u00a0X\u00f3chitl G\u00e1lvez. La mujer ind\u00edgena, con un rostro ancho y una historia de superaci\u00f3n, est\u00e1 desafiando el status quo y sacudiendo las estructuras tradicionales del poder. En una reciente\u00a0entrevista con David Ignacio para\u00a0The Washington Post, comparti\u00f3 su viaje desde sus humildes comienzos hasta su actual&#8230;<\/p>\n","protected":false},"author":5,"featured_media":75547,"comment_status":"closed","ping_status":"open","sticky":false,"template":"","format":"standard","meta":{"_joinchat":[],"footnotes":""},"categories":[1720,1345],"tags":[],"class_list":["post-75545","post","type-post","status-publish","format-standard","has-post-thumbnail","hentry","category-general","category-noticias-internacionales","have-post-thumb"],"_links":{"self":[{"href":"https:\/\/www.evafm.net\/sitio\/wp-json\/wp\/v2\/posts\/75545","targetHints":{"allow":["GET"]}}],"collection":[{"href":"https:\/\/www.evafm.net\/sitio\/wp-json\/wp\/v2\/posts"}],"about":[{"href":"https:\/\/www.evafm.net\/sitio\/wp-json\/wp\/v2\/types\/post"}],"author":[{"embeddable":true,"href":"https:\/\/www.evafm.net\/sitio\/wp-json\/wp\/v2\/users\/5"}],"replies":[{"embeddable":true,"href":"https:\/\/www.evafm.net\/sitio\/wp-json\/wp\/v2\/comments?post=75545"}],"version-history":[{"count":1,"href":"https:\/\/www.evafm.net\/sitio\/wp-json\/wp\/v2\/posts\/75545\/revisions"}],"predecessor-version":[{"id":75548,"href":"https:\/\/www.evafm.net\/sitio\/wp-json\/wp\/v2\/posts\/75545\/revisions\/75548"}],"wp:featuredmedia":[{"embeddable":true,"href":"https:\/\/www.evafm.net\/sitio\/wp-json\/wp\/v2\/media\/75547"}],"wp:attachment":[{"href":"https:\/\/www.evafm.net\/sitio\/wp-json\/wp\/v2\/media?parent=75545"}],"wp:term":[{"taxonomy":"category","embeddable":true,"href":"https:\/\/www.evafm.net\/sitio\/wp-json\/wp\/v2\/categories?post=75545"},{"taxonomy":"post_tag","embeddable":true,"href":"https:\/\/www.evafm.net\/sitio\/wp-json\/wp\/v2\/tags?post=75545"}],"curies":[{"name":"wp","href":"https:\/\/api.w.org\/{rel}","templated":true}]}}