{"id":75549,"date":"2023-08-21T18:49:03","date_gmt":"2023-08-21T23:49:03","guid":{"rendered":"https:\/\/www.evafm.net\/sitio\/?p=75549"},"modified":"2023-08-21T18:51:25","modified_gmt":"2023-08-21T23:51:25","slug":"kim-jong-un-amenazo-con-una-guerra-termonuclear","status":"publish","type":"post","link":"https:\/\/www.evafm.net\/sitio\/kim-jong-un-amenazo-con-una-guerra-termonuclear\/","title":{"rendered":"Kim Jong-un amenaz\u00f3 con una \u201cguerra termonuclear\u201d"},"content":{"rendered":"<p>La agencia estatal de noticias de Corea del Norte advirti\u00f3 este martes que los ejercicios militares conjuntos entre<\/p>\n<p>Corea del Sur y Estados Unidos\u00a0<b>podr\u00edan desencadenar una \u201cguerra termonuclear\u201d.<\/b><\/p>\n<p>&nbsp;<\/p>\n<p>El informe de\u00a0<i>KCNA<\/i>\u00a0conden\u00f3 los ejercicios militares <strong>Ulchi Freedom Shield,<\/strong> un importante ejercicio conjunto<\/p>\n<p>entre <strong>Se\u00fal y Washington<\/strong> que comenz\u00f3 el martes, por tener, seg\u00fan Pyongyang,<strong> \u201cun car\u00e1cter agresivo\u201d.<\/strong><\/p>\n<p>&nbsp;<\/p>\n<p class=\"paragraph\" data-mrf-recirculation=\"Links inline\">Adem\u00e1s de los participantes surcoreanos y estadounidenses, se sumar\u00e1n al ejercicio efectivos de nueve pa\u00edses<\/p>\n<p class=\"paragraph\" data-mrf-recirculation=\"Links inline\">miembros del Comando de las Naciones Unidas (UNC):<\/p>\n<p class=\"paragraph\" data-mrf-recirculation=\"Links inline\"><strong>Australia, Canad\u00e1, Francia, Reino Unido, Grecia, Italia, Nueva Zelanda, Filipinas y Tailandia.<\/strong><\/p>\n<p class=\"paragraph\" data-mrf-recirculation=\"Links inline\">Asimismo,\u00a0<b>la dictadura de Kim Jong-un notific\u00f3 a la guarda costera de Jap\u00f3n que lanzar\u00e1 un<\/b><\/p>\n<p class=\"paragraph\" data-mrf-recirculation=\"Links inline\"><b> sat\u00e9lite en los pr\u00f3ximos d\u00edas<\/b>, seg\u00fan informaron medios nipones.<\/p>\n<p class=\"paragraph\" data-mrf-recirculation=\"Links inline\">El sat\u00e9lite, cuyo lanzamiento est\u00e1 previsto entre el <strong>24 y el 31 de agosto,<\/strong> podr\u00eda ser el dispositivo de<\/p>\n<p class=\"paragraph\" data-mrf-recirculation=\"Links inline\">reconocimiento militar que Pyongyang ya trat\u00f3 de poner en \u00f3rbita, sin \u00e9xito, en mayo de este a\u00f1o<\/p>\n<p class=\"paragraph\" data-mrf-recirculation=\"Links inline\">indic\u00f3 la agencia de noticias Kyodo.<\/p>\n<p class=\"paragraph\" data-mrf-recirculation=\"Links inline\">Esta nueva amenaza del r\u00e9gimen norcoreano se da luego de que Kim Jong-un visitara una unidad naval<\/p>\n<p class=\"paragraph\" data-mrf-recirculation=\"Links inline\">y supervisara una nueva prueba de misiles de crucero estrat\u00e9gico.<\/p>\n<p class=\"paragraph\" data-mrf-recirculation=\"Links inline\">Kim inspeccion\u00f3 una de sus flotas en el Mar del Este, tambi\u00e9n conocido como Mar de Jap\u00f3n, y<\/p>\n<p class=\"paragraph\" data-mrf-recirculation=\"Links inline\"><b>\u00a0observ\u00f3 mientras la tripulaci\u00f3n presentaba el ejercicio de lanzamiento de <\/b><\/p>\n<p class=\"paragraph\" data-mrf-recirculation=\"Links inline\"><b>\u201cmisiles de crucero estrat\u00e9gico\u201d<\/b>, report\u00f3 la agencia estatal norcoreana\u00a0<i>KCNA<\/i>.<\/p>\n<p class=\"paragraph\" data-mrf-recirculation=\"Links inline\">Seg\u00fan la prensa estatal, el dictador inspeccion\u00f3 la Segunda Flotilla de Buques de Superficie de la Guardia<\/p>\n<p class=\"paragraph\" data-mrf-recirculation=\"Links inline\">de la Flota del Mar del Este, donde observ\u00f3 \u201cel estado de preparaci\u00f3n de los buques de guerra para el<\/p>\n<p class=\"paragraph\" data-mrf-recirculation=\"Links inline\">combate y la guerra\u201d.<\/p>\n<p class=\"paragraph\" data-mrf-recirculation=\"Links inline\">El simulacro estaba \u201cdestinado a reconfirmar la funci\u00f3n de combate del barco y la caracter\u00edstica de su sistema<\/p>\n<p class=\"paragraph\" data-mrf-recirculation=\"Links inline\">de misiles y hacer que los marineros sean h\u00e1biles para llevar a cabo la misi\u00f3n de ataque en la guerra real\u201d.<\/p>\n<p class=\"paragraph\" data-mrf-recirculation=\"Links inline\">En medio de esta tensi\u00f3n en Asia, la semana pasada el presidente estadounidense,\u00a0<b>Joe Biden<\/b>, hizo de anfitri\u00f3n<\/p>\n<p class=\"paragraph\" data-mrf-recirculation=\"Links inline\">en Camp David para recibir al l\u00edder surcoreano<b>\u00a0Yoon Suk Yeol<\/b>\u00a0y al primer ministro japon\u00e9s\u00a0<b>Fumio Kishida.<\/b><\/p>\n<p class=\"paragraph\" data-mrf-recirculation=\"Links inline\">Los tres acordaron un plan multianual de ejercicios regulares en todos los territorios, que van m\u00e1s all\u00e1 de los<\/p>\n<p class=\"paragraph\" data-mrf-recirculation=\"Links inline\">ensayos en respuesta a Pyongyang, e hicieron un <strong>\u201ccompromiso de consulta\u201d<\/strong> formal durante las crisis<\/p>\n<p class=\"paragraph\" data-mrf-recirculation=\"Links inline\">para el que Biden dijo que abrir\u00eda una l\u00ednea directa.<\/p>\n<p class=\"paragraph\" data-mrf-recirculation=\"Links inline\">Tambi\u00e9n lograron\u00a0<b>un acuerdo para compartir datos sobre Corea del Norte en tiempo real y para<\/b><\/p>\n<p class=\"paragraph\" data-mrf-recirculation=\"Links inline\"><b> realizar cumbres cada a\u00f1o. (I)<\/b><\/p>\n<p data-mrf-recirculation=\"Links inline\">Fuente: evafm.net &#8211; infobae.com<\/p>\n<p>&nbsp;<\/p>\n<div class=\"gsp_post_data\" \r\n\t            data-post_type=\"post\" \r\n\t            data-cat=\"noticias-internacionales\" \r\n\t            data-modified=\"120\"\r\n\t            data-created=\"1692643743\"\r\n\t            data-title=\"Kim Jong-un amenaz\u00f3 con una \u201cguerra termonuclear\u201d\" \r\n\t            data-home=\"https:\/\/www.evafm.net\/sitio\"><\/div>","protected":false},"excerpt":{"rendered":"<p>La agencia estatal de noticias de Corea del Norte advirti\u00f3 este martes que los ejercicios militares conjuntos entre Corea del Sur y Estados Unidos\u00a0podr\u00edan desencadenar una \u201cguerra termonuclear\u201d. &nbsp; El informe de\u00a0KCNA\u00a0conden\u00f3 los ejercicios militares Ulchi Freedom Shield, un importante ejercicio conjunto entre Se\u00fal y Washington que comenz\u00f3 el martes, por tener, seg\u00fan Pyongyang, \u201cun&#8230;<\/p>\n","protected":false},"author":5,"featured_media":75550,"comment_status":"closed","ping_status":"open","sticky":false,"template":"","format":"standard","meta":{"_joinchat":[],"footnotes":""},"categories":[1345],"tags":[],"class_list":["post-75549","post","type-post","status-publish","format-standard","has-post-thumbnail","hentry","category-noticias-internacionales","have-post-thumb"],"_links":{"self":[{"href":"https:\/\/www.evafm.net\/sitio\/wp-json\/wp\/v2\/posts\/75549","targetHints":{"allow":["GET"]}}],"collection":[{"href":"https:\/\/www.evafm.net\/sitio\/wp-json\/wp\/v2\/posts"}],"about":[{"href":"https:\/\/www.evafm.net\/sitio\/wp-json\/wp\/v2\/types\/post"}],"author":[{"embeddable":true,"href":"https:\/\/www.evafm.net\/sitio\/wp-json\/wp\/v2\/users\/5"}],"replies":[{"embeddable":true,"href":"https:\/\/www.evafm.net\/sitio\/wp-json\/wp\/v2\/comments?post=75549"}],"version-history":[{"count":2,"href":"https:\/\/www.evafm.net\/sitio\/wp-json\/wp\/v2\/posts\/75549\/revisions"}],"predecessor-version":[{"id":75552,"href":"https:\/\/www.evafm.net\/sitio\/wp-json\/wp\/v2\/posts\/75549\/revisions\/75552"}],"wp:featuredmedia":[{"embeddable":true,"href":"https:\/\/www.evafm.net\/sitio\/wp-json\/wp\/v2\/media\/75550"}],"wp:attachment":[{"href":"https:\/\/www.evafm.net\/sitio\/wp-json\/wp\/v2\/media?parent=75549"}],"wp:term":[{"taxonomy":"category","embeddable":true,"href":"https:\/\/www.evafm.net\/sitio\/wp-json\/wp\/v2\/categories?post=75549"},{"taxonomy":"post_tag","embeddable":true,"href":"https:\/\/www.evafm.net\/sitio\/wp-json\/wp\/v2\/tags?post=75549"}],"curies":[{"name":"wp","href":"https:\/\/api.w.org\/{rel}","templated":true}]}}