{"id":75556,"date":"2023-08-21T19:23:19","date_gmt":"2023-08-22T00:23:19","guid":{"rendered":"https:\/\/www.evafm.net\/sitio\/?p=75556"},"modified":"2023-08-21T19:23:19","modified_gmt":"2023-08-22T00:23:19","slug":"jennifer-lopez-celebro-su-aniversario-de-bodas-con-ben-affleck","status":"publish","type":"post","link":"https:\/\/www.evafm.net\/sitio\/jennifer-lopez-celebro-su-aniversario-de-bodas-con-ben-affleck\/","title":{"rendered":"Jennifer Lopez celebro su aniversario de bodas con Ben Affleck"},"content":{"rendered":"<p class=\"paragraph\" data-mrf-recirculation=\"Links inline\">El 20 de agosto de 2022,<b>\u00a0Jennifer L\u00f3pez y Ben Affleck<\/b>\u00a0se casaron tras un a\u00f1o de haber vuelto a ser una pareja.<\/p>\n<p class=\"paragraph\" data-mrf-recirculation=\"Links inline\">Ha pasado todo un a\u00f1o desde que decidieran hacer oficial su uni\u00f3n, y para conmemorarlo,<\/p>\n<p class=\"paragraph\" data-mrf-recirculation=\"Links inline\">L\u00f3pez ha compartido un par de fotograf\u00edas de aquella especial ocasi\u00f3n junto a un mensaje que muestra el<\/p>\n<p class=\"paragraph\" data-mrf-recirculation=\"Links inline\">gran amor que contin\u00faa vigente 20 a\u00f1os despu\u00e9s de haber comenzado su relaci\u00f3n.<\/p>\n<p data-mrf-recirculation=\"Links inline\">\n<p class=\"paragraph\" data-mrf-recirculation=\"Links inline\">El par de fotograf\u00edas ha salido a la luz por primera vez.<\/p>\n<p class=\"paragraph\" data-mrf-recirculation=\"Links inline\">La primera muestra a la feliz pareja compartiendo una carcajada mientras Affleck toma en brazos a Jennifer.<\/p>\n<p class=\"paragraph\" data-mrf-recirculation=\"Links inline\">Affleck utiliza un esmoquin en color blanco y corbat\u00edn negro, mientras que<\/p>\n<p class=\"paragraph\" data-mrf-recirculation=\"Links inline\"><b>\u00a0L\u00f3pez luce uno de los tres vestidos que Ralph Lauren dise\u00f1\u00f3 exclusivamente para ella.<\/b><\/p>\n<p data-mrf-recirculation=\"Links inline\">\n<p data-mrf-recirculation=\"Links inline\">La siguiente fotograf\u00eda fue tomada durante la noche, generando una bella postal de Affleck y L\u00f3pez bes\u00e1ndose<\/p>\n<p data-mrf-recirculation=\"Links inline\">con fuegos artificiales de fondo.<\/p>\n<p data-mrf-recirculation=\"Links inline\">Al parecer, para cuando se tom\u00f3 esta foto la celebraci\u00f3n estaba en su punto m\u00e1s \u00e1lgido, pues Affleck se hab\u00eda<\/p>\n<p data-mrf-recirculation=\"Links inline\">deshecho de su saco y JLo us\u00f3 su segundo vestido a cargo de Ralph Lauren que se caracteriza por estar adornado<\/p>\n<p data-mrf-recirculation=\"Links inline\">por una cascada de perlas.<\/p>\n<p data-mrf-recirculation=\"Links inline\">\n<p class=\"paragraph\" data-mrf-recirculation=\"Links inline\"><i>\u201cHoy hace un a\u00f1o &#8230;Querido Ben\/Sentado aqu\u00ed sola\/Mirando mi anillo\/Sinti\u00e9ndome abrumada\/<\/i><\/p>\n<p class=\"paragraph\" data-mrf-recirculation=\"Links inline\"><i>Me hace querer cantar\/Como terminamos aqu\u00ed\/Sin rebobinar\/Dios m\u00edo\/Esta es mi vida&#8230;\u201d<\/i>,<\/p>\n<p class=\"paragraph\" data-mrf-recirculation=\"Links inline\">escribi\u00f3 L\u00f3pez en su cuenta de Instagram.<\/p>\n<p class=\"paragraph\" data-mrf-recirculation=\"Links inline\">La celebraci\u00f3n del primer aniversario de bodas entre Affleck y L\u00f3pez llega tan s\u00f3lo unos d\u00edas despu\u00e9s del<\/p>\n<p class=\"paragraph\" data-mrf-recirculation=\"Links inline\">cumplea\u00f1os del actor, el cual tambi\u00e9n fue festejado por Jennifer con un tierno video de ambos viajando en auto<\/p>\n<p class=\"paragraph\" data-mrf-recirculation=\"Links inline\">mientras cantan la pieza <strong>(<i>What A) Wonderfurl World<\/i>\u00a0de Sam Cooke.<\/strong><\/p>\n<p data-mrf-recirculation=\"Links inline\">\n<p class=\"paragraph\" data-mrf-recirculation=\"Links inline\">A pesar de estos momentos controversiales e inc\u00f3modos, todo parece indicar que el amor entre JLo y Affleck<\/p>\n<p class=\"paragraph\" data-mrf-recirculation=\"Links inline\">ha sido m\u00e1s fuerte.<\/p>\n<p class=\"paragraph\" data-mrf-recirculation=\"Links inline\">En 2022, pocos d\u00edas despu\u00e9s de haberse celebrado la boda de la pareja, JLo escribi\u00f3 en su sitio de noticias<\/p>\n<p class=\"paragraph\" data-mrf-recirculation=\"Links inline\"><i>On The JLo\u00a0<\/i>una reflexi\u00f3n sobre como vale la pena esperar por la persona correcta cuando se trata de amor:<\/p>\n<p data-mrf-recirculation=\"Links inline\">\n<p class=\"paragraph\" data-mrf-recirculation=\"Links inline\">\u201c<b>Qu\u00e9date el tiempo suficiente y tal vez encuentres el mejor momento de tu vida en un <\/b><\/p>\n<p class=\"paragraph\" data-mrf-recirculation=\"Links inline\"><b>drive through en Las Vegas a las doce y media de la ma\u00f1ana en el t\u00fanel del amor, con tus hijos <\/b><\/p>\n<p class=\"paragraph\" data-mrf-recirculation=\"Links inline\"><b>y con la persona con la que pasar\u00e1s la vida. <\/b><\/p>\n<p class=\"paragraph\" data-mrf-recirculation=\"Links inline\"><b>El amor es algo grandioso, \u2013tal vez la mejor de las cosas\u2013 y vale la pena esperar<\/b>\u201d. <strong>(E)<\/strong><\/p>\n<p data-mrf-recirculation=\"Links inline\">\n<p data-mrf-recirculation=\"Links inline\"><img fetchpriority=\"high\" decoding=\"async\" class=\"\" src=\"https:\/\/www.infobae.com\/new-resizer\/AKT1jE-olpqQcG-mXDqbU6nP9_k=\/arc-anglerfish-arc2-prod-infobae\/public\/MSPTINVL5JFJLIUSWCQWKTKP7Q.jpg\" alt=\"Jennifer Lopez celebr\u00f3 su primer aniversario de bodas con Ben Affleck compartiendo un par de fotos junto a \u00e9l en su boda\nFoto: Instagram\/Jennifer Lopez\" width=\"618\" height=\"484\" \/><\/p>\n<p data-mrf-recirculation=\"Links inline\">\n<p data-mrf-recirculation=\"Links inline\"><img decoding=\"async\" class=\" lazyload\" src=\"https:\/\/www.infobae.com\/new-resizer\/Yclu9EoJIHdzoQUtdKZx8B9w8Jo=\/arc-anglerfish-arc2-prod-infobae\/public\/4EZMOUDYPVFDZKOAIFKWLAJD5I.jpg\" alt=\"Jennifer Lopez y Ben Affleck compartiendo un beso en su boda con fuegos artificiales de fondo \nFoto: Instagram\/Jennifer Lopez\" width=\"634\" height=\"475\" data-src=\"https:\/\/www.infobae.com\/new-resizer\/Yclu9EoJIHdzoQUtdKZx8B9w8Jo=\/arc-anglerfish-arc2-prod-infobae\/public\/4EZMOUDYPVFDZKOAIFKWLAJD5I.jpg\" \/><\/p>\n<p data-mrf-recirculation=\"Links inline\">Jennifer Lopez y Ben Affleck compartiendo un beso en su boda con fuegos artificiales<\/p>\n<p data-mrf-recirculation=\"Links inline\">de fondo Foto: Instagram\/Jennifer.<\/p>\n<p data-mrf-recirculation=\"Links inline\"><img decoding=\"async\" class=\"\" src=\"https:\/\/diarioistmo.blob.core.windows.net\/images\/2022\/08\/26\/crop-w465-h350-146d4211fd42429cae8c8077a88c0595-md-focus-0-0-732-549.jpg\" alt=\"Ent\u00e9rate! Revelan video de Jennifer L\u00f3pez cantando a Ben Affleck en su boda\" width=\"634\" height=\"478\" \/><\/p>\n<p data-mrf-recirculation=\"Links inline\">\n<p data-mrf-recirculation=\"Links inline\">\n<p data-mrf-recirculation=\"Links inline\">Fuente: evafm.net &#8211; infobae.com<\/p>\n<div class=\"gsp_post_data\" \r\n\t            data-post_type=\"post\" \r\n\t            data-cat=\"farandula-internacional,general\" \r\n\t            data-modified=\"120\"\r\n\t            data-created=\"1692645799\"\r\n\t            data-title=\"Jennifer Lopez celebro su aniversario de bodas con Ben Affleck\" \r\n\t            data-home=\"https:\/\/www.evafm.net\/sitio\"><\/div>","protected":false},"excerpt":{"rendered":"<p>El 20 de agosto de 2022,\u00a0Jennifer L\u00f3pez y Ben Affleck\u00a0se casaron tras un a\u00f1o de haber vuelto a ser una pareja. Ha pasado todo un a\u00f1o desde que decidieran hacer oficial su uni\u00f3n, y para conmemorarlo, L\u00f3pez ha compartido un par de fotograf\u00edas de aquella especial ocasi\u00f3n junto a un mensaje que muestra el gran&#8230;<\/p>\n","protected":false},"author":5,"featured_media":75557,"comment_status":"closed","ping_status":"open","sticky":false,"template":"","format":"standard","meta":{"_joinchat":[],"footnotes":""},"categories":[1346,1720],"tags":[],"class_list":["post-75556","post","type-post","status-publish","format-standard","has-post-thumbnail","hentry","category-farandula-internacional","category-general","have-post-thumb"],"_links":{"self":[{"href":"https:\/\/www.evafm.net\/sitio\/wp-json\/wp\/v2\/posts\/75556","targetHints":{"allow":["GET"]}}],"collection":[{"href":"https:\/\/www.evafm.net\/sitio\/wp-json\/wp\/v2\/posts"}],"about":[{"href":"https:\/\/www.evafm.net\/sitio\/wp-json\/wp\/v2\/types\/post"}],"author":[{"embeddable":true,"href":"https:\/\/www.evafm.net\/sitio\/wp-json\/wp\/v2\/users\/5"}],"replies":[{"embeddable":true,"href":"https:\/\/www.evafm.net\/sitio\/wp-json\/wp\/v2\/comments?post=75556"}],"version-history":[{"count":1,"href":"https:\/\/www.evafm.net\/sitio\/wp-json\/wp\/v2\/posts\/75556\/revisions"}],"predecessor-version":[{"id":75558,"href":"https:\/\/www.evafm.net\/sitio\/wp-json\/wp\/v2\/posts\/75556\/revisions\/75558"}],"wp:featuredmedia":[{"embeddable":true,"href":"https:\/\/www.evafm.net\/sitio\/wp-json\/wp\/v2\/media\/75557"}],"wp:attachment":[{"href":"https:\/\/www.evafm.net\/sitio\/wp-json\/wp\/v2\/media?parent=75556"}],"wp:term":[{"taxonomy":"category","embeddable":true,"href":"https:\/\/www.evafm.net\/sitio\/wp-json\/wp\/v2\/categories?post=75556"},{"taxonomy":"post_tag","embeddable":true,"href":"https:\/\/www.evafm.net\/sitio\/wp-json\/wp\/v2\/tags?post=75556"}],"curies":[{"name":"wp","href":"https:\/\/api.w.org\/{rel}","templated":true}]}}