{"id":75559,"date":"2023-08-21T19:33:18","date_gmt":"2023-08-22T00:33:18","guid":{"rendered":"https:\/\/www.evafm.net\/sitio\/?p=75559"},"modified":"2023-08-21T19:33:18","modified_gmt":"2023-08-22T00:33:18","slug":"fiscalia-de-cdmx-llama-a-miguel-bose-a-presentar-denuncia","status":"publish","type":"post","link":"https:\/\/www.evafm.net\/sitio\/fiscalia-de-cdmx-llama-a-miguel-bose-a-presentar-denuncia\/","title":{"rendered":"Fiscal\u00eda de CDMX llama a Miguel Bos\u00e9 a presentar denuncia"},"content":{"rendered":"<p><strong>Miguel Bos\u00e9<\/strong>\u00a0fue v\u00edctima de la delincuencia en la Ciudad de M\u00e9xico cuando un\u00a0<strong>comando de al menos 10 sujetos<\/strong><\/p>\n<p><strong> irrumpi\u00f3 en su casa\u00a0<\/strong>en la alcald\u00eda \u00c1lvaro Obreg\u00f3n y rob\u00f3 diversos art\u00edculos, entre ellos su camioneta<\/p>\n<p>sin embargo, hasta el momento <strong>el cantante no ha presentado la denuncia<\/strong>, por lo que la<\/p>\n<p>Fiscal\u00eda de la Ciudad de M\u00e9xico lo llam\u00f3 a acudir ante las autoridades para\u00a0<strong>interponer la denuncia formal<\/strong>.<\/p>\n<p>&nbsp;<\/p>\n<p>La noche del viernes 18 de agosto, sujetos armados ingresaron al domicilio del tambi\u00e9n conductor ubicado en el<\/p>\n<p><strong>Fraccionamiento Rancho San Francisco <\/strong><\/p>\n<p>para robarse sus pertenencias. De acuerdo con Bos\u00e9 en el momento del atraco<\/p>\n<p><strong>se encontraba en su casa junto con sus hijos y permanecieron amarrados por m\u00e1s de dos horas.<\/strong><\/p>\n<p>&nbsp;<\/p>\n<p>Ante estos hechos, la\u00a0<strong>Fiscal\u00eda de la Ciudad de M\u00e9xico abri\u00f3 una carpeta de investigaci\u00f3n<\/strong><\/p>\n<p>luego de conocer por medios de comunicaci\u00f3n sobre el robo en la casa del int\u00e9rprete de\u00a0<em>Amante bandido<\/em><\/p>\n<p>y reiter\u00f3 que hasta el momento no ha recibido una denuncia formal por parte del afectado o su representante<\/p>\n<p>y mucho menos de la administraci\u00f3n del conjunto residencial.<\/p>\n<p>&nbsp;<\/p>\n<p>\u201cEsta Fiscal\u00eda invita atentamente a la v\u00edctima y\/o su representante legal, a efecto de que acudan a cualquier<\/p>\n<p>Coordinaci\u00f3n Territorial, con la finalidad de que realicen su denuncia formal sobre el hecho delictivo\u201d<\/p>\n<p>indic\u00f3 la dependencia en un comunicado en sus redes sociales.<\/p>\n<p>&nbsp;<\/p>\n<p><strong>Recuperan camioneta que robaron a Miguel Bos\u00e9<\/strong><\/p>\n<p>La\u00a0<strong>camioneta de Miguel Bos\u00e9<\/strong>\u00a0que los ladrones se llevaron de su casa y en la cual salieron del fraccionamiento<\/p>\n<p>en el que vive fue\u00a0<strong>recuperada la ma\u00f1ana de este lunes 21 de agosto de 2023<\/strong><\/p>\n<p>por polic\u00edas de la Ciudad de M\u00e9xico.<\/p>\n<p>&nbsp;<\/p>\n<p>La unidad fue localizada en la\u00a0<strong>colonia Periodista, en la alcald\u00eda Miguel Hidalgo<\/strong>.<\/p>\n<p>\u201cCoincide con las caracter\u00edsticas del veh\u00edculo referido en redes sociales como el que habr\u00eda sido robado\u201d<\/p>\n<p>indic\u00f3 la Fiscal\u00eda capitalina.<\/p>\n<p>La camioneta de Miguel Bos\u00e9 fue puesta a disposici\u00f3n del Ministerio P\u00fablico de la Coordinaci\u00f3n Territorial Miguel Hidalgo 2<\/p>\n<p>y las autoridades esperan que el cantante se presente a acreditar la propiedad.<\/p>\n<p>En tanto, expertos de la Coordinaci\u00f3n General de Investigaci\u00f3n Forense y Servicios Periciales, as\u00ed como agentes de la Polic\u00eda<\/p>\n<p>de Investigaci\u00f3n<\/p>\n<p><strong>analizan los videos de las c\u00e1maras de videovigilancia ubicadas en la zona donde fue localizada la camioneta<\/strong><\/p>\n<p><strong>\u00a0<\/strong>a fin de dar con los responsables.<strong>(E)<\/strong><\/p>\n<p>&nbsp;<\/p>\n<div class=\"css-1dbjc4n r-18u37iz r-15zivkp\">\n<div class=\"css-1dbjc4n r-1awozwy r-onrtq4 r-18kxxzh r-1b7u577\">\n<div class=\"css-1dbjc4n\" data-testid=\"Tweet-User-Avatar\">\n<div class=\"css-1dbjc4n r-18kxxzh r-1wbh5a2 r-13qz1uu\">\n<div class=\"css-1dbjc4n r-1wbh5a2 r-dnmrzs\">\n<div class=\"css-1dbjc4n r-1adg3ll r-bztko3\" data-testid=\"UserAvatar-Container-FiscaliaCDMX\">\n<div class=\"r-1p0dtai r-1pi2tsx r-1d2f490 r-u8s1d r-ipm5af r-13qz1uu\">\n<div class=\"css-1dbjc4n r-1adg3ll r-1pi2tsx r-1wyvozj r-bztko3 r-u8s1d r-1v2oles r-desppf r-13qz1uu\">\n<div class=\"r-1p0dtai r-1pi2tsx r-1d2f490 r-u8s1d r-ipm5af r-13qz1uu\">\n<div class=\"css-1dbjc4n r-sdzlij r-ggadg3 r-1udh08x r-u8s1d r-8jfcpp\">\n<div class=\"css-1dbjc4n r-14lw9ot r-sdzlij r-1wyvozj r-1udh08x r-633pao r-u8s1d r-1v2oles r-desppf\">\n<div class=\"css-1dbjc4n r-1adg3ll r-1udh08x\">\n<div class=\"r-1p0dtai r-1pi2tsx r-1d2f490 r-u8s1d r-ipm5af r-13qz1uu\">\n<div class=\"css-1dbjc4n r-1p0dtai r-1mlwlqe r-1d2f490 r-1udh08x r-u8s1d r-zchlnj r-ipm5af r-417010\" aria-label=\"\">\n<div class=\"css-1dbjc4n r-1niwhzg r-vvn4in r-u6sd8q r-4gszlv r-1p0dtai r-1pi2tsx r-1d2f490 r-u8s1d r-zchlnj r-ipm5af r-13qz1uu r-1wyyakw\"><\/div>\n<p><img decoding=\"async\" class=\"css-9pa8cd\" src=\"https:\/\/pbs.twimg.com\/profile_images\/1675942426513403919\/m6GQ8iPv_normal.jpg\" alt=\"\" \/><\/div>\n<\/div>\n<\/div>\n<\/div>\n<div class=\"css-1dbjc4n r-sdzlij r-1wyvozj r-1udh08x r-u8s1d r-1v2oles r-desppf\">\n<div class=\"css-1dbjc4n r-12181gd r-1pi2tsx r-1ny4l3l r-o7ynqc r-6416eg r-13qz1uu\"><\/div>\n<\/div>\n<\/div>\n<\/div>\n<\/div>\n<\/div>\n<\/div>\n<\/div>\n<\/div>\n<\/div>\n<\/div>\n<div class=\"css-1dbjc4n r-1iusvr4 r-16y2uox r-1777fci\">\n<div class=\"css-1dbjc4n r-zl2h9q\">\n<div class=\"css-1dbjc4n r-k4xj1c r-18u37iz r-1wtj0ep\">\n<div class=\"css-1dbjc4n r-1d09ksm r-18u37iz r-1wbh5a2\">\n<div class=\"css-1dbjc4n r-1wbh5a2 r-dnmrzs r-1ny4l3l\">\n<div id=\"id__x9fzunz9vp\" class=\"css-1dbjc4n r-1wbh5a2 r-dnmrzs r-1ny4l3l\" data-testid=\"User-Name\">\n<div class=\"css-1dbjc4n r-1awozwy r-18u37iz r-1wbh5a2 r-dnmrzs\">\n<div class=\"css-1dbjc4n r-1wbh5a2 r-dnmrzs\">\n<div class=\"css-1dbjc4n r-1awozwy r-18u37iz r-1wbh5a2 r-dnmrzs\">\n<div class=\"css-901oao r-1awozwy r-18jsvk2 r-6koalj r-37j5jr r-a023e6 r-b88u0q r-rjixqe r-bcqeeo r-1udh08x r-3s2u2q r-qvutc0\" dir=\"ltr\"><strong><span class=\"css-901oao css-16my406 css-1hf3ou5 r-poiln3 r-bcqeeo r-qvutc0\"><span class=\"css-901oao css-16my406 r-poiln3 r-bcqeeo r-qvutc0\">Fiscal\u00eda CDMX<\/span><\/span><\/strong><\/div>\n<div class=\"css-901oao r-18jsvk2 r-xoduu5 r-18u37iz r-1q142lx r-37j5jr r-a023e6 r-16dba41 r-rjixqe r-bcqeeo r-qvutc0\" dir=\"ltr\"><\/div>\n<\/div>\n<\/div>\n<\/div>\n<div class=\"css-1dbjc4n r-18u37iz r-1wbh5a2\">\n<div class=\"css-1dbjc4n r-1d09ksm r-18u37iz r-1wbh5a2\">\n<div class=\"css-1dbjc4n r-1wbh5a2 r-dnmrzs\">\n<div class=\"css-901oao css-1hf3ou5 r-14j79pv r-18u37iz r-37j5jr r-1wvb978 r-a023e6 r-16dba41 r-rjixqe r-bcqeeo r-qvutc0\" dir=\"ltr\"><strong><span class=\"css-901oao css-16my406 r-poiln3 r-bcqeeo r-qvutc0\">@FiscaliaCDMX<\/span><\/strong><\/div>\n<\/div>\n<\/div>\n<\/div>\n<\/div>\n<\/div>\n<\/div>\n<div class=\"css-1dbjc4n r-1joea0r\">\n<div class=\"css-1dbjc4n r-18u37iz r-1ssbvtb r-1wtj0ep\">\n<div class=\"css-1dbjc4n r-1awozwy r-6koalj r-18u37iz\">\n<div class=\"css-1dbjc4n\">\n<div class=\"css-1dbjc4n r-18u37iz r-1h0z5md\">\n<div class=\"css-18t94o4 css-1dbjc4n r-1777fci r-bt1l66 r-1ny4l3l r-bztko3 r-lrvibr\" role=\"button\" aria-label=\"M\u00e1s opciones\" data-testid=\"caret\">\n<div class=\"css-901oao r-1awozwy r-14j79pv r-6koalj r-37j5jr r-a023e6 r-16dba41 r-1h0z5md r-rjixqe r-bcqeeo r-o7ynqc r-clp7b1 r-3s2u2q r-qvutc0\" dir=\"ltr\">\n<div class=\"css-1dbjc4n r-xoduu5\">\n<div class=\"css-1dbjc4n r-1niwhzg r-sdzlij r-1p0dtai r-xoduu5 r-1d2f490 r-xf4iuw r-1ny4l3l r-u8s1d r-zchlnj r-ipm5af r-o7ynqc r-6416eg\"><\/div>\n<\/div>\n<\/div>\n<\/div>\n<\/div>\n<\/div>\n<\/div>\n<\/div>\n<\/div>\n<\/div>\n<\/div>\n<\/div>\n<\/div>\n<div class=\"css-1dbjc4n\">\n<div class=\"css-1dbjc4n\">\n<div class=\"css-1dbjc4n r-1s2bzr4\">\n<div id=\"id__q5wjp6w4nfe\" class=\"css-901oao r-18jsvk2 r-37j5jr r-1inkyih r-16dba41 r-135wba7 r-bcqeeo r-bnwqim r-qvutc0\" dir=\"auto\" lang=\"es\" data-testid=\"tweetText\"><span class=\"css-901oao css-16my406 r-poiln3 r-bcqeeo r-qvutc0\">Iniciamos una carpeta de investigaci\u00f3n por un posible robo al domicilio de un cantante extranjero en la alcald\u00eda<\/span><\/div>\n<div class=\"css-901oao r-18jsvk2 r-37j5jr r-1inkyih r-16dba41 r-135wba7 r-bcqeeo r-bnwqim r-qvutc0\" dir=\"auto\" lang=\"es\" data-testid=\"tweetText\"><span class=\"css-901oao css-16my406 r-poiln3 r-bcqeeo r-qvutc0\"> \u00c1lvaro Obreg\u00f3n. Hasta el momento ni la v\u00edctima y\/o su representante legal, se han presentado a denunciar el il\u00edcito.<\/span><\/div>\n<\/div>\n<\/div>\n<\/div>\n<div dir=\"auto\" lang=\"es\" data-testid=\"tweetText\"><\/div>\n<div dir=\"auto\" lang=\"es\" data-testid=\"tweetText\"><\/div>\n<div dir=\"auto\" lang=\"es\" data-testid=\"tweetText\"><\/div>\n<div class=\"css-1dbjc4n\">\n<div dir=\"auto\" lang=\"es\" data-testid=\"tweetText\"><img fetchpriority=\"high\" decoding=\"async\" class=\"\" src=\"https:\/\/pbs.twimg.com\/media\/F4FM5cGXEAAyXce?format=jpg&amp;name=large\" alt=\"Imagen\" width=\"586\" height=\"759\" \/><\/div>\n<\/div>\n<div dir=\"auto\" lang=\"es\" data-testid=\"tweetText\"><\/div>\n<div dir=\"auto\" lang=\"es\" data-testid=\"tweetText\"><img decoding=\"async\" class=\"\" src=\"https:\/\/pbs.twimg.com\/media\/F4FM6g8XQAE9Gl3?format=jpg&amp;name=medium\" alt=\"Imagen\" width=\"497\" height=\"286\" \/><\/div>\n<div dir=\"auto\" lang=\"es\" data-testid=\"tweetText\"><\/div>\n<div dir=\"auto\" lang=\"es\" data-testid=\"tweetText\"><\/div>\n<div dir=\"auto\" lang=\"es\" data-testid=\"tweetText\"><img decoding=\"async\" src=\"https:\/\/pbs.twimg.com\/media\/F4FM6kdWcAAo7Ks?format=jpg&amp;name=small\" alt=\"Imagen\" \/><\/div>\n<p>&nbsp;<\/p>\n<p>&nbsp;<\/p>\n<p>Fuente: evafm.net &#8211; exc\u00e9lsior.com.mx<\/p>\n<div class=\"gsp_post_data\" \r\n\t            data-post_type=\"post\" \r\n\t            data-cat=\"farandula-internacional\" \r\n\t            data-modified=\"120\"\r\n\t            data-created=\"1692646398\"\r\n\t            data-title=\"Fiscal\u00eda de CDMX llama a Miguel Bos\u00e9 a presentar denuncia\" \r\n\t            data-home=\"https:\/\/www.evafm.net\/sitio\"><\/div>","protected":false},"excerpt":{"rendered":"<p>Miguel Bos\u00e9\u00a0fue v\u00edctima de la delincuencia en la Ciudad de M\u00e9xico cuando un\u00a0comando de al menos 10 sujetos irrumpi\u00f3 en su casa\u00a0en la alcald\u00eda \u00c1lvaro Obreg\u00f3n y rob\u00f3 diversos art\u00edculos, entre ellos su camioneta sin embargo, hasta el momento el cantante no ha presentado la denuncia, por lo que la Fiscal\u00eda de la Ciudad de&#8230;<\/p>\n","protected":false},"author":5,"featured_media":75560,"comment_status":"closed","ping_status":"open","sticky":false,"template":"","format":"standard","meta":{"_joinchat":[],"footnotes":""},"categories":[1346],"tags":[],"class_list":["post-75559","post","type-post","status-publish","format-standard","has-post-thumbnail","hentry","category-farandula-internacional","have-post-thumb"],"_links":{"self":[{"href":"https:\/\/www.evafm.net\/sitio\/wp-json\/wp\/v2\/posts\/75559","targetHints":{"allow":["GET"]}}],"collection":[{"href":"https:\/\/www.evafm.net\/sitio\/wp-json\/wp\/v2\/posts"}],"about":[{"href":"https:\/\/www.evafm.net\/sitio\/wp-json\/wp\/v2\/types\/post"}],"author":[{"embeddable":true,"href":"https:\/\/www.evafm.net\/sitio\/wp-json\/wp\/v2\/users\/5"}],"replies":[{"embeddable":true,"href":"https:\/\/www.evafm.net\/sitio\/wp-json\/wp\/v2\/comments?post=75559"}],"version-history":[{"count":1,"href":"https:\/\/www.evafm.net\/sitio\/wp-json\/wp\/v2\/posts\/75559\/revisions"}],"predecessor-version":[{"id":75561,"href":"https:\/\/www.evafm.net\/sitio\/wp-json\/wp\/v2\/posts\/75559\/revisions\/75561"}],"wp:featuredmedia":[{"embeddable":true,"href":"https:\/\/www.evafm.net\/sitio\/wp-json\/wp\/v2\/media\/75560"}],"wp:attachment":[{"href":"https:\/\/www.evafm.net\/sitio\/wp-json\/wp\/v2\/media?parent=75559"}],"wp:term":[{"taxonomy":"category","embeddable":true,"href":"https:\/\/www.evafm.net\/sitio\/wp-json\/wp\/v2\/categories?post=75559"},{"taxonomy":"post_tag","embeddable":true,"href":"https:\/\/www.evafm.net\/sitio\/wp-json\/wp\/v2\/tags?post=75559"}],"curies":[{"name":"wp","href":"https:\/\/api.w.org\/{rel}","templated":true}]}}