{"id":75570,"date":"2023-08-23T13:23:47","date_gmt":"2023-08-23T18:23:47","guid":{"rendered":"https:\/\/www.evafm.net\/sitio\/?p=75570"},"modified":"2023-08-23T13:23:47","modified_gmt":"2023-08-23T18:23:47","slug":"jonathan-caicedo-integra-la-nomina-del-ef-para-la-vuelta-2023","status":"publish","type":"post","link":"https:\/\/www.evafm.net\/sitio\/jonathan-caicedo-integra-la-nomina-del-ef-para-la-vuelta-2023\/","title":{"rendered":"Jonathan Caicedo integra la n\u00f3mina del EF para La Vuelta 2023"},"content":{"rendered":"<p><strong>Jonathan Caicedo<\/strong> competir\u00e1 por segundo a\u00f1o consecutivo en la <strong>Vuelta a Espa\u00f1a<\/strong> con el equipo estadounidense.<\/p>\n<p>As\u00ed lo confirm\u00f3 este martes 22 de agosto el <strong>EF Education \u2013 EasyPost,<\/strong> que se prepara para la \u00faltima gran vuelta del a\u00f1o.<\/p>\n<p>&nbsp;<\/p>\n<p><strong> La Vuelta a Espa\u00f1a 2023 se llevar\u00e1 a cabo del 26 de agosto al 17 de septiembre. <\/strong><\/p>\n<p>Comenzar\u00e1 en Barcelona, tendr\u00e1 trayectos en Andorra y Francia, y culminar\u00e1 en Madrid.<\/p>\n<p><strong>Junto a Caicedo estar\u00e1n:<\/strong><\/p>\n<p>Stefan Bissegger, Diego Camargo, Hugh Carthy, Andrea Piccolo, Sean Quinn, Julius van den Berg y Marijn van den Berg.<\/p>\n<p>\u201cEstoy muy emocionado por haber sido seleccionado para la carrera.<\/p>\n<p>Mi sue\u00f1o ser\u00eda ganar una etapa. Voy a dar lo mejor de m\u00ed\u201d, asegur\u00f3 el ecuatoriano.<\/p>\n<p>Adem\u00e1s, el equipo descart\u00f3 a <strong>Richard Carapaz,<\/strong> quien no alcanz\u00f3 a recuperarse de las lesiones, provocadas por su ca\u00edda<\/p>\n<p>en la <strong>Etapa 1 del Tour de Francia. (D)<\/strong><\/p>\n<div class=\"css-1dbjc4n r-1awozwy r-18u37iz r-dnmrzs\">\n<div class=\"css-901oao r-1awozwy r-18jsvk2 r-6koalj r-1qd0xha r-a023e6 r-b88u0q r-rjixqe r-bcqeeo r-1udh08x r-3s2u2q r-qvutc0\" dir=\"auto\"><strong><span class=\"css-901oao css-16my406 css-1hf3ou5 r-poiln3 r-bcqeeo r-qvutc0\"><span class=\"css-901oao css-16my406 r-poiln3 r-bcqeeo r-qvutc0\">EF Pro Cycling<\/span><\/span><\/strong><\/div>\n<div class=\"css-901oao r-18jsvk2 r-xoduu5 r-18u37iz r-1q142lx r-1qd0xha r-a023e6 r-16dba41 r-rjixqe r-bcqeeo r-qvutc0\" dir=\"auto\"><\/div>\n<\/div>\n<div class=\"css-1dbjc4n r-1awozwy r-18u37iz r-1wbh5a2\">\n<div class=\"css-1dbjc4n\">\n<div class=\"css-901oao css-1hf3ou5 r-14j79pv r-18u37iz r-1qd0xha r-1wvb978 r-a023e6 r-16dba41 r-rjixqe r-bcqeeo r-qvutc0\" dir=\"ltr\"><strong><span class=\"css-901oao css-16my406 r-poiln3 r-bcqeeo r-qvutc0\">@EFprocycling<\/span><\/strong><\/div>\n<\/div>\n<div dir=\"ltr\"><\/div>\n<div class=\"css-1dbjc4n r-18u37iz r-1q142lx\">\n<div class=\"css-901oao r-14j79pv r-1q142lx r-1qd0xha r-a023e6 r-16dba41 r-rjixqe r-bcqeeo r-s1qlax r-qvutc0\" dir=\"auto\" aria-hidden=\"true\"><span class=\"css-901oao css-16my406 r-poiln3 r-bcqeeo r-qvutc0\">Get ready for more action from our guys in pink as the 3rd and final Grand Tour of the season kicks off this weekend. <\/span><\/div>\n<div class=\"css-901oao r-14j79pv r-1q142lx r-1qd0xha r-a023e6 r-16dba41 r-rjixqe r-bcqeeo r-s1qlax r-qvutc0\" dir=\"auto\" aria-hidden=\"true\"><span class=\"css-901oao css-16my406 r-poiln3 r-bcqeeo r-qvutc0\"> The 78th edition of La Vuelta a Espa\u00f1a crosses over 3,000 km of countryside, including some of the most rugged<\/span><\/div>\n<div class=\"css-901oao r-14j79pv r-1q142lx r-1qd0xha r-a023e6 r-16dba41 r-rjixqe r-bcqeeo r-s1qlax r-qvutc0\" dir=\"auto\" aria-hidden=\"true\"><span class=\"css-901oao css-16my406 r-poiln3 r-bcqeeo r-qvutc0\"> and remote mountain roads in western Europe.\u2026<\/span><\/div>\n<\/div>\n<\/div>\n<p>&nbsp;<\/p>\n<p><img decoding=\"async\" src=\"https:\/\/pbs.twimg.com\/media\/F4JN6UuaIAAdqYM?format=jpg&amp;name=small\" alt=\"Imagen\" \/><\/p>\n<p>&nbsp;<\/p>\n<p>Fuente: evafm.net &#8211; primicias.ec<\/p>\n<div class=\"gsp_post_data\" \r\n\t            data-post_type=\"post\" \r\n\t            data-cat=\"deportes-internacionales\" \r\n\t            data-modified=\"120\"\r\n\t            data-created=\"1692797027\"\r\n\t            data-title=\"Jonathan Caicedo integra la n\u00f3mina del EF para La Vuelta 2023\" \r\n\t            data-home=\"https:\/\/www.evafm.net\/sitio\"><\/div>","protected":false},"excerpt":{"rendered":"<p>Jonathan Caicedo competir\u00e1 por segundo a\u00f1o consecutivo en la Vuelta a Espa\u00f1a con el equipo estadounidense. As\u00ed lo confirm\u00f3 este martes 22 de agosto el EF Education \u2013 EasyPost, que se prepara para la \u00faltima gran vuelta del a\u00f1o. &nbsp; La Vuelta a Espa\u00f1a 2023 se llevar\u00e1 a cabo del 26 de agosto al 17&#8230;<\/p>\n","protected":false},"author":5,"featured_media":75571,"comment_status":"closed","ping_status":"open","sticky":false,"template":"","format":"standard","meta":{"_joinchat":[],"footnotes":""},"categories":[1342],"tags":[],"class_list":["post-75570","post","type-post","status-publish","format-standard","has-post-thumbnail","hentry","category-deportes-internacionales","have-post-thumb"],"_links":{"self":[{"href":"https:\/\/www.evafm.net\/sitio\/wp-json\/wp\/v2\/posts\/75570","targetHints":{"allow":["GET"]}}],"collection":[{"href":"https:\/\/www.evafm.net\/sitio\/wp-json\/wp\/v2\/posts"}],"about":[{"href":"https:\/\/www.evafm.net\/sitio\/wp-json\/wp\/v2\/types\/post"}],"author":[{"embeddable":true,"href":"https:\/\/www.evafm.net\/sitio\/wp-json\/wp\/v2\/users\/5"}],"replies":[{"embeddable":true,"href":"https:\/\/www.evafm.net\/sitio\/wp-json\/wp\/v2\/comments?post=75570"}],"version-history":[{"count":1,"href":"https:\/\/www.evafm.net\/sitio\/wp-json\/wp\/v2\/posts\/75570\/revisions"}],"predecessor-version":[{"id":75572,"href":"https:\/\/www.evafm.net\/sitio\/wp-json\/wp\/v2\/posts\/75570\/revisions\/75572"}],"wp:featuredmedia":[{"embeddable":true,"href":"https:\/\/www.evafm.net\/sitio\/wp-json\/wp\/v2\/media\/75571"}],"wp:attachment":[{"href":"https:\/\/www.evafm.net\/sitio\/wp-json\/wp\/v2\/media?parent=75570"}],"wp:term":[{"taxonomy":"category","embeddable":true,"href":"https:\/\/www.evafm.net\/sitio\/wp-json\/wp\/v2\/categories?post=75570"},{"taxonomy":"post_tag","embeddable":true,"href":"https:\/\/www.evafm.net\/sitio\/wp-json\/wp\/v2\/tags?post=75570"}],"curies":[{"name":"wp","href":"https:\/\/api.w.org\/{rel}","templated":true}]}}