{"id":75584,"date":"2023-08-23T18:23:16","date_gmt":"2023-08-23T23:23:16","guid":{"rendered":"https:\/\/www.evafm.net\/sitio\/?p=75584"},"modified":"2023-08-23T18:23:16","modified_gmt":"2023-08-23T23:23:16","slug":"muere-vicente-lecaro-historico-y-referente-del-barcelona-sc","status":"publish","type":"post","link":"https:\/\/www.evafm.net\/sitio\/muere-vicente-lecaro-historico-y-referente-del-barcelona-sc\/","title":{"rendered":"Muere Vicente Lecaro hist\u00f3rico y referente del Barcelona SC"},"content":{"rendered":"<p><strong>Vicente Lecaro falleci\u00f3 en Guayaquil a los 87 a\u00f1os. A\u00fan se desconocen las causas de su deceso. <\/strong><\/p>\n<p>El guayaquile\u00f1o jug\u00f3 en los dos equipos del Astillero, pero sus mejores \u00e9pocas fueron en<\/p>\n<p>Barcelona SC. Vicente Lecaro fue parte de la <strong>\u2018Cortina de Hierro\u2019,<\/strong> una defensa conformada<\/p>\n<p>adem\u00e1s, por <strong>Miguel \u2018Cortijo\u2019 Bustamante, Alfonso \u2018King\u2019 Quijano y Luciano Mac\u00edas.<\/strong><\/p>\n<p>Era una \u00e9poca en la que se defend\u00eda muy poco y se priorizaba el ataque.<\/p>\n<p>El entrenador brasile\u00f1o Arnaldo da Silva lleg\u00f3 a Barcelona en 1962 y ubic\u00f3 a estos cuatro jugadores<\/p>\n<p>en la zaga, para que no le marquen muchos goles.<\/p>\n<p>&nbsp;<\/p>\n<p><strong>Su experimento result\u00f3 un \u00e9xito. <\/strong><\/p>\n<p>La \u2018Cortina de Hierro\u2019 (t\u00e9rmino adoptado despu\u00e9s de la Segunda Guerra Mundial)<\/p>\n<p>escribi\u00f3 una \u00e9poca gloriosa en Barcelona SC y en la Selecci\u00f3n.<\/p>\n<p>Tanto la FEF como el equipo \u2018amarillo\u2019 lamentaron la muerte de Lecaro y se solidarizaron con su familia.<\/p>\n<p>\u201cTodo el barcelonismo est\u00e1 de luto, por la partida de nuestra Gloria BSC\u201d, public\u00f3 el \u2018\u00eddolo\u2019.<\/p>\n<p><small><\/small><\/p>\n<p>&nbsp;<\/p>\n<p>La Federaci\u00f3n Ecuatoriana de F\u00fatbol <strong>(FEF)<\/strong> confirm\u00f3 el <strong>mi\u00e9rcoles 23 de agosto<\/strong> el fallecimiento de<\/p>\n<p><strong>Vicente &#8216;Ministro&#8217; Lecaro,<\/strong> hist\u00f3rico zaguero de la selecci\u00f3n ecuatoriana y de Barcelona SC<\/p>\n<p>en la d\u00e9cada de los 60. <strong>(D)<\/strong><\/p>\n<p>&nbsp;<\/p>\n<div class=\"css-1dbjc4n r-18u37iz r-kzbkwu\">\n<div class=\"css-1dbjc4n r-eqz5dr r-1777fci r-4amgru r-1kh6xel\">\n<div class=\"css-1dbjc4n r-1ny4l3l\">\n<div class=\"css-1dbjc4n r-1wbh5a2 r-dnmrzs r-1ny4l3l\">\n<div class=\"css-1dbjc4n r-1wbh5a2 r-dnmrzs r-1ny4l3l\">\n<div class=\"css-1dbjc4n r-1awozwy r-18u37iz r-dnmrzs\">\n<div class=\"css-901oao r-1awozwy r-18jsvk2 r-6koalj r-1qd0xha r-a023e6 r-b88u0q r-rjixqe r-bcqeeo r-1udh08x r-3s2u2q r-qvutc0\" dir=\"auto\"><strong><span class=\"css-901oao css-16my406 css-1hf3ou5 r-poiln3 r-bcqeeo r-qvutc0\"><span class=\"css-901oao css-16my406 r-poiln3 r-bcqeeo r-qvutc0\">BARCELONA S.C.<\/span><\/span><\/strong><\/div>\n<div class=\"css-901oao r-18jsvk2 r-xoduu5 r-18u37iz r-1q142lx r-1qd0xha r-a023e6 r-16dba41 r-rjixqe r-bcqeeo r-qvutc0\" dir=\"auto\"><\/div>\n<\/div>\n<div class=\"css-1dbjc4n r-1awozwy r-18u37iz r-1wbh5a2\">\n<div class=\"css-1dbjc4n\">\n<div class=\"css-901oao css-1hf3ou5 r-14j79pv r-18u37iz r-1qd0xha r-1wvb978 r-a023e6 r-16dba41 r-rjixqe r-bcqeeo r-qvutc0\" dir=\"ltr\"><strong><span class=\"css-901oao css-16my406 r-poiln3 r-bcqeeo r-qvutc0\">@BarcelonaSC<\/span><\/strong><\/div>\n<\/div>\n<div class=\"css-1dbjc4n r-18u37iz r-1q142lx\">\n<div class=\"css-901oao r-14j79pv r-1q142lx r-1qd0xha r-a023e6 r-16dba41 r-rjixqe r-bcqeeo r-s1qlax r-qvutc0\" dir=\"auto\" aria-hidden=\"true\"><\/div>\n<\/div>\n<\/div>\n<\/div>\n<\/div>\n<\/div>\n<\/div>\n<\/div>\n<div class=\"css-1dbjc4n\">\n<div class=\"css-901oao r-18jsvk2 r-1dqbpge r-1qd0xha r-adyw6z r-16dba41 r-135wba7 r-bcqeeo r-bnwqim r-qvutc0\" dir=\"auto\" lang=\"es\" data-testid=\"tweetText\"><span class=\"css-901oao css-16my406 r-poiln3 r-bcqeeo r-qvutc0\">\u00a1Hasta siempre Don Vicente! Todo el barcelonismo est\u00e1 de luto, por la partida de nuestra <\/span><strong><span class=\"r-18u37iz\">#GloriaBSC<\/span> <span class=\"css-901oao css-16my406 r-poiln3 r-bcqeeo r-qvutc0\">.<\/span><\/strong><\/div>\n<div class=\"css-901oao r-18jsvk2 r-1dqbpge r-1qd0xha r-adyw6z r-16dba41 r-135wba7 r-bcqeeo r-bnwqim r-qvutc0\" dir=\"auto\" lang=\"es\" data-testid=\"tweetText\"><span class=\"css-901oao css-16my406 r-poiln3 r-bcqeeo r-qvutc0\"> Fuerza a todos sus familiares y amigos en este duro momento.<\/span><\/div>\n<\/div>\n<div dir=\"auto\" lang=\"es\" data-testid=\"tweetText\"><\/div>\n<div dir=\"auto\" lang=\"es\" data-testid=\"tweetText\"><\/div>\n<div dir=\"auto\" lang=\"es\" data-testid=\"tweetText\"><img decoding=\"async\" src=\"https:\/\/pbs.twimg.com\/media\/F4PhpmGW0AAsz_c?format=jpg&amp;name=small\" alt=\"Imagen\" \/><\/div>\n<div dir=\"auto\" lang=\"es\" data-testid=\"tweetText\"><\/div>\n<div dir=\"auto\" lang=\"es\" data-testid=\"tweetText\"><\/div>\n<div dir=\"auto\" lang=\"es\" data-testid=\"tweetText\"><img decoding=\"async\" src=\"https:\/\/pbs.twimg.com\/media\/F4PhbahXsAI3qao?format=jpg&amp;name=small\" alt=\"Imagen\" \/><\/div>\n<div dir=\"auto\" lang=\"es\" data-testid=\"tweetText\"><\/div>\n<div dir=\"auto\" lang=\"es\" data-testid=\"tweetText\"><\/div>\n<div dir=\"auto\" lang=\"es\" data-testid=\"tweetText\">Fuente: evafm.net &#8211; primicias.ec<\/div>\n<div dir=\"auto\" lang=\"es\" data-testid=\"tweetText\"><\/div>\n<div class=\"gsp_post_data\" \r\n\t            data-post_type=\"post\" \r\n\t            data-cat=\"deportes-ecuador,general\" \r\n\t            data-modified=\"120\"\r\n\t            data-created=\"1692814996\"\r\n\t            data-title=\"Muere Vicente Lecaro hist\u00f3rico y referente del Barcelona SC\" \r\n\t            data-home=\"https:\/\/www.evafm.net\/sitio\"><\/div>","protected":false},"excerpt":{"rendered":"<p>Vicente Lecaro falleci\u00f3 en Guayaquil a los 87 a\u00f1os. A\u00fan se desconocen las causas de su deceso. El guayaquile\u00f1o jug\u00f3 en los dos equipos del Astillero, pero sus mejores \u00e9pocas fueron en Barcelona SC. Vicente Lecaro fue parte de la \u2018Cortina de Hierro\u2019, una defensa conformada adem\u00e1s, por Miguel \u2018Cortijo\u2019 Bustamante, Alfonso \u2018King\u2019 Quijano y&#8230;<\/p>\n","protected":false},"author":5,"featured_media":75585,"comment_status":"closed","ping_status":"open","sticky":false,"template":"","format":"standard","meta":{"_joinchat":[],"footnotes":""},"categories":[1557,1720],"tags":[],"class_list":["post-75584","post","type-post","status-publish","format-standard","has-post-thumbnail","hentry","category-deportes-ecuador","category-general","have-post-thumb"],"_links":{"self":[{"href":"https:\/\/www.evafm.net\/sitio\/wp-json\/wp\/v2\/posts\/75584","targetHints":{"allow":["GET"]}}],"collection":[{"href":"https:\/\/www.evafm.net\/sitio\/wp-json\/wp\/v2\/posts"}],"about":[{"href":"https:\/\/www.evafm.net\/sitio\/wp-json\/wp\/v2\/types\/post"}],"author":[{"embeddable":true,"href":"https:\/\/www.evafm.net\/sitio\/wp-json\/wp\/v2\/users\/5"}],"replies":[{"embeddable":true,"href":"https:\/\/www.evafm.net\/sitio\/wp-json\/wp\/v2\/comments?post=75584"}],"version-history":[{"count":1,"href":"https:\/\/www.evafm.net\/sitio\/wp-json\/wp\/v2\/posts\/75584\/revisions"}],"predecessor-version":[{"id":75586,"href":"https:\/\/www.evafm.net\/sitio\/wp-json\/wp\/v2\/posts\/75584\/revisions\/75586"}],"wp:featuredmedia":[{"embeddable":true,"href":"https:\/\/www.evafm.net\/sitio\/wp-json\/wp\/v2\/media\/75585"}],"wp:attachment":[{"href":"https:\/\/www.evafm.net\/sitio\/wp-json\/wp\/v2\/media?parent=75584"}],"wp:term":[{"taxonomy":"category","embeddable":true,"href":"https:\/\/www.evafm.net\/sitio\/wp-json\/wp\/v2\/categories?post=75584"},{"taxonomy":"post_tag","embeddable":true,"href":"https:\/\/www.evafm.net\/sitio\/wp-json\/wp\/v2\/tags?post=75584"}],"curies":[{"name":"wp","href":"https:\/\/api.w.org\/{rel}","templated":true}]}}