{"id":75612,"date":"2023-08-26T10:41:57","date_gmt":"2023-08-26T15:41:57","guid":{"rendered":"https:\/\/www.evafm.net\/sitio\/?p=75612"},"modified":"2023-08-26T10:41:57","modified_gmt":"2023-08-26T15:41:57","slug":"fifa-suspende-a-luis-rubiales-por-el-beso-a-jenni-hermoso","status":"publish","type":"post","link":"https:\/\/www.evafm.net\/sitio\/fifa-suspende-a-luis-rubiales-por-el-beso-a-jenni-hermoso\/","title":{"rendered":"FIFA suspende a Luis Rubiales por el beso a Jenni Hermoso"},"content":{"rendered":"<p>Esta suspensi\u00f3n, que ser\u00e1 efectiva desde el d\u00eda de hoy, se extiende por un periodo inicial de noventa d\u00edas y en tanto<\/p>\n<p>en cuanto se tramita el procedimiento disciplinario abierto contra el <strong>Sr. Luis Rubiales\u201d<\/strong><\/p>\n<p>indica en un comunicado la <strong>FIFA. <\/strong><\/p>\n<p>&nbsp;<\/p>\n<p>La suspensi\u00f3n llega un d\u00eda despu\u00e9s de que Luis Rubiales anunciara en la Asamblea General Ordinaria de la <strong>RFEF<\/strong><\/p>\n<p>que no iba a dimitir, tras justificar lo que ocurri\u00f3 en la final del Mundial femenino<\/p>\n<p>en la que bes\u00f3 en la boca a la jugadora Jenni Hermoso.<\/p>\n<p>Rubiales asegur\u00f3 que fue un \u201cbeso espont\u00e1neo, mutuo, euf\u00f3rico y consentido\u201c, entre otras aseveraciones<\/p>\n<p>lo que fue desmentido por la futbolista posteriormente.<\/p>\n<p>La intervenci\u00f3n de Rubiales provoc\u00f3 el rechazo generalizado de buena parte de la sociedad y el anuncio de las 23<\/p>\n<p>campeonas del mundo y otras jugadoras de que renunciaban a seguir acudiendo a las convocatorias mientras<\/p>\n<p>continuaba el presidente<\/p>\n<p>&nbsp;<\/p>\n<p>Adem\u00e1s, el presidente de la Comisi\u00f3n Disciplinaria de FIFA ha dictado dos directivas adicionales<\/p>\n<p>\u201cmediante las cuales ordena al Sr. Luis Rubiales que se abstenga, \u00e9l mismo o mediante terceros, de contactar<\/p>\n<p>o intentar contactar con la jugadora profesional de la selecci\u00f3n nacional espa\u00f1ola Sra. Jennifer Hermoso<\/p>\n<p>o su entorno cercano\u201d.<\/p>\n<p>&nbsp;<\/p>\n<p>Igualmente se ordena a la RFEF y a sus oficiales o empleados, de manera directa o a trav\u00e9s de terceros, abstenerse<\/p>\n<p>de contactar a la jugadora profesional de la selecci\u00f3n nacional espa\u00f1ola<\/p>\n<p>Sra. Jennifer Hermoso o a su entorno cercano\u201d, apunta.<\/p>\n<p>&nbsp;<\/p>\n<p>Esta decisi\u00f3n, seg\u00fan precisa el comunicado de <strong>FIFA,<\/strong> ha sido comunicada este mismo s\u00e1bado a Rubiales<\/p>\n<p>y a la <strong>UEFA,<\/strong> <strong>\u201cpara su debido cumplimiento\u201d.<\/strong><\/p>\n<div class=\"css-1dbjc4n r-1awozwy r-18u37iz r-dnmrzs\">\n<div class=\"css-901oao r-1awozwy r-18jsvk2 r-6koalj r-1qd0xha r-a023e6 r-b88u0q r-rjixqe r-bcqeeo r-1udh08x r-3s2u2q r-qvutc0\" dir=\"auto\"><strong><span class=\"css-901oao css-16my406 css-1hf3ou5 r-poiln3 r-bcqeeo r-qvutc0\"><span class=\"css-901oao css-16my406 r-poiln3 r-bcqeeo r-qvutc0\">FIFA Media<\/span><\/span><\/strong><\/div>\n<div class=\"css-901oao r-18jsvk2 r-xoduu5 r-18u37iz r-1q142lx r-1qd0xha r-a023e6 r-16dba41 r-rjixqe r-bcqeeo r-qvutc0\" dir=\"auto\"><\/div>\n<\/div>\n<div class=\"css-1dbjc4n r-1awozwy r-18u37iz r-1wbh5a2\">\n<div class=\"css-1dbjc4n\">\n<div class=\"css-901oao css-1hf3ou5 r-14j79pv r-18u37iz r-1qd0xha r-1wvb978 r-a023e6 r-16dba41 r-rjixqe r-bcqeeo r-qvutc0\" dir=\"ltr\"><strong><span class=\"css-901oao css-16my406 r-poiln3 r-bcqeeo r-qvutc0\">@fifamedia<\/span><\/strong><\/div>\n<\/div>\n<div class=\"css-1dbjc4n r-18u37iz r-1q142lx\">\n<div class=\"css-901oao r-14j79pv r-1q142lx r-1qd0xha r-a023e6 r-16dba41 r-rjixqe r-bcqeeo r-s1qlax r-qvutc0\" dir=\"auto\" aria-hidden=\"true\"><\/div>\n<\/div>\n<\/div>\n<p>La Comisi\u00f3n Disciplinaria de la FIFA suspende con car\u00e1cter provisional a<\/p>\n<p>Luis Rubiales, presidente de la RFEF<\/p>\n<p>&nbsp;<\/p>\n<p>Fuente: evafm.net &#8211; primicias.ec<\/p>\n<p><small><\/small><\/p>\n<div class=\"gsp_post_data\" \r\n\t            data-post_type=\"post\" \r\n\t            data-cat=\"deportes-internacionales\" \r\n\t            data-modified=\"120\"\r\n\t            data-created=\"1693046517\"\r\n\t            data-title=\"FIFA suspende a Luis Rubiales por el beso a Jenni Hermoso\" \r\n\t            data-home=\"https:\/\/www.evafm.net\/sitio\"><\/div>","protected":false},"excerpt":{"rendered":"<p>Esta suspensi\u00f3n, que ser\u00e1 efectiva desde el d\u00eda de hoy, se extiende por un periodo inicial de noventa d\u00edas y en tanto en cuanto se tramita el procedimiento disciplinario abierto contra el Sr. Luis Rubiales\u201d indica en un comunicado la FIFA. &nbsp; La suspensi\u00f3n llega un d\u00eda despu\u00e9s de que Luis Rubiales anunciara en la&#8230;<\/p>\n","protected":false},"author":5,"featured_media":75614,"comment_status":"closed","ping_status":"open","sticky":false,"template":"","format":"standard","meta":{"_joinchat":[],"footnotes":""},"categories":[1342],"tags":[],"class_list":["post-75612","post","type-post","status-publish","format-standard","has-post-thumbnail","hentry","category-deportes-internacionales","have-post-thumb"],"_links":{"self":[{"href":"https:\/\/www.evafm.net\/sitio\/wp-json\/wp\/v2\/posts\/75612","targetHints":{"allow":["GET"]}}],"collection":[{"href":"https:\/\/www.evafm.net\/sitio\/wp-json\/wp\/v2\/posts"}],"about":[{"href":"https:\/\/www.evafm.net\/sitio\/wp-json\/wp\/v2\/types\/post"}],"author":[{"embeddable":true,"href":"https:\/\/www.evafm.net\/sitio\/wp-json\/wp\/v2\/users\/5"}],"replies":[{"embeddable":true,"href":"https:\/\/www.evafm.net\/sitio\/wp-json\/wp\/v2\/comments?post=75612"}],"version-history":[{"count":1,"href":"https:\/\/www.evafm.net\/sitio\/wp-json\/wp\/v2\/posts\/75612\/revisions"}],"predecessor-version":[{"id":75615,"href":"https:\/\/www.evafm.net\/sitio\/wp-json\/wp\/v2\/posts\/75612\/revisions\/75615"}],"wp:featuredmedia":[{"embeddable":true,"href":"https:\/\/www.evafm.net\/sitio\/wp-json\/wp\/v2\/media\/75614"}],"wp:attachment":[{"href":"https:\/\/www.evafm.net\/sitio\/wp-json\/wp\/v2\/media?parent=75612"}],"wp:term":[{"taxonomy":"category","embeddable":true,"href":"https:\/\/www.evafm.net\/sitio\/wp-json\/wp\/v2\/categories?post=75612"},{"taxonomy":"post_tag","embeddable":true,"href":"https:\/\/www.evafm.net\/sitio\/wp-json\/wp\/v2\/tags?post=75612"}],"curies":[{"name":"wp","href":"https:\/\/api.w.org\/{rel}","templated":true}]}}