{"id":75708,"date":"2023-09-04T10:56:00","date_gmt":"2023-09-04T15:56:00","guid":{"rendered":"https:\/\/www.evafm.net\/sitio\/?p=75708"},"modified":"2023-09-04T10:56:00","modified_gmt":"2023-09-04T15:56:00","slug":"u-catolica-y-nacional-empataron-1-1-ligapro-2023","status":"publish","type":"post","link":"https:\/\/www.evafm.net\/sitio\/u-catolica-y-nacional-empataron-1-1-ligapro-2023\/","title":{"rendered":"U. Cat\u00f3lica y Nacional empataron 1 &#8211; 1 LigaPro 2023"},"content":{"rendered":"<p>El viaje y la informaci\u00f3n de evafm.net no se detiene en la <strong>LigaPro 2023 Fecha 5 Fase 2 Serie A <\/strong>se enfrentaron<\/p>\n<p><strong>C.D. Universidad Cat\u00f3lica vs C.D. el Nacional, <\/strong>en el estadio <strong>Ol\u00edmpico Atahualpa.<\/strong><\/p>\n<p>&nbsp;<\/p>\n<p><strong>La Chatole\u00ed<\/strong>\u00a0y <strong>Los Puros Criollos <\/strong>dieron un encuentro emotivo y de buen futbol y en los \u00faltimos minutos<\/p>\n<p>vinieron los goles y el empate para ambos se escrib\u00eda\u00a0 \u00a0<strong>Cat\u00f3lica 1 Nacional 1 . (D)<\/strong><\/p>\n<p>&nbsp;<\/p>\n<p><strong>Gol de\u00a0<\/strong><b>Cat\u00f3lica<\/b><\/p>\n<p><strong>Byron Angulo<\/strong> en el <strong>(minuto 92)<\/strong><\/p>\n<p>&nbsp;<\/p>\n<p><strong>Gol de Nacional<\/strong><\/p>\n<p><strong>\u00c1ngel Qui\u00f1onez<\/strong> en el <strong>(minuto 96)<\/strong><\/p>\n<p>&nbsp;<\/p>\n<p><iframe title=\"RESUMEN | U. Catolica 1-1 El Nacional | Fecha 5 - Fase 2 | LigaPro 2023\" width=\"1200\" height=\"675\" src=\"https:\/\/www.youtube.com\/embed\/-o5hNq8RDCw?feature=oembed\" frameborder=\"0\" allow=\"accelerometer; autoplay; clipboard-write; encrypted-media; gyroscope; picture-in-picture; web-share\" referrerpolicy=\"strict-origin-when-cross-origin\" allowfullscreen><\/iframe><\/p>\n<p>&nbsp;<\/p>\n<p>Fuente: evafm.net &#8211; youtube.com<\/p>\n<p>&nbsp;<\/p>\n<p>&nbsp;<\/p>\n<p>&nbsp;<\/p>\n<p>&nbsp;<\/p>\n<p>&nbsp;<\/p>\n<p>&nbsp;<\/p>\n<p>&nbsp;<\/p>\n<div class=\"gsp_post_data\" \r\n\t            data-post_type=\"post\" \r\n\t            data-cat=\"deportes-ecuador\" \r\n\t            data-modified=\"120\"\r\n\t            data-created=\"1693824960\"\r\n\t            data-title=\"U. Cat\u00f3lica y Nacional empataron 1 &#8211; 1 LigaPro 2023\" \r\n\t            data-home=\"https:\/\/www.evafm.net\/sitio\"><\/div>","protected":false},"excerpt":{"rendered":"<p>El viaje y la informaci\u00f3n de evafm.net no se detiene en la LigaPro 2023 Fecha 5 Fase 2 Serie A se enfrentaron C.D. Universidad Cat\u00f3lica vs C.D. el Nacional, en el estadio Ol\u00edmpico Atahualpa. &nbsp; La Chatole\u00ed\u00a0y Los Puros Criollos dieron un encuentro emotivo y de buen futbol y en los \u00faltimos minutos vinieron los&#8230;<\/p>\n","protected":false},"author":5,"featured_media":75710,"comment_status":"closed","ping_status":"open","sticky":false,"template":"","format":"standard","meta":{"_joinchat":[],"footnotes":""},"categories":[1557],"tags":[],"class_list":["post-75708","post","type-post","status-publish","format-standard","has-post-thumbnail","hentry","category-deportes-ecuador","have-post-thumb"],"_links":{"self":[{"href":"https:\/\/www.evafm.net\/sitio\/wp-json\/wp\/v2\/posts\/75708","targetHints":{"allow":["GET"]}}],"collection":[{"href":"https:\/\/www.evafm.net\/sitio\/wp-json\/wp\/v2\/posts"}],"about":[{"href":"https:\/\/www.evafm.net\/sitio\/wp-json\/wp\/v2\/types\/post"}],"author":[{"embeddable":true,"href":"https:\/\/www.evafm.net\/sitio\/wp-json\/wp\/v2\/users\/5"}],"replies":[{"embeddable":true,"href":"https:\/\/www.evafm.net\/sitio\/wp-json\/wp\/v2\/comments?post=75708"}],"version-history":[{"count":1,"href":"https:\/\/www.evafm.net\/sitio\/wp-json\/wp\/v2\/posts\/75708\/revisions"}],"predecessor-version":[{"id":75711,"href":"https:\/\/www.evafm.net\/sitio\/wp-json\/wp\/v2\/posts\/75708\/revisions\/75711"}],"wp:featuredmedia":[{"embeddable":true,"href":"https:\/\/www.evafm.net\/sitio\/wp-json\/wp\/v2\/media\/75710"}],"wp:attachment":[{"href":"https:\/\/www.evafm.net\/sitio\/wp-json\/wp\/v2\/media?parent=75708"}],"wp:term":[{"taxonomy":"category","embeddable":true,"href":"https:\/\/www.evafm.net\/sitio\/wp-json\/wp\/v2\/categories?post=75708"},{"taxonomy":"post_tag","embeddable":true,"href":"https:\/\/www.evafm.net\/sitio\/wp-json\/wp\/v2\/tags?post=75708"}],"curies":[{"name":"wp","href":"https:\/\/api.w.org\/{rel}","templated":true}]}}