{"id":75825,"date":"2023-09-13T17:12:18","date_gmt":"2023-09-13T22:12:18","guid":{"rendered":"https:\/\/www.evafm.net\/sitio\/?p=75825"},"modified":"2023-09-13T17:12:18","modified_gmt":"2023-09-13T22:12:18","slug":"ecuador-derroto-a-uruguay-2-1-eliminatorias-sudamericanas-2026","status":"publish","type":"post","link":"https:\/\/www.evafm.net\/sitio\/ecuador-derroto-a-uruguay-2-1-eliminatorias-sudamericanas-2026\/","title":{"rendered":"Ecuador derroto a Uruguay 2 &#8211; 1 Eliminatorias Sudamericanas 2026"},"content":{"rendered":"<p>Aqu\u00ed estamos en tiempo y espacio de <strong>Eliminatorias Sudamericanas Copa Mundial FIFA 2026<\/strong><\/p>\n<p>correspondiente a la <strong>Fecha 2 , <\/strong>se enfrentaron <strong>Ecuador vs Uruguay <\/strong>en el estadio<\/p>\n<p><strong>Rodrigo Paz Delgado .\u00a0<\/strong><\/p>\n<p>&nbsp;<\/p>\n<p><strong>La Tri <\/strong>se encontr\u00f3 con una victoria importante de local demostr\u00f3 verg\u00fcenza deportiva y pudo remontar<\/p>\n<p>el marcador , destacamos el trabajo colectivo por la bandas y en el medio campo , pero hay que mejorar<\/p>\n<p>en el momento de salir con bal\u00f3n dominado y pases con efectividad .<\/p>\n<p>&nbsp;<\/p>\n<p><strong>La Celeste\u00a0<\/strong>sorprendi\u00f3 en el reducto de <strong>Ponceano <\/strong>y se adelanto en el marcador , manten\u00eda un esquema<\/p>\n<p>cauteloso y cuando tenia la oportunidad contragolpeaba , pero se vio superado por el rival .<\/p>\n<p>&nbsp;<\/p>\n<p>Final del partido <strong>Ecuador 2 &#8211; Uruguay 1\u00a0<\/strong><\/p>\n<p>&nbsp;<\/p>\n<p>Ecuador salda la deuda de menos tres puntos con los que inici\u00f3 la Eliminatoria al Mundial 2026 por la sanci\u00f3n<\/p>\n<p>impuesta en el caso de Byron Castillo.<\/p>\n<p>Ecuador tendr\u00e1 que visitar a Bolivia en la <strong>Fecha 3<\/strong>\u00a0 y de local enfrentar a Colombia en la\u00a0 <strong>Fecha 4<\/strong> entre el<\/p>\n<p><strong>12 y 17 de Octubre. (D)<\/strong><\/p>\n<p>&nbsp;<\/p>\n<p><strong>Gol de Uruguay<\/strong><\/p>\n<p><strong>Agust\u00edn Canobbio<\/strong> en el <strong>(minuto 38)<\/strong><\/p>\n<p>&nbsp;<\/p>\n<p><strong>Goles de Ecuador<\/strong><\/p>\n<p><strong>F\u00e9lix Torres<\/strong> en el<strong> minuto en el (minuto 50 y 61 )<\/strong><\/p>\n<p>&nbsp;<\/p>\n<p><iframe title=\"ECUADOR vs. URUGUAY [2-1] | RESUMEN | ELIMINATORIAS SUDAMERICANAS | FECHA 2\" width=\"1200\" height=\"675\" src=\"https:\/\/www.youtube.com\/embed\/3tkLJ57YXWY?feature=oembed\" frameborder=\"0\" allow=\"accelerometer; autoplay; clipboard-write; encrypted-media; gyroscope; picture-in-picture; web-share\" referrerpolicy=\"strict-origin-when-cross-origin\" allowfullscreen><\/iframe><\/p>\n<p>&nbsp;<\/p>\n<p>&nbsp;<\/p>\n<p>Fuente: evafm.net &#8211; youtube.com<\/p>\n<p>&nbsp;<\/p>\n<div class=\"gsp_post_data\" \r\n\t            data-post_type=\"post\" \r\n\t            data-cat=\"deportes-internacionales,general\" \r\n\t            data-modified=\"120\"\r\n\t            data-created=\"1694625138\"\r\n\t            data-title=\"Ecuador derroto a Uruguay 2 &#8211; 1 Eliminatorias Sudamericanas 2026\" \r\n\t            data-home=\"https:\/\/www.evafm.net\/sitio\"><\/div>","protected":false},"excerpt":{"rendered":"<p>Aqu\u00ed estamos en tiempo y espacio de Eliminatorias Sudamericanas Copa Mundial FIFA 2026 correspondiente a la Fecha 2 , se enfrentaron Ecuador vs Uruguay en el estadio Rodrigo Paz Delgado .\u00a0 &nbsp; La Tri se encontr\u00f3 con una victoria importante de local demostr\u00f3 verg\u00fcenza deportiva y pudo remontar el marcador , destacamos el trabajo colectivo&#8230;<\/p>\n","protected":false},"author":5,"featured_media":75827,"comment_status":"closed","ping_status":"open","sticky":false,"template":"","format":"standard","meta":{"_joinchat":[],"footnotes":""},"categories":[1342,1720],"tags":[],"class_list":["post-75825","post","type-post","status-publish","format-standard","has-post-thumbnail","hentry","category-deportes-internacionales","category-general","have-post-thumb"],"_links":{"self":[{"href":"https:\/\/www.evafm.net\/sitio\/wp-json\/wp\/v2\/posts\/75825","targetHints":{"allow":["GET"]}}],"collection":[{"href":"https:\/\/www.evafm.net\/sitio\/wp-json\/wp\/v2\/posts"}],"about":[{"href":"https:\/\/www.evafm.net\/sitio\/wp-json\/wp\/v2\/types\/post"}],"author":[{"embeddable":true,"href":"https:\/\/www.evafm.net\/sitio\/wp-json\/wp\/v2\/users\/5"}],"replies":[{"embeddable":true,"href":"https:\/\/www.evafm.net\/sitio\/wp-json\/wp\/v2\/comments?post=75825"}],"version-history":[{"count":1,"href":"https:\/\/www.evafm.net\/sitio\/wp-json\/wp\/v2\/posts\/75825\/revisions"}],"predecessor-version":[{"id":75828,"href":"https:\/\/www.evafm.net\/sitio\/wp-json\/wp\/v2\/posts\/75825\/revisions\/75828"}],"wp:featuredmedia":[{"embeddable":true,"href":"https:\/\/www.evafm.net\/sitio\/wp-json\/wp\/v2\/media\/75827"}],"wp:attachment":[{"href":"https:\/\/www.evafm.net\/sitio\/wp-json\/wp\/v2\/media?parent=75825"}],"wp:term":[{"taxonomy":"category","embeddable":true,"href":"https:\/\/www.evafm.net\/sitio\/wp-json\/wp\/v2\/categories?post=75825"},{"taxonomy":"post_tag","embeddable":true,"href":"https:\/\/www.evafm.net\/sitio\/wp-json\/wp\/v2\/tags?post=75825"}],"curies":[{"name":"wp","href":"https:\/\/api.w.org\/{rel}","templated":true}]}}