{"id":76982,"date":"2023-11-17T19:26:32","date_gmt":"2023-11-18T00:26:32","guid":{"rendered":"https:\/\/www.evafm.net\/sitio\/?p=76982"},"modified":"2023-11-17T19:26:32","modified_gmt":"2023-11-18T00:26:32","slug":"jimmy-kimmel-volvera-a-ser-el-anfitrion-de-la-ceremonia-de-los-oscars-de-2024","status":"publish","type":"post","link":"https:\/\/www.evafm.net\/sitio\/jimmy-kimmel-volvera-a-ser-el-anfitrion-de-la-ceremonia-de-los-oscars-de-2024\/","title":{"rendered":"Jimmy Kimmel volver\u00e1 a ser el anfitri\u00f3n de la ceremonia de los Oscars de 2024"},"content":{"rendered":"<p class=\"paragraph\" data-mrf-recirculation=\"Links inline\">La gala del Premio de la Academia de Artes y Ciencias Cinematogr\u00e1ficas est\u00e1 a la vuelta de la esquina y la organizaci\u00f3n confirm\u00f3 que<\/p>\n<p class=\"paragraph\" data-mrf-recirculation=\"Links inline\"><b>\u00a0el carism\u00e1tico presentador Jimmy Kimmel se situar\u00e1 una vez m\u00e1s en el epicentro de la prestigiosa ceremonia<\/b><\/p>\n<p class=\"paragraph\" data-mrf-recirculation=\"Links inline\"><b> de los Oscar 2024<\/b>.<\/p>\n<p data-mrf-recirculation=\"Links inline\">\n<p class=\"paragraph\" data-mrf-recirculation=\"Links inline\">El ganador de un Emmy\u00a0<b>regresa por cuarta vez<\/b>, consolidando su posici\u00f3n como uno de los maestros de ceremonias m\u00e1s queridos<\/p>\n<p class=\"paragraph\" data-mrf-recirculation=\"Links inline\">del evento.<b>\u00a0<\/b><\/p>\n<p class=\"paragraph\" data-mrf-recirculation=\"Links inline\"><b>Su esposa Molly McNearney<\/b>, nominada a un Emmy, tambi\u00e9n se une nuevamente como productora ejecutiva por segundo a\u00f1o<\/p>\n<p class=\"paragraph\" data-mrf-recirculation=\"Links inline\">consecutivo.<\/p>\n<p data-mrf-recirculation=\"Links inline\">\n<p class=\"paragraph\" data-mrf-recirculation=\"Links inline\">Kimmel, conocido por su estilo perspicaz y su extraordinaria capacidad para manejar situaciones imprevistas<\/p>\n<p class=\"paragraph\" data-mrf-recirculation=\"Links inline\"><b>ha liderado previamente los Oscar en las ediciones de 2017, 2018 y 2023<\/b>.<\/p>\n<p class=\"paragraph\" data-mrf-recirculation=\"Links inline\">Esta vez fue elegido de manera consecutiva para el 2024 y compartir\u00e1 el podio de los\u00a0<b>cuatro veces presentadores de la <\/b><\/p>\n<p class=\"paragraph\" data-mrf-recirculation=\"Links inline\"><b>prestigiosa ceremonia con figuras destacadas como Whoopi Goldberg y Jack Lemmon.<\/b><\/p>\n<p data-mrf-recirculation=\"Links inline\">\n<p data-mrf-recirculation=\"Links inline\">Sin duda, el c\u00f3mico de 56 a\u00f1os es uno de los engre\u00eddos de la Academia.\u00a0<b>\u201cEstamos encantados con el regreso de Jimmy<\/b><\/p>\n<p data-mrf-recirculation=\"Links inline\"><b> como presentador y de Molly como productora ejecutiva de los Oscar\u201d<\/b>, expres\u00f3<b> Bill Kramer<\/b><\/p>\n<p data-mrf-recirculation=\"Links inline\">director general de la Academia y presidente de la misma.<\/p>\n<p data-mrf-recirculation=\"Links inline\">\n<p data-mrf-recirculation=\"Links inline\">\u201cComparten nuestro amor por el cine y nuestro compromiso de producir un espect\u00e1culo din\u00e1mico y entretenido para nuestra<\/p>\n<p data-mrf-recirculation=\"Links inline\">audiencia global. Estamos profundamente agradecidos\u201d.<\/p>\n<p data-mrf-recirculation=\"Links inline\">\n<p class=\"paragraph\" data-mrf-recirculation=\"Links inline\">Por su parte,\u00a0<b>Craig Erwich, presidente de\u00a0<\/b><i><b>ABC\u00a0<\/b><\/i><b>Entertainment,\u00a0<\/b><i><b>Hulu\u00a0<\/b><\/i><b>y Disney Branded Television Streaming Originals<\/b><\/p>\n<p class=\"paragraph\" data-mrf-recirculation=\"Links inline\">no dud\u00f3 en calificar de <b>\u201cmiembro valioso de la familia Disney\u201d\u00a0<\/b>al presentador de\u00a0<i>Jimmy Kimmel Live!<\/i>.<\/p>\n<p data-mrf-recirculation=\"Links inline\">\n<p class=\"paragraph\" data-mrf-recirculation=\"Links inline\">\u201cDespu\u00e9s de su regreso triunfal al escenario de los Oscar el a\u00f1o pasado, nos sentimos honrados de tener a Jimmy de vuelta para guiarnos<\/p>\n<p class=\"paragraph\" data-mrf-recirculation=\"Links inline\">a trav\u00e9s de una de las celebraciones m\u00e1s queridas en el entretenimiento\u201d, dijo.<\/p>\n<p data-mrf-recirculation=\"Links inline\">\n<p class=\"paragraph\" data-mrf-recirculation=\"Links inline\">Tras su confirmaci\u00f3n como maestro de ceremonias, Kimmel no ocult\u00f3 su alegr\u00eda.<\/p>\n<p data-mrf-recirculation=\"Links inline\">\n<p class=\"paragraph\" data-mrf-recirculation=\"Links inline\">\u00a0<b>\u201cSiempre so\u00f1\u00e9 con presentar los Oscar exactamente cuatro veces\u201d<\/b>, expres\u00f3 en un comunicado, subrayando su conexi\u00f3n \u00fanica<\/p>\n<p class=\"paragraph\" data-mrf-recirculation=\"Links inline\">con este prestigioso escenario.<\/p>\n<p class=\"paragraph\" data-mrf-recirculation=\"Links inline\">McNearney, por su parte, se mostr\u00f3 \u201cespecialmente honrada de formar parte del equipo de los Oscar este a\u00f1o\u201d.<\/p>\n<p data-mrf-recirculation=\"Links inline\">\n<p class=\"paragraph\" data-mrf-recirculation=\"Links inline\">Las expectativas son altas tras las participaciones anteriores del c\u00f3mico, quien\u00a0<b>manej\u00f3 con gracia y profesionalismo incidentes <\/b><\/p>\n<p class=\"paragraph\" data-mrf-recirculation=\"Links inline\"><b>como la confusi\u00f3n de la pel\u00edcula ganadora en 2017.<\/b><\/p>\n<p class=\"paragraph\" data-mrf-recirculation=\"Links inline\">Sin duda, la audiencia espera que su ingenio vuelva a invadir el Dolby Theatre en una entrega en donde converjan el humor y el respeto<\/p>\n<p class=\"paragraph\" data-mrf-recirculation=\"Links inline\">por la industria cinematogr\u00e1fica. <strong>(E)<\/strong><\/p>\n<p data-mrf-recirculation=\"Links inline\">\n<p data-mrf-recirculation=\"Links inline\">Fuente: evafm.net &#8211; infobae.com<\/p>\n<div class=\"gsp_post_data\" \r\n\t            data-post_type=\"post\" \r\n\t            data-cat=\"espectaculos,general\" \r\n\t            data-modified=\"120\"\r\n\t            data-created=\"1700249192\"\r\n\t            data-title=\"Jimmy Kimmel volver\u00e1 a ser el anfitri\u00f3n de la ceremonia de los Oscars de 2024\" \r\n\t            data-home=\"https:\/\/www.evafm.net\/sitio\"><\/div>","protected":false},"excerpt":{"rendered":"<p>La gala del Premio de la Academia de Artes y Ciencias Cinematogr\u00e1ficas est\u00e1 a la vuelta de la esquina y la organizaci\u00f3n confirm\u00f3 que \u00a0el carism\u00e1tico presentador Jimmy Kimmel se situar\u00e1 una vez m\u00e1s en el epicentro de la prestigiosa ceremonia de los Oscar 2024. El ganador de un Emmy\u00a0regresa por cuarta vez, consolidando su&#8230;<\/p>\n","protected":false},"author":5,"featured_media":76983,"comment_status":"closed","ping_status":"open","sticky":false,"template":"","format":"standard","meta":{"_joinchat":[],"footnotes":""},"categories":[4,1720],"tags":[],"class_list":["post-76982","post","type-post","status-publish","format-standard","has-post-thumbnail","hentry","category-espectaculos","category-general","have-post-thumb"],"_links":{"self":[{"href":"https:\/\/www.evafm.net\/sitio\/wp-json\/wp\/v2\/posts\/76982","targetHints":{"allow":["GET"]}}],"collection":[{"href":"https:\/\/www.evafm.net\/sitio\/wp-json\/wp\/v2\/posts"}],"about":[{"href":"https:\/\/www.evafm.net\/sitio\/wp-json\/wp\/v2\/types\/post"}],"author":[{"embeddable":true,"href":"https:\/\/www.evafm.net\/sitio\/wp-json\/wp\/v2\/users\/5"}],"replies":[{"embeddable":true,"href":"https:\/\/www.evafm.net\/sitio\/wp-json\/wp\/v2\/comments?post=76982"}],"version-history":[{"count":1,"href":"https:\/\/www.evafm.net\/sitio\/wp-json\/wp\/v2\/posts\/76982\/revisions"}],"predecessor-version":[{"id":76984,"href":"https:\/\/www.evafm.net\/sitio\/wp-json\/wp\/v2\/posts\/76982\/revisions\/76984"}],"wp:featuredmedia":[{"embeddable":true,"href":"https:\/\/www.evafm.net\/sitio\/wp-json\/wp\/v2\/media\/76983"}],"wp:attachment":[{"href":"https:\/\/www.evafm.net\/sitio\/wp-json\/wp\/v2\/media?parent=76982"}],"wp:term":[{"taxonomy":"category","embeddable":true,"href":"https:\/\/www.evafm.net\/sitio\/wp-json\/wp\/v2\/categories?post=76982"},{"taxonomy":"post_tag","embeddable":true,"href":"https:\/\/www.evafm.net\/sitio\/wp-json\/wp\/v2\/tags?post=76982"}],"curies":[{"name":"wp","href":"https:\/\/api.w.org\/{rel}","templated":true}]}}