{"id":77168,"date":"2023-11-27T17:12:05","date_gmt":"2023-11-27T22:12:05","guid":{"rendered":"https:\/\/www.evafm.net\/sitio\/?p=77168"},"modified":"2023-11-27T17:12:05","modified_gmt":"2023-11-27T22:12:05","slug":"diana-salazar-la-abogada-que-empezo-como-amanuense","status":"publish","type":"post","link":"https:\/\/www.evafm.net\/sitio\/diana-salazar-la-abogada-que-empezo-como-amanuense\/","title":{"rendered":"Diana Salazar, la abogada que empez\u00f3 como amanuense"},"content":{"rendered":"<p>Lady Diana Salazar M\u00e9ndez tiene 42 a\u00f1os y lleva 22 trabajando en la Fiscal\u00eda.<\/p>\n<p>En abril de 2019 fue posesionada como Fiscal General del Estado.<\/p>\n<p>&nbsp;<\/p>\n<p>El per\u00edodo de la imbabure\u00f1a terminar\u00e1 en abril de 2025 y no podr\u00e1 ser reelegida.<\/p>\n<p>Su reemplazo lo elegir\u00e1 el Consejo de Participaci\u00f3n Ciudadana y Control Social <strong>(CPCCS). <\/strong><\/p>\n<p>Pese a que todav\u00eda tiene un a\u00f1o y cuatro meses por delante como Fiscal General, el cargo<\/p>\n<p>de Salazar est\u00e1 en entredicho<\/p>\n<p>El corre\u00edsmo, que tiene la bancada m\u00e1s numerosa en la Asamblea Nacional, present\u00f3 una<\/p>\n<p>solicitud de juicio pol\u00edtico con el que se busca destituirla.<\/p>\n<p>&nbsp;<\/p>\n<p>Seg\u00fan la Constituci\u00f3n y la Ley de la Funci\u00f3n Legislativa, la Revoluci\u00f3n Ciudadana necesita<\/p>\n<p>70 votos para censurar a la Fiscal.<\/p>\n<p>Actualmente, este grupo pol\u00edtico tiene 51 votos seguros, por lo que deber\u00eda cabildear en busca<\/p>\n<p>de otros <strong>18.<\/strong><\/p>\n<p><small><\/small><\/p>\n<p>&nbsp;<\/p>\n<p><strong>Diana Salazar pas\u00f3 de asistir a investigar<\/strong><\/p>\n<p>Diana Salazar naci\u00f3 en Ibarra, Imbabura.<\/p>\n<p>Cuando ten\u00eda 16 a\u00f1os se mud\u00f3 a Quito, donde se gradu\u00f3 de bachiller.<\/p>\n<p>En 2001, cuando ten\u00eda 20 a\u00f1os, entr\u00f3 a trabajar a la Fiscal\u00eda de Pichincha como asistente de<\/p>\n<p>una agente, lo que com\u00fanmente se conoc\u00eda como amanuense.<\/p>\n<p>En esa \u00e9poca, Salazar estudiaba derecho en la Universidad Central del Ecuador.<\/p>\n<p>Cumpl\u00eda horario de oficina en el Ministerio P\u00fablico y luego se integraba a la vida estudiantil.<\/p>\n<p>Tras graduarse, en 2006, Salazar ascendi\u00f3 a Secretaria de la Fiscal\u00eda de Pichincha.<\/p>\n<p>Y en 2011, finalmente, accedi\u00f3 a su propio despacho, tras ser designada como fiscal.<\/p>\n<p>En esos a\u00f1os se dedicaba a casos peque\u00f1os como robos de celulares.<\/p>\n<p>Su carrera dio un salto en 2016, cuando dirigi\u00f3 su carrera hacia la administraci\u00f3n p\u00fablica.<\/p>\n<p>Dirigi\u00f3 la Unidad de Lucha Contra la Corrupci\u00f3n de la Fiscal\u00eda.<\/p>\n<p>&nbsp;<\/p>\n<p>Estuvo detr\u00e1s de la investigaci\u00f3n del FIFA Gate en Ecuador, caso en el que fue sentenciado<\/p>\n<p>Luis Chiriboga expresidente de la Federaci\u00f3n Ecuatoriana de Futbol.<\/p>\n<p>&nbsp;<\/p>\n<p>Asimismo particip\u00f3 en el cap\u00edtulo ecuatoriano del Caso Odebrecht.<\/p>\n<p>Su investigaci\u00f3n recopil\u00f3 parte de los indicios para la sentencia de <strong>Jorge Glas<\/strong><\/p>\n<p><strong>\u00a0exvicepresidente<\/strong> de <strong>Rafael Correa.<\/strong><\/p>\n<p>&nbsp;<\/p>\n<p>En 2018, el entonces presidente Len\u00edn Moreno la nombr\u00f3 directora de la<\/p>\n<p>Unidad de Lavado de Activos\u00a0 <strong>(UAFE). <\/strong><\/p>\n<p>Pese a ese nombramiento, cuatro a\u00f1os despu\u00e9s, Salazar proces\u00f3 a Moreno por el caso<\/p>\n<p><strong>Sinohydro. <\/strong><\/p>\n<p>Tras su paso por la UAFE, Diana Salazar particip\u00f3 en el concurso organizado por el<\/p>\n<p>CPCCS transitorio que presidi\u00f3 Julio C\u00e9sar Trujillo, para nombrar al nuevo<\/p>\n<p><strong>Fiscal General. <\/strong><\/p>\n<p><strong>Gan\u00f3 el concurso tras obtener 88,17 sobre 100 puntos. (I)<\/strong><\/p>\n<p>Fuente: evafm.net &#8211; primicias.ec<\/p>\n<div class=\"gsp_post_data\" \r\n\t            data-post_type=\"post\" \r\n\t            data-cat=\"noticias-ecuador\" \r\n\t            data-modified=\"120\"\r\n\t            data-created=\"1701105125\"\r\n\t            data-title=\"Diana Salazar, la abogada que empez\u00f3 como amanuense\" \r\n\t            data-home=\"https:\/\/www.evafm.net\/sitio\"><\/div>","protected":false},"excerpt":{"rendered":"<p>Lady Diana Salazar M\u00e9ndez tiene 42 a\u00f1os y lleva 22 trabajando en la Fiscal\u00eda. En abril de 2019 fue posesionada como Fiscal General del Estado. &nbsp; El per\u00edodo de la imbabure\u00f1a terminar\u00e1 en abril de 2025 y no podr\u00e1 ser reelegida. Su reemplazo lo elegir\u00e1 el Consejo de Participaci\u00f3n Ciudadana y Control Social (CPCCS). Pese&#8230;<\/p>\n","protected":false},"author":5,"featured_media":77169,"comment_status":"closed","ping_status":"open","sticky":false,"template":"","format":"standard","meta":{"_joinchat":[],"footnotes":""},"categories":[1558],"tags":[],"class_list":["post-77168","post","type-post","status-publish","format-standard","has-post-thumbnail","hentry","category-noticias-ecuador","have-post-thumb"],"_links":{"self":[{"href":"https:\/\/www.evafm.net\/sitio\/wp-json\/wp\/v2\/posts\/77168","targetHints":{"allow":["GET"]}}],"collection":[{"href":"https:\/\/www.evafm.net\/sitio\/wp-json\/wp\/v2\/posts"}],"about":[{"href":"https:\/\/www.evafm.net\/sitio\/wp-json\/wp\/v2\/types\/post"}],"author":[{"embeddable":true,"href":"https:\/\/www.evafm.net\/sitio\/wp-json\/wp\/v2\/users\/5"}],"replies":[{"embeddable":true,"href":"https:\/\/www.evafm.net\/sitio\/wp-json\/wp\/v2\/comments?post=77168"}],"version-history":[{"count":1,"href":"https:\/\/www.evafm.net\/sitio\/wp-json\/wp\/v2\/posts\/77168\/revisions"}],"predecessor-version":[{"id":77170,"href":"https:\/\/www.evafm.net\/sitio\/wp-json\/wp\/v2\/posts\/77168\/revisions\/77170"}],"wp:featuredmedia":[{"embeddable":true,"href":"https:\/\/www.evafm.net\/sitio\/wp-json\/wp\/v2\/media\/77169"}],"wp:attachment":[{"href":"https:\/\/www.evafm.net\/sitio\/wp-json\/wp\/v2\/media?parent=77168"}],"wp:term":[{"taxonomy":"category","embeddable":true,"href":"https:\/\/www.evafm.net\/sitio\/wp-json\/wp\/v2\/categories?post=77168"},{"taxonomy":"post_tag","embeddable":true,"href":"https:\/\/www.evafm.net\/sitio\/wp-json\/wp\/v2\/tags?post=77168"}],"curies":[{"name":"wp","href":"https:\/\/api.w.org\/{rel}","templated":true}]}}