{"id":77180,"date":"2023-11-28T17:06:45","date_gmt":"2023-11-28T22:06:45","guid":{"rendered":"https:\/\/www.evafm.net\/sitio\/?p=77180"},"modified":"2023-11-28T17:06:45","modified_gmt":"2023-11-28T22:06:45","slug":"fechas-y-horarios-de-las-finales-de-la-ligapro-2023","status":"publish","type":"post","link":"https:\/\/www.evafm.net\/sitio\/fechas-y-horarios-de-las-finales-de-la-ligapro-2023\/","title":{"rendered":"Fechas y horarios de las finales de la LigaPro 2023"},"content":{"rendered":"<p><strong>La LigaPro se prepara para coronar a su campe\u00f3n de la temporada 2023. <\/strong><\/p>\n<p>El t\u00edtulo se disputar\u00e1 entre <strong>Independiente del Valle y Liga de Quito. <\/strong><\/p>\n<p>&nbsp;<\/p>\n<p>Ambos clubes escribieron una carta solicitando a la LigaPro que las dos finales se jueguen a las 16:30<\/p>\n<p><strong>David Constante<\/strong> director de competencias, inform\u00f3 que se aprobaron estos horarios.<\/p>\n<p>&nbsp;<\/p>\n<p>La final de ida se jugar\u00e1 el domingo 10 de diciembre, en el estadio Banco Guayaquil, en Sangolqu\u00ed<\/p>\n<p>y la vuelta ser\u00e1 el domingo 17 de diciembre, en el estadio Rodrigo Paz Delgado, en Quito.<\/p>\n<p>Las dos finales se transmitir\u00e1n por\u00a0 <strong>GolTV y Star Plus. (D)<\/strong><\/p>\n<p><strong>Fechas y horarios de las finales de LigaPro<\/strong><\/p>\n<p><small><\/small><\/p>\n<p><strong>Independiente del Valle vs. Liga de Quito <\/strong><\/p>\n<p>Domingo 10 de diciembre<\/p>\n<p>Hora: <strong>16:30<\/strong><\/p>\n<p><strong>Estadio:<\/strong> Banco Guayaquil, Sangolqu\u00ed<\/p>\n<p><strong>Liga de Quito vs. Independiente del Valle <\/strong><\/p>\n<p>Domingo 17 de diciembre<\/p>\n<p><strong>Hora:<\/strong> 16:30<\/p>\n<p><strong>Estadio:<\/strong> Rodrigo Paz Delgado, Quito<\/p>\n<p>Fuente: evafm.net &#8211; primicias.ec<\/p>\n<div class=\"gsp_post_data\" \r\n\t            data-post_type=\"post\" \r\n\t            data-cat=\"deportes-ecuador,general\" \r\n\t            data-modified=\"120\"\r\n\t            data-created=\"1701191205\"\r\n\t            data-title=\"Fechas y horarios de las finales de la LigaPro 2023\" \r\n\t            data-home=\"https:\/\/www.evafm.net\/sitio\"><\/div>","protected":false},"excerpt":{"rendered":"<p>La LigaPro se prepara para coronar a su campe\u00f3n de la temporada 2023. El t\u00edtulo se disputar\u00e1 entre Independiente del Valle y Liga de Quito. &nbsp; Ambos clubes escribieron una carta solicitando a la LigaPro que las dos finales se jueguen a las 16:30 David Constante director de competencias, inform\u00f3 que se aprobaron estos horarios&#8230;.<\/p>\n","protected":false},"author":5,"featured_media":77181,"comment_status":"closed","ping_status":"open","sticky":false,"template":"","format":"standard","meta":{"_joinchat":[],"footnotes":""},"categories":[1557,1720],"tags":[],"class_list":["post-77180","post","type-post","status-publish","format-standard","has-post-thumbnail","hentry","category-deportes-ecuador","category-general","have-post-thumb"],"_links":{"self":[{"href":"https:\/\/www.evafm.net\/sitio\/wp-json\/wp\/v2\/posts\/77180","targetHints":{"allow":["GET"]}}],"collection":[{"href":"https:\/\/www.evafm.net\/sitio\/wp-json\/wp\/v2\/posts"}],"about":[{"href":"https:\/\/www.evafm.net\/sitio\/wp-json\/wp\/v2\/types\/post"}],"author":[{"embeddable":true,"href":"https:\/\/www.evafm.net\/sitio\/wp-json\/wp\/v2\/users\/5"}],"replies":[{"embeddable":true,"href":"https:\/\/www.evafm.net\/sitio\/wp-json\/wp\/v2\/comments?post=77180"}],"version-history":[{"count":1,"href":"https:\/\/www.evafm.net\/sitio\/wp-json\/wp\/v2\/posts\/77180\/revisions"}],"predecessor-version":[{"id":77182,"href":"https:\/\/www.evafm.net\/sitio\/wp-json\/wp\/v2\/posts\/77180\/revisions\/77182"}],"wp:featuredmedia":[{"embeddable":true,"href":"https:\/\/www.evafm.net\/sitio\/wp-json\/wp\/v2\/media\/77181"}],"wp:attachment":[{"href":"https:\/\/www.evafm.net\/sitio\/wp-json\/wp\/v2\/media?parent=77180"}],"wp:term":[{"taxonomy":"category","embeddable":true,"href":"https:\/\/www.evafm.net\/sitio\/wp-json\/wp\/v2\/categories?post=77180"},{"taxonomy":"post_tag","embeddable":true,"href":"https:\/\/www.evafm.net\/sitio\/wp-json\/wp\/v2\/tags?post=77180"}],"curies":[{"name":"wp","href":"https:\/\/api.w.org\/{rel}","templated":true}]}}