{"id":78352,"date":"2024-01-15T15:31:08","date_gmt":"2024-01-15T20:31:08","guid":{"rendered":"https:\/\/www.evafm.net\/sitio\/?p=78352"},"modified":"2024-01-15T15:31:08","modified_gmt":"2024-01-15T20:31:08","slug":"israel-anuncio-el-fin-de-la-fase-intensiva-de-la-guerra-en-el-norte-de-gaza","status":"publish","type":"post","link":"https:\/\/www.evafm.net\/sitio\/israel-anuncio-el-fin-de-la-fase-intensiva-de-la-guerra-en-el-norte-de-gaza\/","title":{"rendered":"Israel anunci\u00f3 el fin de la \u201cfase intensiva\u201d de la guerra en el norte de Gaza"},"content":{"rendered":"<p>El ministro de Defensa israel\u00ed,\u00a0<b>Yoav Gallant<\/b>, anunci\u00f3 este lunes el\u00a0<b>fin de la \u201cfase intensiva\u201d<\/b>\u00a0de la guerra en el norte de la<\/p>\n<p><strong>Franja de Gaza,<\/strong> y adelant\u00f3 que pronto terminar\u00e1 tambi\u00e9n en el \u00e1rea de<b>\u00a0Jan Yunis<\/b>, donde se concentran ahora los combates<\/p>\n<p>en el sur del enclave.<\/p>\n<p data-mrf-recirculation=\"Links inline\">\n<p class=\"paragraph\" data-mrf-recirculation=\"Links inline\">Gallant explic\u00f3 que las tropas est\u00e1n llevando a cabo operaciones de menor intensidad en el norte de la Franja.<\/p>\n<p class=\"paragraph\" data-mrf-recirculation=\"Links inline\">\u201ctras<b>\u00a0derrotar a todos los batallones de Hamas en la zona<\/b>\u201d, el mismo d\u00eda que el Ej\u00e9rcito israel\u00ed inform\u00f3 de la retirada<\/p>\n<p class=\"paragraph\" data-mrf-recirculation=\"Links inline\">de una de las divisiones que operan en el enclave, donde quedan a\u00fan tres.<\/p>\n<div class=\"inline ad-wrapper\">\n<div><\/div>\n<div class=\"dfpAd ad-inline\">\u201cEn el sur de la Franja de Gaza, la fase intensiva terminar\u00e1 pronto\u201d, avanz\u00f3 Gallant en referencia a la batalla de Jan Yunis, basti\u00f3n<\/div>\n<div><\/div>\n<div class=\"dfpAd ad-inline\">de Hamas en el sur, sin dar un calendario exacto.<\/div>\n<\/div>\n<p class=\"paragraph\" data-mrf-recirculation=\"Links inline\">Los palestinos gobernar\u00e1n la Franja de Gaza despu\u00e9s de que termine la guerra con Israel, dijo tambi\u00e9n el Ministro de Defensa de Israel.<\/p>\n<p data-mrf-recirculation=\"Links inline\">\n<p class=\"paragraph\" data-mrf-recirculation=\"Links inline\">\u201cLos palestinos viven en Gaza y por lo tanto\u00a0<b>los palestinos la gobernar\u00e1n en el futuro.<\/b><\/p>\n<p class=\"paragraph\" data-mrf-recirculation=\"Links inline\">El futuro gobierno de Gaza debe surgir de la Franja de Gaza\u201d, dijo Gallant en una conferencia de prensa.<\/p>\n<p class=\"paragraph\" data-mrf-recirculation=\"Links inline\">\u201c<b>Al final de la guerra no habr\u00e1 una amenaza militar desde Gaza.<\/b><\/p>\n<p class=\"paragraph\" data-mrf-recirculation=\"Links inline\">Hamas no podr\u00e1 gobernar ni funcionar como fuerza militar en la Franja de Gaza\u201d.<\/p>\n<p data-mrf-recirculation=\"Links inline\">\n<p class=\"paragraph\" data-mrf-recirculation=\"Links inline\">Dijo que el futuro gobierno ser\u00eda una <strong>\u201calternativa civil\u201d,<\/strong> pero insisti\u00f3 en que las fuerzas israel\u00edes tendr\u00edan <strong>\u201clibertad de operaci\u00f3n\u201d <\/strong><\/p>\n<p class=\"paragraph\" data-mrf-recirculation=\"Links inline\">de una manera destinada a proteger a los ciudadanos israel\u00edes.<\/p>\n<p class=\"paragraph\" data-mrf-recirculation=\"Links inline\">Hama\u00e1s, el movimiento islamista que ha gobernado la Franja de Gaza desde 2007, entr\u00f3 en guerra con Israel cuando sus combatientes<\/p>\n<p class=\"paragraph\" data-mrf-recirculation=\"Links inline\">atravesaron la frontera militarizada del territorio palestino con Israel y atacaron comunidades del sur de Israel el\u00a0<b>7 de octubre.<\/b><\/p>\n<p class=\"paragraph\" data-mrf-recirculation=\"Links inline\">El ataque provoc\u00f3 la muerte de unas\u00a0<b>1.140 personas en Israel,<\/b>\u00a0en su mayor\u00eda civiles, seg\u00fan un recuento de la\u00a0<i>AFP<\/i>\u00a0basado en las<\/p>\n<p class=\"paragraph\" data-mrf-recirculation=\"Links inline\">\u00faltimas cifras israel\u00edes.<\/p>\n<p>&nbsp;<\/p>\n<p class=\"paragraph\" data-mrf-recirculation=\"Links inline\">La ofensiva de represalia de Israel desde entonces ha matado a m\u00e1s de\u00a0<b>24.000 personas en Gaza<\/b>, en su mayor\u00eda mujeres y ni\u00f1os<\/p>\n<p class=\"paragraph\" data-mrf-recirculation=\"Links inline\">seg\u00fan el Ministerio de Salud del territorio.<\/p>\n<p data-mrf-recirculation=\"Links inline\">\n<p class=\"paragraph\" data-mrf-recirculation=\"Links inline\">Por otra parte, el secretario general de la ONU,\u00a0<b>Antonio Guterres<\/b>, inst\u00f3 el lunes a un alto el fuego humanitario \u201cinmediato\u201d en Gaza<\/p>\n<p class=\"paragraph\" data-mrf-recirculation=\"Links inline\">en una declaraci\u00f3n en la que pidi\u00f3 la liberaci\u00f3n de los rehenes israel\u00edes en manos de Ham\u00e1s y la entrada de ayuda \u201csuficiente\u201d para los<\/p>\n<p class=\"paragraph\" data-mrf-recirculation=\"Links inline\">gazat\u00edes, al cumplirse\u00a0<b>100 d\u00edas del conflicto entre Israel y el movimiento palestino.<\/b><\/p>\n<p data-mrf-recirculation=\"Links inline\">\n<p class=\"paragraph\" data-mrf-recirculation=\"Links inline\">\u201cNecesitamos un alto el fuego humanitario inmediato\u201d en Gaza para garantizar que \u201cllega suficiente ayuda donde se necesita\u201d y para<\/p>\n<p class=\"paragraph\" data-mrf-recirculation=\"Links inline\">\u201capagar las llamas de una guerra m\u00e1s amplia, porque cuanto m\u00e1s se prolongue el conflicto en Gaza, mayor ser\u00e1 el riesgo de escalada<\/p>\n<p class=\"paragraph\" data-mrf-recirculation=\"Links inline\">y error de c\u00e1lculo\u201d, dijo Guterres en una declaraci\u00f3n a la prensa en Nueva York.<\/p>\n<p class=\"paragraph\" data-mrf-recirculation=\"Links inline\">\u201cEs mi deber transmitir este mensaje simple y directo a todas las partes:<\/p>\n<p class=\"paragraph\" data-mrf-recirculation=\"Links inline\">Dejen de jugar con fuego al otro lado de la L\u00ednea Azul, desescalen y pongan fin a las hostilidades\u201d, dijo, antes de recordar<\/p>\n<p class=\"paragraph\" data-mrf-recirculation=\"Links inline\">\u201cque no podemos ver en el L\u00edbano lo que estamos viendo en Gaza\u201d. <strong>(I)<\/strong><\/p>\n<p class=\"paragraph\" data-mrf-recirculation=\"Links inline\"><strong><i>(Con informaci\u00f3n de EFE y AFP)<\/i><\/strong><\/p>\n<p data-mrf-recirculation=\"Links inline\">\n<p data-mrf-recirculation=\"Links inline\">Fuente: evafm.net &#8211; infobae.com<\/p>\n<div class=\"gsp_post_data\" \r\n\t            data-post_type=\"post\" \r\n\t            data-cat=\"general,noticias-internacionales\" \r\n\t            data-modified=\"120\"\r\n\t            data-created=\"1705332668\"\r\n\t            data-title=\"Israel anunci\u00f3 el fin de la \u201cfase intensiva\u201d de la guerra en el norte de Gaza\" \r\n\t            data-home=\"https:\/\/www.evafm.net\/sitio\"><\/div>","protected":false},"excerpt":{"rendered":"<p>El ministro de Defensa israel\u00ed,\u00a0Yoav Gallant, anunci\u00f3 este lunes el\u00a0fin de la \u201cfase intensiva\u201d\u00a0de la guerra en el norte de la Franja de Gaza, y adelant\u00f3 que pronto terminar\u00e1 tambi\u00e9n en el \u00e1rea de\u00a0Jan Yunis, donde se concentran ahora los combates en el sur del enclave. Gallant explic\u00f3 que las tropas est\u00e1n llevando a cabo&#8230;<\/p>\n","protected":false},"author":5,"featured_media":78353,"comment_status":"closed","ping_status":"open","sticky":false,"template":"","format":"standard","meta":{"_joinchat":[],"footnotes":""},"categories":[1720,1345],"tags":[],"class_list":["post-78352","post","type-post","status-publish","format-standard","has-post-thumbnail","hentry","category-general","category-noticias-internacionales","have-post-thumb"],"_links":{"self":[{"href":"https:\/\/www.evafm.net\/sitio\/wp-json\/wp\/v2\/posts\/78352","targetHints":{"allow":["GET"]}}],"collection":[{"href":"https:\/\/www.evafm.net\/sitio\/wp-json\/wp\/v2\/posts"}],"about":[{"href":"https:\/\/www.evafm.net\/sitio\/wp-json\/wp\/v2\/types\/post"}],"author":[{"embeddable":true,"href":"https:\/\/www.evafm.net\/sitio\/wp-json\/wp\/v2\/users\/5"}],"replies":[{"embeddable":true,"href":"https:\/\/www.evafm.net\/sitio\/wp-json\/wp\/v2\/comments?post=78352"}],"version-history":[{"count":1,"href":"https:\/\/www.evafm.net\/sitio\/wp-json\/wp\/v2\/posts\/78352\/revisions"}],"predecessor-version":[{"id":78354,"href":"https:\/\/www.evafm.net\/sitio\/wp-json\/wp\/v2\/posts\/78352\/revisions\/78354"}],"wp:featuredmedia":[{"embeddable":true,"href":"https:\/\/www.evafm.net\/sitio\/wp-json\/wp\/v2\/media\/78353"}],"wp:attachment":[{"href":"https:\/\/www.evafm.net\/sitio\/wp-json\/wp\/v2\/media?parent=78352"}],"wp:term":[{"taxonomy":"category","embeddable":true,"href":"https:\/\/www.evafm.net\/sitio\/wp-json\/wp\/v2\/categories?post=78352"},{"taxonomy":"post_tag","embeddable":true,"href":"https:\/\/www.evafm.net\/sitio\/wp-json\/wp\/v2\/tags?post=78352"}],"curies":[{"name":"wp","href":"https:\/\/api.w.org\/{rel}","templated":true}]}}