{"id":78355,"date":"2024-01-15T15:42:18","date_gmt":"2024-01-15T20:42:18","guid":{"rendered":"https:\/\/www.evafm.net\/sitio\/?p=78355"},"modified":"2024-01-15T15:42:18","modified_gmt":"2024-01-15T20:42:18","slug":"un-ex-capo-narco-revelo-los-negocios-del-cartel-de-medellin-en-cuba","status":"publish","type":"post","link":"https:\/\/www.evafm.net\/sitio\/un-ex-capo-narco-revelo-los-negocios-del-cartel-de-medellin-en-cuba\/","title":{"rendered":"Un ex capo narco revel\u00f3 los negocios del Cartel de Medell\u00edn en Cuba"},"content":{"rendered":"<p>El exnarcotraficante\u00a0<b>Carlos Lehder<\/b>, ex miembro del <strong>Cartel de Medell\u00edn<\/strong>, arroj\u00f3 luz sobre los oscuros negocios del <strong>narcotr\u00e1fico <\/strong><\/p>\n<p>en Cuba y la presunta complicidad del general\u00a0<b>Ra\u00fal Castro<\/b>, quien gobern\u00f3 la isla durante m\u00e1s de una d\u00e9cada.<\/p>\n<p>&nbsp;<\/p>\n<p>Estas revelaciones, detalladas en el libro <strong>\u201cVida y muerte del cartel de Medell\u00edn\u201d,<\/strong> destacan c\u00f3mo el dinero y el poder de los<\/p>\n<p>capos colombianos en los a\u00f1os 80 fueron posibles gracias a la complicidad de varios gobiernos, incluido el r\u00e9gimen de Cuba.<\/p>\n<p>&nbsp;<\/p>\n<p class=\"paragraph\" data-mrf-recirculation=\"Links inline\">Lehder, quien cumpli\u00f3 condena en Estados Unidos por narcotr\u00e1fico, narra c\u00f3mo\u00a0<b>los llamados \u201cextraditables\u201d<\/b><\/p>\n<p class=\"paragraph\" data-mrf-recirculation=\"Links inline\">manten\u00edan relaciones con los <b>gobiernos de Cuba, Panam\u00e1, Nicaragua y Bahamas<\/b>, pagando<\/p>\n<p class=\"paragraph\" data-mrf-recirculation=\"Links inline\"><b>millones de d\u00f3lares<\/b> para asegurar el tr\u00e1fico sin obst\u00e1culos de droga colombiana hacia Estados Unidos.<\/p>\n<p data-mrf-recirculation=\"Links inline\">\n<p class=\"paragraph\" data-mrf-recirculation=\"Links inline\">En el caso de Cuba,\u00a0<b>Lehder afirma que el general Ra\u00fal Castro dio luz verde a estos negocios<\/b>, se\u00f1alando una<\/p>\n<p class=\"paragraph\" data-mrf-recirculation=\"Links inline\"><b>conexi\u00f3n directa<\/b>\u00a0entre los capos colombianos, como <strong>Pablo Escobar y Gonzalo Rodr\u00edguez Gacha.<\/strong><\/p>\n<p class=\"paragraph\" data-mrf-recirculation=\"Links inline\">\u00a0y altos funcionarios cubanos, incluyendo al coronel <strong>Antonio de la Guardia.<\/strong><\/p>\n<p data-mrf-recirculation=\"Links inline\">\n<p data-mrf-recirculation=\"Links inline\">Estas afirmaciones apuntan a\u00a0<b>una red de complicidades que facilit\u00f3 la entrada y salida de grandes cargamentos<\/b><\/p>\n<p data-mrf-recirculation=\"Links inline\"><b> de droga <\/b>desde la isla.<\/p>\n<p data-mrf-recirculation=\"Links inline\">\n<p class=\"paragraph\" data-mrf-recirculation=\"Links inline\">El exnarcotraficante relata c\u00f3mo se reuni\u00f3 con autoridades cubanas en la d\u00e9cada de 1980 para establecer una<\/p>\n<p class=\"paragraph\" data-mrf-recirculation=\"Links inline\">\u00a0<b>base de operaciones en Cayo Largo<\/b>, una isla en Cuba.<\/p>\n<p class=\"paragraph\" data-mrf-recirculation=\"Links inline\">Asegura que, durante estas negociaciones, los cubanos estaban m\u00e1s interesados en los d\u00f3lares que generar\u00eda el narcotr\u00e1fico<\/p>\n<p class=\"paragraph\" data-mrf-recirculation=\"Links inline\">que en otras mercanc\u00edas.<\/p>\n<p data-mrf-recirculation=\"Links inline\">\n<p class=\"paragraph\" data-mrf-recirculation=\"Links inline\">Lehder\u00a0<b>describe un encuentro con Ra\u00fal Castro<\/b>, en el que, seg\u00fan \u00e9l, el general cubano\u00a0<b>le dio la bienvenida a \u201cCuba libre\u201d\u00a0<\/b><\/p>\n<p class=\"paragraph\" data-mrf-recirculation=\"Links inline\">y expres\u00f3 la necesidad de obtener todos los d\u00f3lares posibles.<\/p>\n<p data-mrf-recirculation=\"Links inline\">\n<p class=\"paragraph\" data-mrf-recirculation=\"Links inline\"><strong>Antes de la reuni\u00f3n, le dijeron que ser\u00eda breve. <\/strong><\/p>\n<p data-mrf-recirculation=\"Links inline\">\n<p class=\"paragraph\" data-mrf-recirculation=\"Links inline\">Seg\u00fan el libro,\u00a0<b>estas fueron las palabras de Castro,\u00a0<\/b>seg\u00fan la rese\u00f1a de la revista\u00a0<i>Semana<\/i>:<\/p>\n<p data-mrf-recirculation=\"Links inline\"><strong>\u201cAqu\u00ed en Cuba hemos logrado much\u00edsimos avances en educaci\u00f3n, medicina y agricultura.<\/strong><\/p>\n<p class=\"paragraph\" data-mrf-recirculation=\"Links inline\"><strong> Nuestro comercio est\u00e1 creciendo, a pesar del bloqueo yanqui; la Revoluci\u00f3n cubana es invencible. <\/strong><\/p>\n<p class=\"paragraph\" data-mrf-recirculation=\"Links inline\"><strong>Disfrute su estad\u00eda. Puede retirarse\u201d<\/strong><\/p>\n<p class=\"paragraph\" data-mrf-recirculation=\"Links inline\">Aunque las palabras de Ra\u00fal Castro no se refirieron directamente al narcotr\u00e1fico.<\/p>\n<p class=\"paragraph\" data-mrf-recirculation=\"Links inline\"><b>Lehder interpret\u00f3 este encuentro como una aprobaci\u00f3n t\u00e1cita de sus actividades il\u00edcitas.<\/b><\/p>\n<p data-mrf-recirculation=\"Links inline\">\n<p data-mrf-recirculation=\"Links inline\">El exnarcotraficante tambi\u00e9n resalta el papel del\u00a0<b>coronel De la Guardia<\/b>, quien\u00a0<b>gestion\u00f3 la conexi\u00f3n<\/b><\/p>\n<p data-mrf-recirculation=\"Links inline\">\u00a0entre los capos colombianos y el r\u00e9gimen cubano.<\/p>\n<p data-mrf-recirculation=\"Links inline\">\n<p data-mrf-recirculation=\"Links inline\"><strong>Seg\u00fan Lehder,<\/strong> se le autoriz\u00f3 utilizar Cayo Largo para operaciones de narcotr\u00e1fico, recibiendo<\/p>\n<p data-mrf-recirculation=\"Links inline\"><b>cinco millones de d\u00f3lares en efectivo<\/b>\u00a0para cubrir los gastos del gobierno cubano en la isla.<\/p>\n<p data-mrf-recirculation=\"Links inline\">En un momento, seg\u00fan las memorias de Lehder. el coronel le expres\u00f3:<\/p>\n<p data-mrf-recirculation=\"Links inline\"><strong>\u201cPor ahora, solamente le puedo confirmar que necesitamos todos los d\u00f3lares que podamos conseguir\u201d. (I)<\/strong><\/p>\n<p data-mrf-recirculation=\"Links inline\">\n<p data-mrf-recirculation=\"Links inline\"><img fetchpriority=\"high\" decoding=\"async\" class=\" lazyload\" src=\"https:\/\/www.infobae.com\/new-resizer\/Jby0PHn45sg7ycNT8N2yn1BwoNI=\/420x236\/filters:format(webp):quality(85)\/cloudfront-us-east-1.images.arcpublishing.com\/infobae\/KRR6Q3OGN5B4FCGI32VX27NDIM.jpg%20420w\" alt=\"Pablo Escobar y Carlos Lehder, fundadores del Cartel de Medell\u00edn.\" width=\"590\" height=\"332\" data-src=\"https:\/\/www.infobae.com\/new-resizer\/Jby0PHn45sg7ycNT8N2yn1BwoNI=\/420x236\/filters:format(webp):quality(85)\/cloudfront-us-east-1.images.arcpublishing.com\/infobae\/KRR6Q3OGN5B4FCGI32VX27NDIM.jpg 420w\" \/><\/p>\n<p data-mrf-recirculation=\"Links inline\"><strong>Pablo Escobar y Carlos Lehder, fundadores del Cartel de Medell\u00edn<\/strong><\/p>\n<p data-mrf-recirculation=\"Links inline\">\n<p data-mrf-recirculation=\"Links inline\">\n<p data-mrf-recirculation=\"Links inline\">Fuente: evafm.net &#8211; infobae.com<\/p>\n<div class=\"gsp_post_data\" \r\n\t            data-post_type=\"post\" \r\n\t            data-cat=\"noticias-internacionales\" \r\n\t            data-modified=\"120\"\r\n\t            data-created=\"1705333338\"\r\n\t            data-title=\"Un ex capo narco revel\u00f3 los negocios del Cartel de Medell\u00edn en Cuba\" \r\n\t            data-home=\"https:\/\/www.evafm.net\/sitio\"><\/div>","protected":false},"excerpt":{"rendered":"<p>El exnarcotraficante\u00a0Carlos Lehder, ex miembro del Cartel de Medell\u00edn, arroj\u00f3 luz sobre los oscuros negocios del narcotr\u00e1fico en Cuba y la presunta complicidad del general\u00a0Ra\u00fal Castro, quien gobern\u00f3 la isla durante m\u00e1s de una d\u00e9cada. &nbsp; Estas revelaciones, detalladas en el libro \u201cVida y muerte del cartel de Medell\u00edn\u201d, destacan c\u00f3mo el dinero y el&#8230;<\/p>\n","protected":false},"author":5,"featured_media":78356,"comment_status":"closed","ping_status":"open","sticky":false,"template":"","format":"standard","meta":{"_joinchat":[],"footnotes":""},"categories":[1345],"tags":[],"class_list":["post-78355","post","type-post","status-publish","format-standard","has-post-thumbnail","hentry","category-noticias-internacionales","have-post-thumb"],"_links":{"self":[{"href":"https:\/\/www.evafm.net\/sitio\/wp-json\/wp\/v2\/posts\/78355","targetHints":{"allow":["GET"]}}],"collection":[{"href":"https:\/\/www.evafm.net\/sitio\/wp-json\/wp\/v2\/posts"}],"about":[{"href":"https:\/\/www.evafm.net\/sitio\/wp-json\/wp\/v2\/types\/post"}],"author":[{"embeddable":true,"href":"https:\/\/www.evafm.net\/sitio\/wp-json\/wp\/v2\/users\/5"}],"replies":[{"embeddable":true,"href":"https:\/\/www.evafm.net\/sitio\/wp-json\/wp\/v2\/comments?post=78355"}],"version-history":[{"count":1,"href":"https:\/\/www.evafm.net\/sitio\/wp-json\/wp\/v2\/posts\/78355\/revisions"}],"predecessor-version":[{"id":78357,"href":"https:\/\/www.evafm.net\/sitio\/wp-json\/wp\/v2\/posts\/78355\/revisions\/78357"}],"wp:featuredmedia":[{"embeddable":true,"href":"https:\/\/www.evafm.net\/sitio\/wp-json\/wp\/v2\/media\/78356"}],"wp:attachment":[{"href":"https:\/\/www.evafm.net\/sitio\/wp-json\/wp\/v2\/media?parent=78355"}],"wp:term":[{"taxonomy":"category","embeddable":true,"href":"https:\/\/www.evafm.net\/sitio\/wp-json\/wp\/v2\/categories?post=78355"},{"taxonomy":"post_tag","embeddable":true,"href":"https:\/\/www.evafm.net\/sitio\/wp-json\/wp\/v2\/tags?post=78355"}],"curies":[{"name":"wp","href":"https:\/\/api.w.org\/{rel}","templated":true}]}}