{"id":78372,"date":"2024-01-15T17:36:21","date_gmt":"2024-01-15T22:36:21","guid":{"rendered":"https:\/\/www.evafm.net\/sitio\/?p=78372"},"modified":"2024-01-15T17:36:37","modified_gmt":"2024-01-15T22:36:37","slug":"robert-downey-jr-celebro-su-premio-leyendo-las-peores-criticas-de-su-carrera","status":"publish","type":"post","link":"https:\/\/www.evafm.net\/sitio\/robert-downey-jr-celebro-su-premio-leyendo-las-peores-criticas-de-su-carrera\/","title":{"rendered":"Robert Downey Jr. celebr\u00f3 su premio leyendo las peores cr\u00edticas de su carrera"},"content":{"rendered":"<p><strong>Robert Downey Jr.,<\/strong>se llev\u00f3 el galard\u00f3n al mejor actor de reparto en la edici\u00f3n n\u00famero <strong>29\u00b0 de los Critics Choice Awards<\/strong><\/p>\n<p>por su papel en\u00a0<i>Oppenheimer<\/i>.<\/p>\n<p>&nbsp;<\/p>\n<p>La estrella, de 58 a\u00f1os, compiti\u00f3 por el premio contra destacadas figuras como<\/p>\n<p>Sterling K. Brown por\u00a0<i>American Fiction<\/i>, Robert De Niro por\u00a0<i>Killers of the Flower Moon<\/i>, Ryan Gosling por\u00a0<i>Barbie<\/i>, Charles Melton<\/p>\n<p>por\u00a0<i>May December<\/i>\u00a0y Mark Ruffalo por\u00a0<i>Poor Things<\/i>.<\/p>\n<p>&nbsp;<\/p>\n<p class=\"paragraph\" data-mrf-recirculation=\"Links inline\">El aclamado actor aprovech\u00f3 una porci\u00f3n de su discurso para repasar con humor algunos de los comentarios menos favorables que<\/p>\n<p class=\"paragraph\" data-mrf-recirculation=\"Links inline\">la Critics Choice Association hab\u00eda emitido sobre \u00e9l en el pasado, haciendo mofa de que ahora lo est\u00e1n reconociendo como un actor<\/p>\n<p class=\"paragraph\" data-mrf-recirculation=\"Links inline\">destacado.<\/p>\n<div class=\"inline ad-wrapper\">\n<div class=\"dfpAd ad-inline\">\n<div id=\"infobae\/entretenimiento\/nota\/inline\" class=\"infobae\/entretenimiento\/nota\/inline arcad\" data-google-query-id=\"CMvkn4W24IMDFYcuswAddVIB7Q\">\n<div id=\"google_ads_iframe_\/1058609\/infobae\/entretenimiento\/nota\/inline_0__container__\"><\/div>\n<\/div>\n<\/div>\n<\/div>\n<p class=\"paragraph\" data-mrf-recirculation=\"Links inline\">\u201cLa primera (cr\u00edtica) es una especie de haiku: \u2018<b>descuidado, desordenado y perezoso<\/b>\u2019.<\/p>\n<p class=\"paragraph\" data-mrf-recirculation=\"Links inline\">La segunda es m\u00e1s metaf\u00f3rica:<\/p>\n<p class=\"paragraph\" data-mrf-recirculation=\"Links inline\">\u2018Como Pee-wee Herman saliendo de un coma\u2019. Esta era de un brit\u00e1nico:<\/p>\n<p class=\"paragraph\" data-mrf-recirculation=\"Links inline\"><b>\u2018Un desconcertante desperdicio de talento\u2019<\/b>.<\/p>\n<p class=\"paragraph\" data-mrf-recirculation=\"Links inline\">Y por \u00faltimo -y esta se qued\u00f3- \u2018<b>divertido como una flatulencia encerrada en la cama<\/b>\u2019\u201d, dijo Robert Downey Jr. mientras los<\/p>\n<p class=\"paragraph\" data-mrf-recirculation=\"Links inline\">invitados a la gala le respond\u00edan con una escandalosa risa.<\/p>\n<p data-mrf-recirculation=\"Links inline\">Tras hacer una ir\u00f3nica reverencia con la que agradeci\u00f3 la forma tan despectiva en la que la cr\u00edtica habl\u00f3 de \u00e9l en el pasado, Downey Jr.<\/p>\n<p data-mrf-recirculation=\"Links inline\">agradeci\u00f3 a sus \u201cOppenhomies\u201d por el trabajo colectivo que realizaron en la cinta de Christopher Nolan que se ha convertido en todo<\/p>\n<p data-mrf-recirculation=\"Links inline\">un fen\u00f3meno medi\u00e1tico. <strong>(E)<\/strong><\/p>\n<p>https:\/\/youtu.be\/dSPmWhtw9Pk<\/p>\n<p>&nbsp;<\/p>\n<p>Fuente: evafm.net &#8211; infobae.com &#8211; youtube.com<\/p>\n<div class=\"gsp_post_data\" \r\n\t            data-post_type=\"post\" \r\n\t            data-cat=\"espectaculos,general\" \r\n\t            data-modified=\"120\"\r\n\t            data-created=\"1705340181\"\r\n\t            data-title=\"Robert Downey Jr. celebr\u00f3 su premio leyendo las peores cr\u00edticas de su carrera\" \r\n\t            data-home=\"https:\/\/www.evafm.net\/sitio\"><\/div>","protected":false},"excerpt":{"rendered":"<p>Robert Downey Jr.,se llev\u00f3 el galard\u00f3n al mejor actor de reparto en la edici\u00f3n n\u00famero 29\u00b0 de los Critics Choice Awards por su papel en\u00a0Oppenheimer. &nbsp; La estrella, de 58 a\u00f1os, compiti\u00f3 por el premio contra destacadas figuras como Sterling K. Brown por\u00a0American Fiction, Robert De Niro por\u00a0Killers of the Flower Moon, Ryan Gosling por\u00a0Barbie,&#8230;<\/p>\n","protected":false},"author":5,"featured_media":78374,"comment_status":"closed","ping_status":"open","sticky":false,"template":"","format":"standard","meta":{"_joinchat":[],"footnotes":""},"categories":[4,1720],"tags":[],"class_list":["post-78372","post","type-post","status-publish","format-standard","has-post-thumbnail","hentry","category-espectaculos","category-general","have-post-thumb"],"_links":{"self":[{"href":"https:\/\/www.evafm.net\/sitio\/wp-json\/wp\/v2\/posts\/78372","targetHints":{"allow":["GET"]}}],"collection":[{"href":"https:\/\/www.evafm.net\/sitio\/wp-json\/wp\/v2\/posts"}],"about":[{"href":"https:\/\/www.evafm.net\/sitio\/wp-json\/wp\/v2\/types\/post"}],"author":[{"embeddable":true,"href":"https:\/\/www.evafm.net\/sitio\/wp-json\/wp\/v2\/users\/5"}],"replies":[{"embeddable":true,"href":"https:\/\/www.evafm.net\/sitio\/wp-json\/wp\/v2\/comments?post=78372"}],"version-history":[{"count":2,"href":"https:\/\/www.evafm.net\/sitio\/wp-json\/wp\/v2\/posts\/78372\/revisions"}],"predecessor-version":[{"id":78376,"href":"https:\/\/www.evafm.net\/sitio\/wp-json\/wp\/v2\/posts\/78372\/revisions\/78376"}],"wp:featuredmedia":[{"embeddable":true,"href":"https:\/\/www.evafm.net\/sitio\/wp-json\/wp\/v2\/media\/78374"}],"wp:attachment":[{"href":"https:\/\/www.evafm.net\/sitio\/wp-json\/wp\/v2\/media?parent=78372"}],"wp:term":[{"taxonomy":"category","embeddable":true,"href":"https:\/\/www.evafm.net\/sitio\/wp-json\/wp\/v2\/categories?post=78372"},{"taxonomy":"post_tag","embeddable":true,"href":"https:\/\/www.evafm.net\/sitio\/wp-json\/wp\/v2\/tags?post=78372"}],"curies":[{"name":"wp","href":"https:\/\/api.w.org\/{rel}","templated":true}]}}