{"id":78389,"date":"2024-01-16T12:58:58","date_gmt":"2024-01-16T17:58:58","guid":{"rendered":"https:\/\/www.evafm.net\/sitio\/?p=78389"},"modified":"2024-01-16T12:58:58","modified_gmt":"2024-01-16T17:58:58","slug":"ecuador-podra-importar-desechos-desde-china-si-se-aprueba-el-acuerdo-comercial","status":"publish","type":"post","link":"https:\/\/www.evafm.net\/sitio\/ecuador-podra-importar-desechos-desde-china-si-se-aprueba-el-acuerdo-comercial\/","title":{"rendered":"\u00bfEcuador podr\u00e1 importar desechos desde China si se aprueba el acuerdo comercial?"},"content":{"rendered":"<p>Tras el debate en la Asamblea Nacional sobre el Tratado de Libre Comercio <strong>(TLC)<\/strong> con China, el 11 de enero de 2024<\/p>\n<p>se ha generado una pol\u00e9mica sobre la posibilidad de que se importe <strong>\u00abbasura\u00bb<\/strong> desde China.<\/p>\n<p><strong> \u00bfQu\u00e9 hay de cierto en esto?<\/strong><\/p>\n<p>El TLC con China, al igual que otros acuerdos comerciales que ha firmado Ecuador previamente<\/p>\n<p>incluye beneficios arancelarios para la importaci\u00f3n o exportaci\u00f3n de residuos de diferentes industrias.<\/p>\n<p>El exministro de Producci\u00f3n, Daniel Legarda, aclara que el hecho de que se incluyan partidas arancelarias referentes<\/p>\n<p>a desechos no quiere decir que se van a importar.<\/p>\n<p>Se trata de partidas ya establecidas por la Organizaci\u00f3n Mundial de Aduana<strong> (OMA),<\/strong> que se incluyen en todos los<\/p>\n<p>acuerdos comerciales, a\u00f1ade Legarda.<\/p>\n<p>Y, cuando el pa\u00eds los importa, dice el exministro, se usan como insumos para la fabricaci\u00f3n de otros productos, lo cual<\/p>\n<p>adem\u00e1s, est\u00e1 reglamentado.<\/p>\n<p>Entre las partidas que incluye el acuerdo hay, por ejemplo, aserr\u00edn, desperdicios y desechos, de madera, que, de hecho<\/p>\n<p>ya tienen<strong> 0% de arancel,<\/strong> en caso de que se requiera importarlos desde China.<\/p>\n<p>Tambi\u00e9n, residuos alimenticios, como pulpa de remolacha, desperdicios de la industria azucarera o la cervecer\u00eda, que,<\/p>\n<p>al momento, tienen establecido<strong> 5% de arancel<\/strong> y pasar\u00edan a <strong>0%<\/strong> desde el primer a\u00f1o de entrada en vigencia del<\/p>\n<p>acuerdo comercial.<\/p>\n<p><strong>Y otros que causan preocupaci\u00f3n a organizaciones ambientalistas, entre ellos:<\/strong><\/p>\n<p>Escorias y cenizas, incluidas las cenizas de algas; residuos municipales.<\/p>\n<p>Lodos de gasolina con plomo.<\/p>\n<p>Residuos radioactivos.<\/p>\n<p>Desperdicios y desechos de pilas, bater\u00edas de pilas y acumuladores el\u00e9ctricos.<\/p>\n<p>Sin embargo, Legarda reitera que para poder importar un producto, cada pa\u00eds debe cumplir primero con su normativa local.<\/p>\n<p>En el caso de residuos radioactivos, recuerda que el C\u00f3digo del Ambiente proh\u00edbe la importaci\u00f3n de este tipo de productos.<\/p>\n<p><strong>Ecuador ya importa residuos<\/strong><\/p>\n<p>En otros casos, si bien no hay una prohibici\u00f3n, la importaci\u00f3n est\u00e1 \u00abampliamente regulada\u00bb, dice Legarda.<\/p>\n<p>Por ejemplo, la de residuos met\u00e1licos, que actualmente se importan como materia prima o insumo para la industria del acero.<\/p>\n<p>&nbsp;<\/p>\n<p>Ahora, el pa\u00eds ya importa coque de petr\u00f3leo, betunes de petr\u00f3leo y dem\u00e1s residuos de los aceites de petr\u00f3leo o de mineral bituminoso<\/p>\n<p>que est\u00e1 usado, por ejemplo, para asfalto de v\u00edas.<\/p>\n<p>Otros residuos que ya importa Ecuador son los pl\u00e1sticos o <strong>PET,<\/strong> como insumo reciclable para la elaboraci\u00f3n de otros productos.<\/p>\n<p>El principal pa\u00eds del que importan <strong>PET<\/strong> es Estados Unidos.<\/p>\n<p>De hecho, seg\u00fan la Alianza Basura Cero, Ecuador es el tercer pa\u00eds que importa productos PET desde Estados Unidos, luego de<\/p>\n<p>M\u00e9xico y El Salvador.<\/p>\n<p>Entre 2018 y 2021, el pa\u00eds import\u00f3 47.596 toneladas de desechos pl\u00e1sticos, por un monto que bordea los USD 19 millones, seg\u00fan<\/p>\n<p>un estudio publicado en marzo de 2022 por la Alianza Basura Cero Ecuador y la Universidad Andina Sim\u00f3n Bol\u00edvar.<\/p>\n<p>&nbsp;<\/p>\n<p>Pero, seg\u00fan Legny Vivas, representante de la Alianza Basura Cero, muchos de estos pl\u00e1sticos llegan contaminados y no todo se usa<\/p>\n<p>para reciclar, sino que terminan en vertederos de basura.<\/p>\n<p>&nbsp;<\/p>\n<p>Vivas recuerda que Ecuador es firmante del Convenio de Basilea, que busca poner fin al comercio mundial de desechos pl\u00e1sticos.<\/p>\n<p>Pero, en junio de 2023, el Comit\u00e9 de Comercio Exterior del Ministerio de Producci\u00f3n emiti\u00f3 la dispensa temporal de importaci\u00f3n<\/p>\n<p>de pl\u00e1sticos usados para reciclaje en caso de escasez de materia prima reciclable nacional para cubrir los porcentajes m\u00ednimos de<\/p>\n<p>componente reciclado establecido en la ley.<\/p>\n<p>&nbsp;<\/p>\n<p>\u00abEl Convenio de Basilea proh\u00edbe la importaci\u00f3n de residuos pl\u00e1sticos, pero al final se importan, igual podr\u00eda ocurrir con otro tipo de<\/p>\n<p>residuos, como los radioactivos\u00bb, considera Vivas.<\/p>\n<p>&nbsp;<\/p>\n<p>Y recuerda que Ecuador es el \u00fanico pa\u00eds que reconoce los derechos de la naturaleza.<\/p>\n<p>&nbsp;<\/p>\n<p>\u00abEsto no est\u00e1 en la constituci\u00f3n de China, quien va a supervisar que en los contenedores no vengan desechos contaminantes\u00bb<\/p>\n<p>cuestiona Vivas.<\/p>\n<p>Pero Legarda enfatiza en que el acuerdo con China incluye cl\u00e1usulas para el cumplimiento de medidas ambientales para la protecci\u00f3n<\/p>\n<p>de la vida o la salud humana, animal o vegetal.<\/p>\n<p>&nbsp;<\/p>\n<p>\u00abLas preocupaciones sobre el medio ambiente est\u00e1n cubiertas, en este y otros acuerdos comerciales.<\/p>\n<p>Nadie quiere que se importe basura\u00bb. <strong>Daniel Legarda, exministro de Producci\u00f3n. <\/strong><strong>(I)<\/strong><\/p>\n<p>Fuente: evafm.net &#8211; primicias.ec<\/p>\n<div class=\"gsp_post_data\" \r\n\t            data-post_type=\"post\" \r\n\t            data-cat=\"noticias-ecuador\" \r\n\t            data-modified=\"120\"\r\n\t            data-created=\"1705409938\"\r\n\t            data-title=\"\u00bfEcuador podr\u00e1 importar desechos desde China si se aprueba el acuerdo comercial?\" \r\n\t            data-home=\"https:\/\/www.evafm.net\/sitio\"><\/div>","protected":false},"excerpt":{"rendered":"<p>Tras el debate en la Asamblea Nacional sobre el Tratado de Libre Comercio (TLC) con China, el 11 de enero de 2024 se ha generado una pol\u00e9mica sobre la posibilidad de que se importe \u00abbasura\u00bb desde China. \u00bfQu\u00e9 hay de cierto en esto? El TLC con China, al igual que otros acuerdos comerciales que ha&#8230;<\/p>\n","protected":false},"author":5,"featured_media":78390,"comment_status":"closed","ping_status":"open","sticky":false,"template":"","format":"standard","meta":{"_joinchat":[],"footnotes":""},"categories":[1558],"tags":[],"class_list":["post-78389","post","type-post","status-publish","format-standard","has-post-thumbnail","hentry","category-noticias-ecuador","have-post-thumb"],"_links":{"self":[{"href":"https:\/\/www.evafm.net\/sitio\/wp-json\/wp\/v2\/posts\/78389","targetHints":{"allow":["GET"]}}],"collection":[{"href":"https:\/\/www.evafm.net\/sitio\/wp-json\/wp\/v2\/posts"}],"about":[{"href":"https:\/\/www.evafm.net\/sitio\/wp-json\/wp\/v2\/types\/post"}],"author":[{"embeddable":true,"href":"https:\/\/www.evafm.net\/sitio\/wp-json\/wp\/v2\/users\/5"}],"replies":[{"embeddable":true,"href":"https:\/\/www.evafm.net\/sitio\/wp-json\/wp\/v2\/comments?post=78389"}],"version-history":[{"count":1,"href":"https:\/\/www.evafm.net\/sitio\/wp-json\/wp\/v2\/posts\/78389\/revisions"}],"predecessor-version":[{"id":78391,"href":"https:\/\/www.evafm.net\/sitio\/wp-json\/wp\/v2\/posts\/78389\/revisions\/78391"}],"wp:featuredmedia":[{"embeddable":true,"href":"https:\/\/www.evafm.net\/sitio\/wp-json\/wp\/v2\/media\/78390"}],"wp:attachment":[{"href":"https:\/\/www.evafm.net\/sitio\/wp-json\/wp\/v2\/media?parent=78389"}],"wp:term":[{"taxonomy":"category","embeddable":true,"href":"https:\/\/www.evafm.net\/sitio\/wp-json\/wp\/v2\/categories?post=78389"},{"taxonomy":"post_tag","embeddable":true,"href":"https:\/\/www.evafm.net\/sitio\/wp-json\/wp\/v2\/tags?post=78389"}],"curies":[{"name":"wp","href":"https:\/\/api.w.org\/{rel}","templated":true}]}}