{"id":78599,"date":"2024-01-25T20:49:13","date_gmt":"2024-01-26T01:49:13","guid":{"rendered":"https:\/\/www.evafm.net\/sitio\/?p=78599"},"modified":"2024-01-25T20:49:13","modified_gmt":"2024-01-26T01:49:13","slug":"claudio-echeverri-del-chaco-al-manchester-city-de-guardiola","status":"publish","type":"post","link":"https:\/\/www.evafm.net\/sitio\/claudio-echeverri-del-chaco-al-manchester-city-de-guardiola\/","title":{"rendered":"Claudio Echeverri: del Chaco al Manchester City de Guardiola"},"content":{"rendered":"<p>El apodo de Claudio, nacido en <strong>Resistencia, capital de la provincia de Chaco<\/strong>, curiosamente surgi\u00f3 de una comparaci\u00f3n<\/p>\n<p>de sus vecinos en torno a su apellido con el del jugador boliviano Marco &#8216;Diablo&#8217; Etcheverry, uno de los mejores futbolistas<\/p>\n<p>de la historia del pa\u00eds.<\/p>\n<p>&nbsp;<\/p>\n<p>El jugador lleg\u00f3 a la cantera de River a los 10 a\u00f1os, tras una etapa en la Liga chaque\u00f1a con el Deportivo Luj\u00e1n, gracias a una<\/p>\n<p>prueba para el equipo en territorio norte\u00f1o.<\/p>\n<p>&nbsp;<\/p>\n<p>\u00abPor suerte jugamos bien y cuando termin\u00f3 el partido hablaron con mi pap\u00e1 y mi mam\u00e1 y me dijeron cu\u00e1ndo ten\u00eda que ir a River.<\/p>\n<p>Fue un gran orgullo para mi familia y para m\u00ed\u00bb, se\u00f1al\u00f3 una vez en conversaci\u00f3n con<strong> ESPN. <\/strong><\/p>\n<p>&nbsp;<\/p>\n<p>Seg\u00fan cuenta, su llegada a la capital argentina no fue un proceso f\u00e1cil, ya que ten\u00eda que alejarse de sus seres queridos a m\u00e1s de<\/p>\n<p>900 kil\u00f3metros de distancia.<\/p>\n<p>Para ayudarle, el club decidi\u00f3 alquilar un alojamiento para que sus padres lo acompa\u00f1aran a su llegada en <strong>2016.\u00a0<\/strong><\/p>\n<p>Claudio Echeverri llam\u00f3 la atenci\u00f3n en el f\u00fatbol cuando, a los 11 a\u00f1os (2017), triunf\u00f3 en un torneo infantil disputado en<\/p>\n<p>Venecia (Italia):<\/p>\n<p>con el 8 a la espalda, meti\u00f3 cuatro golazos a sus iguales del Juventus Tur\u00edn y concluy\u00f3 el torneo con nueve anotaciones en seis<\/p>\n<p>encuentros.<\/p>\n<p><strong> River Plate<\/strong> no gan\u00f3 aquella competici\u00f3n, que se llev\u00f3 el Atl\u00e9tico de Madrid, pero aquel &#8216;Diablito&#8217; ya dej\u00f3 grandes sensaciones<\/p>\n<p>en los aficionados.<\/p>\n<p>&nbsp;<\/p>\n<p>El &#8216;Diablito&#8217; debut\u00f3 en el primer equipo el 22 de junio de 2023, en la victoria 3-1 de River frente a Instituto.<\/p>\n<p>Ingres\u00f3 en el minuto 62 en lugar de Ignacio Fern\u00e1ndez e, incluso, tuvo participaci\u00f3n en una jugada de gol.<\/p>\n<p><small><\/small><\/p>\n<p>El t\u00e9cnico que le dio la confianza, el exfutbolista Mart\u00edn Demichelis, expres\u00f3 su \u00aborgullo\u00bb por la salida de \u00abchicos de las inferiores\u00bb<\/p>\n<p>para la primera plantilla<\/p>\n<p>Luego, Echeverri fue parte del plantel que se consagr\u00f3 campe\u00f3n de la Liga Profesional de F\u00fatbol y del Trofeo de Campeones 2023.<\/p>\n<p>A sus 18 a\u00f1os, Claudio Echeverri disputa el<strong> Preol\u00edmpico en Venezuela con Argentina,<\/strong> entrenada por <strong>Javier Mascherano. <\/strong><\/p>\n<p>El objetivo es clasificar a los<strong> Juegos Ol\u00edmpicos de Par\u00eds 2024.<\/strong><\/p>\n<p>La venta del jugador fue oficializada el jueves 25 de enero por el Manchester City y el River Plate, que hicieron p\u00fablico el acuerdo<\/p>\n<p>por el que Echeverri permanecer\u00e1 como cedido hasta finales de 2024.<\/p>\n<p>La compra fue hecha por el <strong>Grupo City Football,<\/strong> que gestiona otros equipos como el Girona o el New York City, pero finalmente<\/p>\n<p>Echeverri jugar\u00e1 para los &#8216;ciudadanos&#8217; el a\u00f1o siguiente.<\/p>\n<p>El fichaje del futbolista supondr\u00e1 una cuota fija neta de unos <strong>USD 15 millones,<\/strong> seg\u00fan anunci\u00f3 el club ingl\u00e9s.<\/p>\n<p>Adem\u00e1s, el club podr\u00eda ingresar <strong>USD 10 millones<\/strong> en complementos relacionados con el rendimiento del argentino en su nueva<\/p>\n<p>entidad. <strong>(D)<\/strong><\/p>\n<p>&nbsp;<\/p>\n<div class=\"css-1dbjc4n r-18u37iz r-kzbkwu\">\n<div class=\"css-1dbjc4n r-eqz5dr r-1777fci r-4amgru r-1kh6xel\">\n<div class=\"css-1dbjc4n r-1ny4l3l\">\n<div class=\"css-1dbjc4n r-1wbh5a2 r-dnmrzs r-1ny4l3l\">\n<div class=\"css-1dbjc4n r-1wbh5a2 r-dnmrzs r-1ny4l3l\">\n<div class=\"css-1dbjc4n r-1awozwy r-18u37iz r-dnmrzs\">\n<div class=\"css-901oao r-1awozwy r-18jsvk2 r-6koalj r-1qd0xha r-a023e6 r-b88u0q r-rjixqe r-bcqeeo r-1udh08x r-3s2u2q r-qvutc0\" dir=\"auto\"><strong><span class=\"css-901oao css-16my406 css-1hf3ou5 r-poiln3 r-bcqeeo r-qvutc0\"><span class=\"css-901oao css-16my406 r-poiln3 r-bcqeeo r-qvutc0\">River Plate<\/span><\/span><\/strong><\/div>\n<div class=\"css-901oao r-18jsvk2 r-xoduu5 r-18u37iz r-1q142lx r-1qd0xha r-a023e6 r-16dba41 r-rjixqe r-bcqeeo r-qvutc0\" dir=\"auto\"><\/div>\n<\/div>\n<div class=\"css-1dbjc4n r-1awozwy r-18u37iz r-1wbh5a2\">\n<div class=\"css-1dbjc4n\">\n<div class=\"css-901oao css-1hf3ou5 r-14j79pv r-18u37iz r-1qd0xha r-1wvb978 r-a023e6 r-16dba41 r-rjixqe r-bcqeeo r-qvutc0\" dir=\"ltr\"><strong><span class=\"css-901oao css-16my406 r-poiln3 r-bcqeeo r-qvutc0\">@RiverPlate<\/span><\/strong><\/div>\n<\/div>\n<div class=\"css-1dbjc4n r-18u37iz r-1q142lx\">\n<div class=\"css-901oao r-14j79pv r-1q142lx r-1qd0xha r-a023e6 r-16dba41 r-rjixqe r-bcqeeo r-s1qlax r-qvutc0\" dir=\"auto\" aria-hidden=\"true\"><\/div>\n<\/div>\n<\/div>\n<\/div>\n<\/div>\n<\/div>\n<\/div>\n<\/div>\n<div class=\"css-1dbjc4n\">\n<div class=\"css-901oao r-18jsvk2 r-1dqbpge r-1qd0xha r-adyw6z r-16dba41 r-135wba7 r-bcqeeo r-bnwqim r-qvutc0\" dir=\"auto\" lang=\"es\" data-testid=\"tweetText\"><span class=\"css-901oao css-16my406 r-poiln3 r-bcqeeo r-qvutc0\">Acuerdo con Manchester City por la transferencia del jugador Claudio Echeverri.<\/span><\/div>\n<\/div>\n<p><img fetchpriority=\"high\" decoding=\"async\" class=\"\" src=\"https:\/\/pbs.twimg.com\/media\/GEr8e6JWcAEUz5o?format=jpg&amp;name=small\" alt=\"Imagen\" width=\"471\" height=\"499\" \/><\/p>\n<p>&nbsp;<\/p>\n<div class=\"css-1dbjc4n r-18u37iz r-kzbkwu\">\n<div class=\"css-1dbjc4n r-eqz5dr r-1777fci r-4amgru r-1kh6xel\">\n<div class=\"css-1dbjc4n r-1ny4l3l\">\n<div class=\"css-1dbjc4n r-1wbh5a2 r-dnmrzs r-1ny4l3l\">\n<div class=\"css-1dbjc4n r-1wbh5a2 r-dnmrzs r-1ny4l3l\">\n<div class=\"css-1dbjc4n r-1awozwy r-18u37iz r-dnmrzs\">\n<div class=\"css-901oao r-1awozwy r-18jsvk2 r-6koalj r-1qd0xha r-a023e6 r-b88u0q r-rjixqe r-bcqeeo r-1udh08x r-3s2u2q r-qvutc0\" dir=\"auto\"><span class=\"css-901oao css-16my406 css-1hf3ou5 r-poiln3 r-bcqeeo r-qvutc0\"><span class=\"css-901oao css-16my406 r-poiln3 r-bcqeeo r-qvutc0\">\u00a0<strong>Selecci\u00f3n Argentina\u00a0<\/strong><\/span><\/span><\/div>\n<div class=\"css-901oao r-18jsvk2 r-xoduu5 r-18u37iz r-1q142lx r-1qd0xha r-a023e6 r-16dba41 r-rjixqe r-bcqeeo r-qvutc0\" dir=\"auto\"><\/div>\n<\/div>\n<div class=\"css-1dbjc4n r-1awozwy r-18u37iz r-1wbh5a2\">\n<div class=\"css-1dbjc4n\">\n<div class=\"css-901oao css-1hf3ou5 r-14j79pv r-18u37iz r-1qd0xha r-1wvb978 r-a023e6 r-16dba41 r-rjixqe r-bcqeeo r-qvutc0\" dir=\"ltr\"><strong><span class=\"css-901oao css-16my406 r-poiln3 r-bcqeeo r-qvutc0\">@Argentina<\/span><\/strong><\/div>\n<\/div>\n<div class=\"css-1dbjc4n r-18u37iz r-1q142lx\">\n<div class=\"css-901oao r-14j79pv r-1q142lx r-1qd0xha r-a023e6 r-16dba41 r-rjixqe r-bcqeeo r-s1qlax r-qvutc0\" dir=\"auto\" aria-hidden=\"true\"><\/div>\n<\/div>\n<\/div>\n<\/div>\n<\/div>\n<\/div>\n<\/div>\n<\/div>\n<div class=\"css-1dbjc4n\">\n<div class=\"css-901oao r-18jsvk2 r-1dqbpge r-1qd0xha r-adyw6z r-16dba41 r-135wba7 r-bcqeeo r-bnwqim r-qvutc0\" dir=\"auto\" lang=\"es\" data-testid=\"tweetText\"><span class=\"r-18u37iz\">#Preol\u00edmpico<\/span> <span class=\"css-901oao css-16my406 r-poiln3 r-bcqeeo r-qvutc0\"> Claudio Echeverri: \u00abHicimos un gran primer tiempo <\/span><\/div>\n<div class=\"css-901oao r-18jsvk2 r-1dqbpge r-1qd0xha r-adyw6z r-16dba41 r-135wba7 r-bcqeeo r-bnwqim r-qvutc0\" dir=\"auto\" lang=\"es\" data-testid=\"tweetText\"><span class=\"css-901oao css-16my406 r-poiln3 r-bcqeeo r-qvutc0\">donde tuvimos muchas situaciones de gol pero no pudimos convertir\u00bb.<\/span><\/div>\n<\/div>\n<p>&nbsp;<\/p>\n<p><img decoding=\"async\" class=\"\" src=\"https:\/\/pbs.twimg.com\/media\/GEaJY8cW4AAEfiQ?format=jpg&amp;name=small\" alt=\"Imagen\" width=\"464\" height=\"309\" \/><\/p>\n<p>&nbsp;<\/p>\n<p>&nbsp;<\/p>\n<p>Fuente: evafm.net &#8211; primicias.ec<\/p>\n<div class=\"gsp_post_data\" \r\n\t            data-post_type=\"post\" \r\n\t            data-cat=\"deportes-internacionales\" \r\n\t            data-modified=\"120\"\r\n\t            data-created=\"1706215753\"\r\n\t            data-title=\"Claudio Echeverri: del Chaco al Manchester City de Guardiola\" \r\n\t            data-home=\"https:\/\/www.evafm.net\/sitio\"><\/div>","protected":false},"excerpt":{"rendered":"<p>El apodo de Claudio, nacido en Resistencia, capital de la provincia de Chaco, curiosamente surgi\u00f3 de una comparaci\u00f3n de sus vecinos en torno a su apellido con el del jugador boliviano Marco &#8216;Diablo&#8217; Etcheverry, uno de los mejores futbolistas de la historia del pa\u00eds. &nbsp; El jugador lleg\u00f3 a la cantera de River a los&#8230;<\/p>\n","protected":false},"author":5,"featured_media":78600,"comment_status":"closed","ping_status":"open","sticky":false,"template":"","format":"standard","meta":{"_joinchat":[],"footnotes":""},"categories":[1342],"tags":[],"class_list":["post-78599","post","type-post","status-publish","format-standard","has-post-thumbnail","hentry","category-deportes-internacionales","have-post-thumb"],"_links":{"self":[{"href":"https:\/\/www.evafm.net\/sitio\/wp-json\/wp\/v2\/posts\/78599","targetHints":{"allow":["GET"]}}],"collection":[{"href":"https:\/\/www.evafm.net\/sitio\/wp-json\/wp\/v2\/posts"}],"about":[{"href":"https:\/\/www.evafm.net\/sitio\/wp-json\/wp\/v2\/types\/post"}],"author":[{"embeddable":true,"href":"https:\/\/www.evafm.net\/sitio\/wp-json\/wp\/v2\/users\/5"}],"replies":[{"embeddable":true,"href":"https:\/\/www.evafm.net\/sitio\/wp-json\/wp\/v2\/comments?post=78599"}],"version-history":[{"count":1,"href":"https:\/\/www.evafm.net\/sitio\/wp-json\/wp\/v2\/posts\/78599\/revisions"}],"predecessor-version":[{"id":78601,"href":"https:\/\/www.evafm.net\/sitio\/wp-json\/wp\/v2\/posts\/78599\/revisions\/78601"}],"wp:featuredmedia":[{"embeddable":true,"href":"https:\/\/www.evafm.net\/sitio\/wp-json\/wp\/v2\/media\/78600"}],"wp:attachment":[{"href":"https:\/\/www.evafm.net\/sitio\/wp-json\/wp\/v2\/media?parent=78599"}],"wp:term":[{"taxonomy":"category","embeddable":true,"href":"https:\/\/www.evafm.net\/sitio\/wp-json\/wp\/v2\/categories?post=78599"},{"taxonomy":"post_tag","embeddable":true,"href":"https:\/\/www.evafm.net\/sitio\/wp-json\/wp\/v2\/tags?post=78599"}],"curies":[{"name":"wp","href":"https:\/\/api.w.org\/{rel}","templated":true}]}}