{"id":78608,"date":"2024-01-25T21:35:54","date_gmt":"2024-01-26T02:35:54","guid":{"rendered":"https:\/\/www.evafm.net\/sitio\/?p=78608"},"modified":"2024-01-25T21:35:54","modified_gmt":"2024-01-26T02:35:54","slug":"gobierno-pone-en-duda-pago-de-salarios-a-sector-publico-por-falta-de-recursos","status":"publish","type":"post","link":"https:\/\/www.evafm.net\/sitio\/gobierno-pone-en-duda-pago-de-salarios-a-sector-publico-por-falta-de-recursos\/","title":{"rendered":"Gobierno pone en duda pago de salarios a sector p\u00fablico por falta de recursos"},"content":{"rendered":"<p>A menos de una semana de que termine enero del 2024, el viceministro de Gobierno, Esteban Torres, advirti\u00f3 que el<\/p>\n<p>Ejecutivo no cuenta con los recursos para pagar los salarios completos al sector p\u00fablico correspondientes a este mes.<\/p>\n<p>&nbsp;<\/p>\n<p>\u00abEn este momento, todav\u00eda no estamos seguros si se va a poder pagar el 100% de los sueldos p\u00fablicos de enero\u00bb<\/p>\n<p>manifest\u00f3 el funcionario este jueves, 25 de enero.<\/p>\n<p>En una entrevista para radio I99, el funcionario atribuy\u00f3 esta situaci\u00f3n al d\u00e9ficit fiscal, que bordea los <strong>USD 8.000 millones<\/strong><\/p>\n<p>seg\u00fan dijo, como producto del arrastre de deudas de anteriores gobiernos.<\/p>\n<p><strong> \u00abLa caja fiscal est\u00e1 realmente golpeada\u00bb,<\/strong> enfatiz\u00f3.<\/p>\n<p>Torres a\u00f1adi\u00f3 que, en momentos de \u00abuna coyuntura de guerra\u00bb contra la inseguridad que vive el pa\u00eds, la prioridad es que los<\/p>\n<p>polic\u00edas y militares tengan el armamento y log\u00edstica para cumplir con su misi\u00f3n.<\/p>\n<p>&nbsp;<\/p>\n<p>Por la necesidad de financiamiento, el Gobierno de <strong>Daniel Noboa<\/strong> remiti\u00f3 a la Asamblea un proyecto econ\u00f3mico urgente<\/p>\n<p>para incrementar del 12% al 15% el Impuesto al Valor Agregado<strong> (IVA)<\/strong>, que enfrenta una f\u00e9rrea oposici\u00f3n de sus aliados<\/p>\n<p>del corre\u00edsmo y del Partido Social Cristiano <strong>(PSC).<\/strong><\/p>\n<p>&nbsp;<\/p>\n<p>En una entrevista para Teleamazonas, la ministra de Gobierno, M\u00f3nica Palencia, calific\u00f3 como un \u00abtriunfo\u00bb que la Comisi\u00f3n<\/p>\n<p>de Desarrollo Econ\u00f3mico haya aprobado un informe sobre este proyecto, aunque eso no garantiza su aprobaci\u00f3n en el Pleno.<\/p>\n<p>&nbsp;<\/p>\n<p>\u00abEs un triunfo que se haya entendido la necesidad de un <strong>15%<\/strong> como m\u00ednimo.<\/p>\n<p>&nbsp;<\/p>\n<p>Aunque sea temporal, pero ya tenemos ese primer\u00a0pasito\u00a0de ir al\u00a013%\u00bb, dijo Palencia.<\/p>\n<p>El ministro de Finanzas y el viceministro de Gobierno prev\u00e9n reunirse esta tarde con bancadas legislativas para discutir<\/p>\n<p>los cambios.<\/p>\n<p>El primer debate de la propuesta se dar\u00e1 en el Pleno del Parlamento este s\u00e1bado 27, en modalidad virtual.<\/p>\n<p>Debido a la falta de liquidez que tiene la caja fiscal, desde diciembre de 2023 el Gobierno ha estado acumulando atrasos<\/p>\n<p>con proveedores del Estado, gobiernos locales y con el Instituto Ecuatoriano de Seguridad Social <strong>(IESS). (I)<\/strong><\/p>\n<p>&nbsp;<\/p>\n<p>&nbsp;<\/p>\n<p>Fuente: evafm.net &#8211; primicias.ec<\/p>\n<div class=\"gsp_post_data\" \r\n\t            data-post_type=\"post\" \r\n\t            data-cat=\"general,noticias-ecuador\" \r\n\t            data-modified=\"120\"\r\n\t            data-created=\"1706218554\"\r\n\t            data-title=\"Gobierno pone en duda pago de salarios a sector p\u00fablico por falta de recursos\" \r\n\t            data-home=\"https:\/\/www.evafm.net\/sitio\"><\/div>","protected":false},"excerpt":{"rendered":"<p>A menos de una semana de que termine enero del 2024, el viceministro de Gobierno, Esteban Torres, advirti\u00f3 que el Ejecutivo no cuenta con los recursos para pagar los salarios completos al sector p\u00fablico correspondientes a este mes. &nbsp; \u00abEn este momento, todav\u00eda no estamos seguros si se va a poder pagar el 100% de&#8230;<\/p>\n","protected":false},"author":5,"featured_media":78609,"comment_status":"closed","ping_status":"open","sticky":false,"template":"","format":"standard","meta":{"_joinchat":[],"footnotes":""},"categories":[1720,1558],"tags":[],"class_list":["post-78608","post","type-post","status-publish","format-standard","has-post-thumbnail","hentry","category-general","category-noticias-ecuador","have-post-thumb"],"_links":{"self":[{"href":"https:\/\/www.evafm.net\/sitio\/wp-json\/wp\/v2\/posts\/78608","targetHints":{"allow":["GET"]}}],"collection":[{"href":"https:\/\/www.evafm.net\/sitio\/wp-json\/wp\/v2\/posts"}],"about":[{"href":"https:\/\/www.evafm.net\/sitio\/wp-json\/wp\/v2\/types\/post"}],"author":[{"embeddable":true,"href":"https:\/\/www.evafm.net\/sitio\/wp-json\/wp\/v2\/users\/5"}],"replies":[{"embeddable":true,"href":"https:\/\/www.evafm.net\/sitio\/wp-json\/wp\/v2\/comments?post=78608"}],"version-history":[{"count":1,"href":"https:\/\/www.evafm.net\/sitio\/wp-json\/wp\/v2\/posts\/78608\/revisions"}],"predecessor-version":[{"id":78610,"href":"https:\/\/www.evafm.net\/sitio\/wp-json\/wp\/v2\/posts\/78608\/revisions\/78610"}],"wp:featuredmedia":[{"embeddable":true,"href":"https:\/\/www.evafm.net\/sitio\/wp-json\/wp\/v2\/media\/78609"}],"wp:attachment":[{"href":"https:\/\/www.evafm.net\/sitio\/wp-json\/wp\/v2\/media?parent=78608"}],"wp:term":[{"taxonomy":"category","embeddable":true,"href":"https:\/\/www.evafm.net\/sitio\/wp-json\/wp\/v2\/categories?post=78608"},{"taxonomy":"post_tag","embeddable":true,"href":"https:\/\/www.evafm.net\/sitio\/wp-json\/wp\/v2\/tags?post=78608"}],"curies":[{"name":"wp","href":"https:\/\/api.w.org\/{rel}","templated":true}]}}