{"id":78611,"date":"2024-01-25T21:52:16","date_gmt":"2024-01-26T02:52:16","guid":{"rendered":"https:\/\/www.evafm.net\/sitio\/?p=78611"},"modified":"2024-01-25T21:52:16","modified_gmt":"2024-01-26T02:52:16","slug":"gato-farfan-el-narco-ecuatoriano-fue-extraditado-a-ee-uu","status":"publish","type":"post","link":"https:\/\/www.evafm.net\/sitio\/gato-farfan-el-narco-ecuatoriano-fue-extraditado-a-ee-uu\/","title":{"rendered":"&#8216;Gato Farf\u00e1n&#8217;, el narco ecuatoriano fue extraditado a EE.UU."},"content":{"rendered":"<p>Las autoridades colombianas informaron este jueves 25 de enero de 2024 que, en las \u00faltimas horas, seis personas fueron<\/p>\n<p>extraditadas hacia Estados Unidos.<\/p>\n<p>A la cabeza de ese grupo est\u00e1 el narcotraficante ecuatoriano, <strong>Wilder S\u00e1nchez, alias &#8216;Gato Farf\u00e1n&#8217;. <\/strong><\/p>\n<p>&nbsp;<\/p>\n<p>Wilder S\u00e1nchez, record\u00f3 la polic\u00eda colombiana, es el cabecilla de una organizaci\u00f3n criminal transnacional que se<\/p>\n<p>encargaba de suministrar varias toneladas de coca\u00edna que era enviada desde Ecuador hasta M\u00e9xico para el<\/p>\n<p>Cartel de Sinaloa.<\/p>\n<p>El narcotraficante ecuatoriano es requerido para comparecer a juicio por los delitos de conspiraci\u00f3n para distribuir<\/p>\n<p>y provocar la distribuci\u00f3n de coca\u00edna en EE. UU., y es solicitado por la <strong>Corte para el Distrito Sur de California.<\/strong><\/p>\n<p>Edwin Urrego, director de Investigaci\u00f3n Criminal e Interpol de Colombia, asegur\u00f3 que S\u00e1nchez Farf\u00e1n era el cabecilla<\/p>\n<p>de la estructura Nueva Generaci\u00f3n en Ecuador, que es como una especie filial del <strong>Cartel de Jalisco, en M\u00e9xico.<\/strong><\/p>\n<p>Junto con el &#8216;Gato Farf\u00e1n&#8217;, Colombia tambi\u00e9n envi\u00f3 a Estados Unidos a los ecuatorianos<\/p>\n<p><strong> Juan Andr\u00e9s Quintana Jumbo y Ramiro Javier Flores Manzano. <\/strong><\/p>\n<p>As\u00ed como a dos colombianos y un mexicano.<\/p>\n<p><strong>&#8216;Gato Farf\u00e1n&#8217;, un narco de alto perfil<\/strong><\/p>\n<p>\u00abEs uno de los narcotraficantes m\u00e1s importantes del mundo\u00bb, dijeron las autoridades de Estados Unidos sobre<\/p>\n<p>Wilder Emilio S\u00e1nchez, alias &#8216;Gato Farf\u00e1n&#8217;, en febrero de 2022.<\/p>\n<p>La Oficina de Control de Activos Extranjeros (OFAC, por sus siglas en ingl\u00e9s) del Departamento del Tesoro de<\/p>\n<p>Estados Unidos sancion\u00f3 a S\u00e1nchez con el bloqueo de todas las propiedades e intereses en sus bienes, que se<\/p>\n<p>encuentren en su territorio.<\/p>\n<p>El seguimiento de Estados Unidos al &#8216;Gato Farf\u00e1n&#8217; hab\u00eda comenzado en enero de 2019.<\/p>\n<p>En el Distrito Sur de California, un tribunal lo acus\u00f3 por conspiraci\u00f3n para distribuir sustancias controladas.<\/p>\n<p>Junto a \u00e9l fueron acusadas otras ocho personas y el caso tiene una instancia reservada.<\/p>\n<p>Por esta raz\u00f3n, el Gobierno de Estados Unidos pidi\u00f3 su captura y extradici\u00f3n.<\/p>\n<p>En una operaci\u00f3n conjunta, el 9 de febrero de 2023, autoridades colombianas, ecuatorianas y estadounidenses<\/p>\n<p>detuvieron a S\u00e1nchez Farf\u00e1n en Pasto, cerca de la frontera colombiana con Ecuador.<\/p>\n<p>&nbsp;<\/p>\n<p>La Polic\u00eda de Ecuador ya detuvo a S\u00e1nchez Farf\u00e1n, en 2013.<\/p>\n<p>Recibi\u00f3 una condena a cuatro a\u00f1os de c\u00e1rcel.<\/p>\n<p>Pero en 2018 sali\u00f3 de prisi\u00f3n gracias al beneficio de la prelibertad.<\/p>\n<p>Desde entonces no hab\u00eda rastros del narco ecuatoriano, hasta que Estados Unidos anunci\u00f3 su b\u00fasqueda.<\/p>\n<p><strong>El intento de fuga y la extradici\u00f3n<\/strong><\/p>\n<p>Desde el d\u00eda de su captura hasta el 9 de noviembre de 2023, el capo ecuatoriano estuvo detenido en el<\/p>\n<p>Complejo Carcelario y Penitenciario con Alta, Media y M\u00ednima Seguridad de Bogot\u00e1 (Cobog)<\/p>\n<p>antes conocido como La Picota.<\/p>\n<p>Pero, tuvo que ser trasladado a la C\u00e1rcel de Valledupar.<\/p>\n<p>Esto porque se conoci\u00f3 que &#8216;Gato Farf\u00e1n&#8217; ten\u00eda un plan de fuga.<\/p>\n<p>El ecuatoriano ofrec\u00eda hasta <strong>USD 3,5 millones<\/strong> para que funcionarios carcelarios colombianos lo ayudaran<\/p>\n<p>a dejar la C\u00e1rcel de La Picota.<\/p>\n<p>Adem\u00e1s, estos intentos de escape, hicieron que el proceso de su extradici\u00f3n se apresurar\u00e1.<\/p>\n<p>El 30 de noviembre de 2023, Gustavo Petro, presidente de Colombia, firm\u00f3 la resoluci\u00f3n ejecutiva con la que da<\/p>\n<p>paso a la extradici\u00f3n.<\/p>\n<p>Y, finalmente, el 25 de enero de 2023, la extradici\u00f3n se concret\u00f3.<\/p>\n<p>Ahora, S\u00e1nchez Farf\u00e1n ser\u00e1 juzgado en Estados Unidos. <strong>(I)<\/strong><\/p>\n<p>Fuente: evafm.net &#8211; primicias.ec<\/p>\n<div class=\"gsp_post_data\" \r\n\t            data-post_type=\"post\" \r\n\t            data-cat=\"noticias-ecuador\" \r\n\t            data-modified=\"120\"\r\n\t            data-created=\"1706219536\"\r\n\t            data-title=\"&#8216;Gato Farf\u00e1n&#8217;, el narco ecuatoriano fue extraditado a EE.UU.\" \r\n\t            data-home=\"https:\/\/www.evafm.net\/sitio\"><\/div>","protected":false},"excerpt":{"rendered":"<p>Las autoridades colombianas informaron este jueves 25 de enero de 2024 que, en las \u00faltimas horas, seis personas fueron extraditadas hacia Estados Unidos. A la cabeza de ese grupo est\u00e1 el narcotraficante ecuatoriano, Wilder S\u00e1nchez, alias &#8216;Gato Farf\u00e1n&#8217;. &nbsp; Wilder S\u00e1nchez, record\u00f3 la polic\u00eda colombiana, es el cabecilla de una organizaci\u00f3n criminal transnacional que se&#8230;<\/p>\n","protected":false},"author":5,"featured_media":78612,"comment_status":"closed","ping_status":"open","sticky":false,"template":"","format":"standard","meta":{"_joinchat":[],"footnotes":""},"categories":[1558],"tags":[],"class_list":["post-78611","post","type-post","status-publish","format-standard","has-post-thumbnail","hentry","category-noticias-ecuador","have-post-thumb"],"_links":{"self":[{"href":"https:\/\/www.evafm.net\/sitio\/wp-json\/wp\/v2\/posts\/78611","targetHints":{"allow":["GET"]}}],"collection":[{"href":"https:\/\/www.evafm.net\/sitio\/wp-json\/wp\/v2\/posts"}],"about":[{"href":"https:\/\/www.evafm.net\/sitio\/wp-json\/wp\/v2\/types\/post"}],"author":[{"embeddable":true,"href":"https:\/\/www.evafm.net\/sitio\/wp-json\/wp\/v2\/users\/5"}],"replies":[{"embeddable":true,"href":"https:\/\/www.evafm.net\/sitio\/wp-json\/wp\/v2\/comments?post=78611"}],"version-history":[{"count":1,"href":"https:\/\/www.evafm.net\/sitio\/wp-json\/wp\/v2\/posts\/78611\/revisions"}],"predecessor-version":[{"id":78613,"href":"https:\/\/www.evafm.net\/sitio\/wp-json\/wp\/v2\/posts\/78611\/revisions\/78613"}],"wp:featuredmedia":[{"embeddable":true,"href":"https:\/\/www.evafm.net\/sitio\/wp-json\/wp\/v2\/media\/78612"}],"wp:attachment":[{"href":"https:\/\/www.evafm.net\/sitio\/wp-json\/wp\/v2\/media?parent=78611"}],"wp:term":[{"taxonomy":"category","embeddable":true,"href":"https:\/\/www.evafm.net\/sitio\/wp-json\/wp\/v2\/categories?post=78611"},{"taxonomy":"post_tag","embeddable":true,"href":"https:\/\/www.evafm.net\/sitio\/wp-json\/wp\/v2\/tags?post=78611"}],"curies":[{"name":"wp","href":"https:\/\/api.w.org\/{rel}","templated":true}]}}