{"id":78614,"date":"2024-01-26T16:06:25","date_gmt":"2024-01-26T21:06:25","guid":{"rendered":"https:\/\/www.evafm.net\/sitio\/?p=78614"},"modified":"2024-01-26T16:06:25","modified_gmt":"2024-01-26T21:06:25","slug":"consulta-la-corte-constitucional-da-paso-a-10-preguntas-de-noboa","status":"publish","type":"post","link":"https:\/\/www.evafm.net\/sitio\/consulta-la-corte-constitucional-da-paso-a-10-preguntas-de-noboa\/","title":{"rendered":"Consulta: La Corte Constitucional da paso a 10 preguntas de Noboa"},"content":{"rendered":"<p>La Corte Constitucional <strong>(CC)<\/strong> emiti\u00f3 tres dict\u00e1menes sobre los pedidos de consulta popular y de referendo constitucional<\/p>\n<p>del presidente Daniel Noboa.<\/p>\n<p>Originalmente, el Mandatario remiti\u00f3 20 temas y este 26 de enero los magistrados dieron paso a 10.<\/p>\n<p>El presidente Noboa remiti\u00f3 un primer bloque de 11 preguntas, pero finalmente retir\u00f3 la \u00faltima, que trataba sobre el regreso<\/p>\n<p>de los casinos.<\/p>\n<p>Y posteriormente, envi\u00f3 un segundo bloque con nueve preguntas adicionales.<\/p>\n<p><strong>Los temas calificados y corregidos por la Corte son:<\/strong><\/p>\n<p>1 .- \u00bfEst\u00e1 usted de acuerdo con que las Fuerzas Armadas realicen control de armas, municiones, explosivos y accesorios<\/p>\n<p>permanentemente, en las rutas, caminos, v\u00edas y corredores autorizados para el ingreso a los centros de rehabilitaci\u00f3n social?<\/p>\n<p>2.- \u00bfEst\u00e1 usted de acuerdo con que se incrementen las penas de los delitos de:<\/p>\n<p>terrorismo y su financiaci\u00f3n, producci\u00f3n y tr\u00e1fico il\u00edcito de sustancias catalogadas sujetas a fiscalizaci\u00f3n, delincuencia<\/p>\n<p>organizada asesinato, sicariato, trata de personas, secuestro extorsivo, tr\u00e1fico de armas, lavado de activos y actividad il\u00edcita<\/p>\n<p>de recursos mineros reformando el C\u00f3digo Org\u00e1nico Integral Penal?<\/p>\n<p>&nbsp;<\/p>\n<p>&nbsp;<\/p>\n<p>3.- \u00bfEst\u00e1 usted de acuerdo con que las personas privadas de la libertad cumplan la totalidad de su pena dentro del centro<\/p>\n<p>de rehabilitaci\u00f3n social en los delitos detallados en el Anexo de la pregunta 5, reformando el C\u00f3digo Org\u00e1nico Integral Penal?<\/p>\n<p>4.- \u00bfEst\u00e1 usted de acuerdo con que se tipifique el delito de tenencia o porte de armas, municiones o componentes que son de<\/p>\n<p>uso privativo de las Fuerzas Armadas o la Polic\u00eda Nacional, sin afectar a las armas de fuego permitidas para uso civil?<\/p>\n<p>&nbsp;<\/p>\n<p>5.- \u00bfEst\u00e1 usted de acuerdo con que las armas, sus partes o piezas, explosivos, municiones o accesorios que fueron<\/p>\n<p>instrumentos u objeto material de un delito, puedan destinarse al uso inmediato de la Polic\u00eda Nacional o las<\/p>\n<p>Fuerzas Armadas, reformando el C\u00f3digo Org\u00e1nico Integral Penal?<\/p>\n<p>&nbsp;<\/p>\n<p>6.- \u00bfEst\u00e1 usted de acuerdo con que el Estado proceda a ser el titular (propietario) de los bienes de origen il\u00edcito<\/p>\n<p>o injustificado, simplificando el procedimiento de la Ley Org\u00e1nica de Extinci\u00f3n de Dominio?<\/p>\n<p>&nbsp;<\/p>\n<p>7.- \u00bfEst\u00e1 usted de acuerdo con permitir la extradici\u00f3n de ecuatorianos, con las condiciones, requisitos, restricciones<\/p>\n<p>e impedimentos establecidos en la Constituci\u00f3n, los instrumentos internacionales y en la Ley, enmendando la<\/p>\n<p>Constituci\u00f3n y reformando las leyes?<\/p>\n<p>&nbsp;<\/p>\n<p>8.- \u00bfEst\u00e1 usted de acuerdo con el establecimiento de judicaturas especializadas en materia constitucional, tanto en<\/p>\n<p>primera como en segunda instancia, para el conocimiento de las garant\u00edas jurisdiccionales que les corresponda<\/p>\n<p>enmendando la Constituci\u00f3n y reformando la Ley Org\u00e1nica de Garant\u00edas Jurisdiccionales y Control Constitucional?<\/p>\n<p>&nbsp;<\/p>\n<p>9.- \u00bfEst\u00e1 usted de acuerdo que el Estado ecuatoriano promueva la inversi\u00f3n extranjera y reconozca el arbitraje<\/p>\n<p>internacional como m\u00e9todo para solucionar controversias en materia de inversi\u00f3n, contractuales o comerciales<\/p>\n<p>de manera que se ofrezca a los inversores extranjeros un entorno apropiado de seguridad jur\u00eddica que genere mayores<\/p>\n<p>oportunidades de empleo y afiancen la dolarizaci\u00f3n?<\/p>\n<p>&nbsp;<\/p>\n<p>10.- \u00bfEst\u00e1 usted de acuerdo con que se enmiende la Constituci\u00f3n y se reforme el C\u00f3digo de Trabajo y para regular los<\/p>\n<p>contratos de trabajo a plazo fijo y por horas, cuando se celebre por primera vez entre el mismo empleador y trabajador<\/p>\n<p>sin afectar los derechos adquiridos de los trabajadores?<\/p>\n<p>Sin embargo, hay cuatro preguntas de referendo que deber\u00e1n pasar por un control adicional de forma de la misma Corte<\/p>\n<p>en un plazo de 20 d\u00edas.<\/p>\n<p>&nbsp;<\/p>\n<p><strong>Se trata los temas de: <\/strong><\/p>\n<p>Extradici\u00f3n de ecuatorianos.<\/p>\n<p>Establecimiento de judicaturas especializadas en materia constitucional.<\/p>\n<p>Permisi\u00f3n del arbitraje internacional.<\/p>\n<p>Incorporaci\u00f3n de contratos a plazo fijo y por horas. <strong>(I)<\/strong><\/p>\n<p>Fuente: evafm.net &#8211; primicias.ec<\/p>\n<div class=\"gsp_post_data\" \r\n\t            data-post_type=\"post\" \r\n\t            data-cat=\"general,noticias-ecuador\" \r\n\t            data-modified=\"120\"\r\n\t            data-created=\"1706285185\"\r\n\t            data-title=\"Consulta: La Corte Constitucional da paso a 10 preguntas de Noboa\" \r\n\t            data-home=\"https:\/\/www.evafm.net\/sitio\"><\/div>","protected":false},"excerpt":{"rendered":"<p>La Corte Constitucional (CC) emiti\u00f3 tres dict\u00e1menes sobre los pedidos de consulta popular y de referendo constitucional del presidente Daniel Noboa. Originalmente, el Mandatario remiti\u00f3 20 temas y este 26 de enero los magistrados dieron paso a 10. El presidente Noboa remiti\u00f3 un primer bloque de 11 preguntas, pero finalmente retir\u00f3 la \u00faltima, que trataba&#8230;<\/p>\n","protected":false},"author":5,"featured_media":78615,"comment_status":"closed","ping_status":"open","sticky":false,"template":"","format":"standard","meta":{"_joinchat":[],"footnotes":""},"categories":[1720,1558],"tags":[],"class_list":["post-78614","post","type-post","status-publish","format-standard","has-post-thumbnail","hentry","category-general","category-noticias-ecuador","have-post-thumb"],"_links":{"self":[{"href":"https:\/\/www.evafm.net\/sitio\/wp-json\/wp\/v2\/posts\/78614","targetHints":{"allow":["GET"]}}],"collection":[{"href":"https:\/\/www.evafm.net\/sitio\/wp-json\/wp\/v2\/posts"}],"about":[{"href":"https:\/\/www.evafm.net\/sitio\/wp-json\/wp\/v2\/types\/post"}],"author":[{"embeddable":true,"href":"https:\/\/www.evafm.net\/sitio\/wp-json\/wp\/v2\/users\/5"}],"replies":[{"embeddable":true,"href":"https:\/\/www.evafm.net\/sitio\/wp-json\/wp\/v2\/comments?post=78614"}],"version-history":[{"count":1,"href":"https:\/\/www.evafm.net\/sitio\/wp-json\/wp\/v2\/posts\/78614\/revisions"}],"predecessor-version":[{"id":78616,"href":"https:\/\/www.evafm.net\/sitio\/wp-json\/wp\/v2\/posts\/78614\/revisions\/78616"}],"wp:featuredmedia":[{"embeddable":true,"href":"https:\/\/www.evafm.net\/sitio\/wp-json\/wp\/v2\/media\/78615"}],"wp:attachment":[{"href":"https:\/\/www.evafm.net\/sitio\/wp-json\/wp\/v2\/media?parent=78614"}],"wp:term":[{"taxonomy":"category","embeddable":true,"href":"https:\/\/www.evafm.net\/sitio\/wp-json\/wp\/v2\/categories?post=78614"},{"taxonomy":"post_tag","embeddable":true,"href":"https:\/\/www.evafm.net\/sitio\/wp-json\/wp\/v2\/tags?post=78614"}],"curies":[{"name":"wp","href":"https:\/\/api.w.org\/{rel}","templated":true}]}}