{"id":78623,"date":"2024-01-26T18:00:52","date_gmt":"2024-01-26T23:00:52","guid":{"rendered":"https:\/\/www.evafm.net\/sitio\/?p=78623"},"modified":"2024-01-26T18:11:31","modified_gmt":"2024-01-26T23:11:31","slug":"javier-milei-sin-filtros-se-despacho-contra-gustavo-petro","status":"publish","type":"post","link":"https:\/\/www.evafm.net\/sitio\/javier-milei-sin-filtros-se-despacho-contra-gustavo-petro\/","title":{"rendered":"Javier Milei, sin filtros, se despach\u00f3 contra Gustavo Petro"},"content":{"rendered":"<p>Una fuerte opini\u00f3n sobre Gustavo Petro le mereci\u00f3 al presidente de<strong> Argentina, Javier Milei,<\/strong> que en una entrevista de la periodista<\/p>\n<p><strong> \u00c1ngela Patricia Janiot<\/strong> no dud\u00f3 en calificar al mandatario colombiano de <strong>\u201casesino\u201d<\/strong><\/p>\n<p>&nbsp;<\/p>\n<p>En medio de preguntas sobre l\u00edderes internacionales, la entrevistadora interrog\u00f3 al jefe de Estado argentino sobre su pensamiento sobre<\/p>\n<p>el mandato de Gustavo Petro.<\/p>\n<p><b>Su respuesta fue contundente y sin rodeos: <\/b><\/p>\n<p><b>\u201cEs un comunista asesino que est\u00e1 hundiendo a Colombia\u201d<\/b>.<\/p>\n<p>&nbsp;<\/p>\n<p>En el mismo tono determinante, Milei caracteriz\u00f3 al expresidente estadounidense Donald Trump como \u201cuno de los l\u00edderes de la libertad<\/p>\n<p>en contra del socialismo global\u201d, en vista de los resultados positivos que dej\u00f3 la gesti\u00f3n del tambi\u00e9n empresario para la econom\u00eda del pa\u00eds<\/p>\n<p>norteamericano.<\/p>\n<p>&nbsp;<\/p>\n<p>En t\u00e9rminos econ\u00f3micos, durante la entrevista con Janiot, el presidente Javier Milei habl\u00f3 de su viaje a Davos, Suiza, en el contexto del<\/p>\n<p>Foro Econ\u00f3mico Mundial.<\/p>\n<p>All\u00ed tuvo el prop\u00f3sito de criticar la Agenda 2030, y la calific\u00f3 de \u201csocialista\u201d a pesar de sus buenas intenciones.<\/p>\n<p>Adem\u00e1s, critic\u00f3 el legado del Gobierno de Cristina Fern\u00e1ndez, mencionando una inflaci\u00f3n acumulada del 1.000% y una brecha cambiaria<\/p>\n<p>del 200%, par\u00e1metros que considera que han afectado severamente a Argentina.<\/p>\n<p>&nbsp;<\/p>\n<p class=\"paragraph\" data-mrf-recirculation=\"Links inline\">Seg\u00fan el presidente Milei, las pol\u00edticas deben evaluarse por sus resultados y no por sus intenciones.<\/p>\n<p class=\"paragraph\" data-mrf-recirculation=\"Links inline\">De hecho, ese ha sido su criterio para fomentar los cambios que requiere su pa\u00eds para contrarrestar las barreras econ\u00f3micas que azotan<\/p>\n<p class=\"paragraph\" data-mrf-recirculation=\"Links inline\">a los argentinos.<\/p>\n<p class=\"paragraph\" data-mrf-recirculation=\"Links inline\"><b>En ese mismo discurso, el dignatario argentino dej\u00f3 muy clara su postura sobre asuntos que dejan a Gustavo Petro<\/b><\/p>\n<p class=\"paragraph\" data-mrf-recirculation=\"Links inline\"><b> en las <\/b><b>ant\u00edpodas, en especial, en lo que tiene que ver con la justicia social.\u00a0<\/b><\/p>\n<p class=\"paragraph\" data-mrf-recirculation=\"Links inline\">Seg\u00fan Milei, \u201cla justicia social no es justa, es violenta.<\/p>\n<p class=\"paragraph\" data-mrf-recirculation=\"Links inline\">El Estado se financia a trav\u00e9s de impuestos que se cobran de manera coactiva.<\/p>\n<p class=\"paragraph\" data-mrf-recirculation=\"Links inline\">A mayor carga impositiva, mayor es la coacci\u00f3n y menor la libertad\u201d.<\/p>\n<p class=\"paragraph\" data-mrf-recirculation=\"Links inline\">Mientras tanto, en el mismo evento, Gustavo Petro, que ocup\u00f3 una parte de su agenda para promocionar a Colombia como<\/p>\n<p class=\"paragraph\" data-mrf-recirculation=\"Links inline\">\u201cel pa\u00eds de la belleza\u201d con un costoso alquiler de la llamada Casa Colombia \u2014la cual fue muy cuestionado por una parte de la<\/p>\n<p class=\"paragraph\" data-mrf-recirculation=\"Links inline\">sociedad colombiana\u2014, asever\u00f3 que<\/p>\n<p class=\"paragraph\" data-mrf-recirculation=\"Links inline\">\u201cel terreno de la justicia social, indudablemente, es imprescindible lograr el crecimiento econ\u00f3mico y detener el crecimiento<\/p>\n<p class=\"paragraph\" data-mrf-recirculation=\"Links inline\">de precios en los alimentos y servicios p\u00fablicos\u201d.<\/p>\n<p data-mrf-recirculation=\"Links inline\">Pese a las palabras del presidente colombiano, hay medidas que han sido fuertemente cuestionadas por la ciudadan\u00eda como<\/p>\n<p data-mrf-recirculation=\"Links inline\">por ejemplo el alza en los alimentos por cuenta de grav\u00e1menes como el impuesto saludable propiciado por el mismo Petro.<\/p>\n<p data-mrf-recirculation=\"Links inline\">Este incremento de precios del Gobierno colombiano afecta los productos que tienen peso en la balanza de la canasta familiar<\/p>\n<p data-mrf-recirculation=\"Links inline\">de las personas con menores ingresos.<\/p>\n<p class=\"paragraph\" data-mrf-recirculation=\"Links inline\">Incluso, la econom\u00eda colombiana parece poner distancia con el crecimiento que el mandatario colombiano ha relacionado con<\/p>\n<p class=\"paragraph\" data-mrf-recirculation=\"Links inline\">la justicia social.<\/p>\n<p class=\"paragraph\" data-mrf-recirculation=\"Links inline\"><b>Para finales del 2023, el Departamento Administrativo Nacional de Estad\u00edstica (Dane) report\u00f3 que ante un <\/b><\/p>\n<p class=\"paragraph\" data-mrf-recirculation=\"Links inline\"><b>esperado <\/b><b>crecimiento econ\u00f3mico de 0.7%, lo que se evidenci\u00f3 fue un decrecimiento del 0,3%, es decir, casi <\/b><\/p>\n<p class=\"paragraph\" data-mrf-recirculation=\"Links inline\"><b>una diferencia del 10% <\/b><b>entre la expectativa y el resultado real.<\/b><\/p>\n<p class=\"paragraph\" data-mrf-recirculation=\"Links inline\">As\u00ed, las tensiones presentes entre ambos presidentes siguen creciendo. Por un lado, Petro promueve un modelo de izquierda<\/p>\n<p class=\"paragraph\" data-mrf-recirculation=\"Links inline\">y con tendencias socialistas, mientras que Milei defiende el capitalismo como \u00fanico modelo para un exitoso crecimiento<\/p>\n<p class=\"paragraph\" data-mrf-recirculation=\"Links inline\">econ\u00f3mico y desarrollo libre de la sociedad<\/p>\n<p class=\"paragraph\" data-mrf-recirculation=\"Links inline\">(el mandatario argentino critica de frente las banderas pol\u00edticas del mandatario colombiano).<\/p>\n<p class=\"paragraph\" data-mrf-recirculation=\"Links inline\">En 2023, el presidente argentino asegur\u00f3 que\u00a0<b>\u201cla decadencia de Argentina empieza con esto de abrazar las ideas <\/b><\/p>\n<p class=\"paragraph\" data-mrf-recirculation=\"Links inline\"><b>socialistas <\/b><b>es decir, la verdadera enfermedad argentina se llama socialismo.<\/b><\/p>\n<p class=\"paragraph\" data-mrf-recirculation=\"Links inline\">En la medida que un pa\u00eds abraza esas ideas, lo \u00fanico que le va a ocurrir es ser cada vez m\u00e1s pobre\u201d. <strong>(I)<\/strong><\/p>\n<p data-mrf-recirculation=\"Links inline\">\n<p data-mrf-recirculation=\"Links inline\">\n<p data-mrf-recirculation=\"Links inline\">Fuente: evafm.net<\/p>\n<p>&nbsp;<\/p>\n<div class=\"gsp_post_data\" \r\n\t            data-post_type=\"post\" \r\n\t            data-cat=\"noticias-internacionales\" \r\n\t            data-modified=\"120\"\r\n\t            data-created=\"1706292052\"\r\n\t            data-title=\"Javier Milei, sin filtros, se despach\u00f3 contra Gustavo Petro\" \r\n\t            data-home=\"https:\/\/www.evafm.net\/sitio\"><\/div>","protected":false},"excerpt":{"rendered":"<p>Una fuerte opini\u00f3n sobre Gustavo Petro le mereci\u00f3 al presidente de Argentina, Javier Milei, que en una entrevista de la periodista \u00c1ngela Patricia Janiot no dud\u00f3 en calificar al mandatario colombiano de \u201casesino\u201d &nbsp; En medio de preguntas sobre l\u00edderes internacionales, la entrevistadora interrog\u00f3 al jefe de Estado argentino sobre su pensamiento sobre el mandato&#8230;<\/p>\n","protected":false},"author":5,"featured_media":78624,"comment_status":"closed","ping_status":"open","sticky":false,"template":"","format":"standard","meta":{"_joinchat":[],"footnotes":""},"categories":[1345],"tags":[],"class_list":["post-78623","post","type-post","status-publish","format-standard","has-post-thumbnail","hentry","category-noticias-internacionales","have-post-thumb"],"_links":{"self":[{"href":"https:\/\/www.evafm.net\/sitio\/wp-json\/wp\/v2\/posts\/78623","targetHints":{"allow":["GET"]}}],"collection":[{"href":"https:\/\/www.evafm.net\/sitio\/wp-json\/wp\/v2\/posts"}],"about":[{"href":"https:\/\/www.evafm.net\/sitio\/wp-json\/wp\/v2\/types\/post"}],"author":[{"embeddable":true,"href":"https:\/\/www.evafm.net\/sitio\/wp-json\/wp\/v2\/users\/5"}],"replies":[{"embeddable":true,"href":"https:\/\/www.evafm.net\/sitio\/wp-json\/wp\/v2\/comments?post=78623"}],"version-history":[{"count":2,"href":"https:\/\/www.evafm.net\/sitio\/wp-json\/wp\/v2\/posts\/78623\/revisions"}],"predecessor-version":[{"id":78626,"href":"https:\/\/www.evafm.net\/sitio\/wp-json\/wp\/v2\/posts\/78623\/revisions\/78626"}],"wp:featuredmedia":[{"embeddable":true,"href":"https:\/\/www.evafm.net\/sitio\/wp-json\/wp\/v2\/media\/78624"}],"wp:attachment":[{"href":"https:\/\/www.evafm.net\/sitio\/wp-json\/wp\/v2\/media?parent=78623"}],"wp:term":[{"taxonomy":"category","embeddable":true,"href":"https:\/\/www.evafm.net\/sitio\/wp-json\/wp\/v2\/categories?post=78623"},{"taxonomy":"post_tag","embeddable":true,"href":"https:\/\/www.evafm.net\/sitio\/wp-json\/wp\/v2\/tags?post=78623"}],"curies":[{"name":"wp","href":"https:\/\/api.w.org\/{rel}","templated":true}]}}