{"id":78639,"date":"2024-01-27T17:32:11","date_gmt":"2024-01-27T22:32:11","guid":{"rendered":"https:\/\/www.evafm.net\/sitio\/?p=78639"},"modified":"2024-01-27T17:32:11","modified_gmt":"2024-01-27T22:32:11","slug":"muere-el-tecnico-otto-morcillo","status":"publish","type":"post","link":"https:\/\/www.evafm.net\/sitio\/muere-el-tecnico-otto-morcillo\/","title":{"rendered":"Muere el t\u00e9cnico Otto Morcillo"},"content":{"rendered":"<p>El t\u00e9cnico ecuatoriano Otto Morcillo, considerado como uno de los motores que impuls\u00f3 la nueva era del f\u00fatbol ecuatoriano<\/p>\n<p>muri\u00f3 de c\u00e1ncer este 26 de enero a los 67 a\u00f1os de edad, seg\u00fan informaron a EFE sus familiares.<\/p>\n<p>&nbsp;<\/p>\n<p>Morcillo falleci\u00f3 en una cl\u00ednica de Guayaquil y su partida ha generado una enorme reacci\u00f3n de pesar en el \u00e1mbito<\/p>\n<p>futbol\u00edstico del pa\u00eds, as\u00ed como en el acad\u00e9mico, pues era docente en la universidad \u00abLuis Vargas Torres\u00bb, de la ciudad costera<\/p>\n<p>de Esmeraldas de donde era oriundo.<\/p>\n<p>&nbsp;<\/p>\n<p>Una de sus hijas explic\u00f3 a EFE que el estratega muri\u00f3 de c\u00e1ncer de p\u00e1ncreas y que sus restos son velados en una sala funeraria<\/p>\n<p>de Guayaquil.<\/p>\n<p>&nbsp;<\/p>\n<p>Morcillo se destac\u00f3 como asistente del t\u00e9cnico montenegrino <strong>Dussan Draskovic,<\/strong> que dirigi\u00f3 a la selecci\u00f3n de Ecuador en la<\/p>\n<p>pasada d\u00e9cada de los a\u00f1os ochenta y que es considerado el impulso de la nueva imagen del f\u00fatbol ecuatoriano.<\/p>\n<p>&nbsp;<\/p>\n<p>Se gradu\u00f3 como entrenador en la Asociaci\u00f3n de F\u00fatbol de Argentina (AFA) y tras su paso por varios clubes profesionales se<\/p>\n<p>convirti\u00f3 en uno de los mejores int\u00e9rpretes y expansionistas de la metodolog\u00eda aplicada por Draskovic como seleccionador<\/p>\n<p>de Ecuador entre <strong>1988 y 1993.<\/strong><\/p>\n<p>&nbsp;<\/p>\n<p>\u00abContra todas las dificultades que representaba para los ecuatorianos en la d\u00e9cada de los 80 poder estudiar en el exterior<\/p>\n<p>Otto Morcillo rompi\u00f3 todas las expectativas y se gradu\u00f3 de t\u00e9cnico de f\u00fatbol en Argentina y dej\u00f3 un aporte importante para<\/p>\n<p>el f\u00fatbol local\u00bb, dijo a EFE el t\u00e9cnico <strong>Joaqu\u00edn L\u00f3pez. L\u00f3pez, al igual que Morcillo,<\/strong> se convirtieron en los ayudantes<\/p>\n<p>m\u00e1s cercanos de Draskovic en el despegue futbol\u00edstico de Ecuador.<\/p>\n<p>&nbsp;<\/p>\n<p>Morcillo dirigi\u00f3 a las selecciones juveniles Sub 17, Sub 20, Sub 23 e integr\u00f3 los cuerpos t\u00e9cnicos de la selecci\u00f3n absoluta<\/p>\n<p>con <strong>Draskovic. <\/strong><\/p>\n<p>El fallecido t\u00e9cnico ecuatoriano tambi\u00e9n dirigi\u00f3 con \u00e9xito a equipos como el Atl\u00e9tico Green Cross, el Manta Sporting Club<\/p>\n<p>el Esmeraldas Petrolero y la Liga de Portoviejo, pero tambi\u00e9n form\u00f3 parte del cuerpo t\u00e9cnico del Emelec y de otros equipos. <strong>(D)<\/strong><\/p>\n<p>&nbsp;<\/p>\n<p>Fuente: evafm.net &#8211; primicias.ec<\/p>\n<div class=\"gsp_post_data\" \r\n\t            data-post_type=\"post\" \r\n\t            data-cat=\"deportes-ecuador\" \r\n\t            data-modified=\"120\"\r\n\t            data-created=\"1706376731\"\r\n\t            data-title=\"Muere el t\u00e9cnico Otto Morcillo\" \r\n\t            data-home=\"https:\/\/www.evafm.net\/sitio\"><\/div>","protected":false},"excerpt":{"rendered":"<p>El t\u00e9cnico ecuatoriano Otto Morcillo, considerado como uno de los motores que impuls\u00f3 la nueva era del f\u00fatbol ecuatoriano muri\u00f3 de c\u00e1ncer este 26 de enero a los 67 a\u00f1os de edad, seg\u00fan informaron a EFE sus familiares. &nbsp; Morcillo falleci\u00f3 en una cl\u00ednica de Guayaquil y su partida ha generado una enorme reacci\u00f3n de&#8230;<\/p>\n","protected":false},"author":5,"featured_media":78640,"comment_status":"closed","ping_status":"open","sticky":false,"template":"","format":"standard","meta":{"_joinchat":[],"footnotes":""},"categories":[1557],"tags":[],"class_list":["post-78639","post","type-post","status-publish","format-standard","has-post-thumbnail","hentry","category-deportes-ecuador","have-post-thumb"],"_links":{"self":[{"href":"https:\/\/www.evafm.net\/sitio\/wp-json\/wp\/v2\/posts\/78639","targetHints":{"allow":["GET"]}}],"collection":[{"href":"https:\/\/www.evafm.net\/sitio\/wp-json\/wp\/v2\/posts"}],"about":[{"href":"https:\/\/www.evafm.net\/sitio\/wp-json\/wp\/v2\/types\/post"}],"author":[{"embeddable":true,"href":"https:\/\/www.evafm.net\/sitio\/wp-json\/wp\/v2\/users\/5"}],"replies":[{"embeddable":true,"href":"https:\/\/www.evafm.net\/sitio\/wp-json\/wp\/v2\/comments?post=78639"}],"version-history":[{"count":1,"href":"https:\/\/www.evafm.net\/sitio\/wp-json\/wp\/v2\/posts\/78639\/revisions"}],"predecessor-version":[{"id":78641,"href":"https:\/\/www.evafm.net\/sitio\/wp-json\/wp\/v2\/posts\/78639\/revisions\/78641"}],"wp:featuredmedia":[{"embeddable":true,"href":"https:\/\/www.evafm.net\/sitio\/wp-json\/wp\/v2\/media\/78640"}],"wp:attachment":[{"href":"https:\/\/www.evafm.net\/sitio\/wp-json\/wp\/v2\/media?parent=78639"}],"wp:term":[{"taxonomy":"category","embeddable":true,"href":"https:\/\/www.evafm.net\/sitio\/wp-json\/wp\/v2\/categories?post=78639"},{"taxonomy":"post_tag","embeddable":true,"href":"https:\/\/www.evafm.net\/sitio\/wp-json\/wp\/v2\/tags?post=78639"}],"curies":[{"name":"wp","href":"https:\/\/api.w.org\/{rel}","templated":true}]}}