{"id":78967,"date":"2024-02-12T15:20:51","date_gmt":"2024-02-12T20:20:51","guid":{"rendered":"https:\/\/www.evafm.net\/sitio\/?p=78967"},"modified":"2024-02-12T15:20:51","modified_gmt":"2024-02-12T20:20:51","slug":"a-la-tuka-no-lo-dejaron-ingresar-a-las-instalaciones-de-aucas","status":"publish","type":"post","link":"https:\/\/www.evafm.net\/sitio\/a-la-tuka-no-lo-dejaron-ingresar-a-las-instalaciones-de-aucas\/","title":{"rendered":"A &#8216;La Tuka&#8217; no lo dejaron ingresar a las instalaciones de Aucas"},"content":{"rendered":"<p><strong>&#8216;La Tuka&#8217; Ord\u00f3\u00f1ez f<\/strong>ue separado del primer equipo tras la llegada del nuevo cuerpo t\u00e9cnico, comandado por el mexicano<\/p>\n<p><strong> Gerardo Espinoza. <\/strong><\/p>\n<p>El delantero ahora entrena con la reserva.<\/p>\n<p>&nbsp;<\/p>\n<p>Sin embargo, este lunes 12 de febrero, &#8216;La Tuka&#8217; se present\u00f3 a los entrenamientos de la reserva de Sociedad Deportiva Aucas<\/p>\n<p>y no lo dejaron entrar a las instalaciones, seg\u00fan el periodista &#8216;<strong>Pepe&#8217; Mera. <\/strong><\/p>\n<p>\u00abVa m\u00e1s all\u00e1 de lo profesional.<\/p>\n<p>Yo nunca he cometido actos de indisciplina en Aucas.<\/p>\n<p>Para m\u00ed es algo personal contra m\u00ed.<\/p>\n<p>El tema va por ah\u00ed\u00bb, dijo Ord\u00f3\u00f1ez en una conversaci\u00f3n con Mera.<\/p>\n<p>\u00abMuy penoso, llego, trato de ingresar al entrenamiento de Aucas.<\/p>\n<p>Desde el viernes han dicho que no puedo ir.<\/p>\n<p>Seg\u00fan ellos notificaron, pero nada.<\/p>\n<p>Me present\u00e9 y no me dejaron, nunca me notificaron a trav\u00e9s de un documento.<\/p>\n<p>Habl\u00e9 con el utilero para que me ayude a sacar mis cosas\u00bb. <strong>(D)<\/strong><\/p>\n<p>&nbsp;<\/p>\n<div class=\"css-1dbjc4n r-18u37iz r-kzbkwu\">\n<div class=\"css-1dbjc4n r-eqz5dr r-1777fci r-4amgru r-1kh6xel\">\n<div class=\"css-1dbjc4n r-1ny4l3l\">\n<div class=\"css-1dbjc4n r-1wbh5a2 r-dnmrzs r-1ny4l3l\">\n<div class=\"css-1dbjc4n r-1wbh5a2 r-dnmrzs r-1ny4l3l\">\n<div class=\"css-1dbjc4n r-1awozwy r-18u37iz r-dnmrzs\">\n<div class=\"css-901oao r-1awozwy r-18jsvk2 r-6koalj r-1qd0xha r-a023e6 r-b88u0q r-rjixqe r-bcqeeo r-1udh08x r-3s2u2q r-qvutc0\" dir=\"auto\"><strong><span class=\"css-901oao css-16my406 css-1hf3ou5 r-poiln3 r-bcqeeo r-qvutc0\"><span class=\"css-901oao css-16my406 r-poiln3 r-bcqeeo r-qvutc0\">Pepe Mera<\/span><\/span><\/strong><\/div>\n<div class=\"css-901oao r-18jsvk2 r-xoduu5 r-18u37iz r-1q142lx r-1qd0xha r-a023e6 r-16dba41 r-rjixqe r-bcqeeo r-qvutc0\" dir=\"auto\"><\/div>\n<\/div>\n<div class=\"css-1dbjc4n r-1awozwy r-18u37iz r-1wbh5a2\">\n<div class=\"css-1dbjc4n\">\n<div class=\"css-901oao css-1hf3ou5 r-14j79pv r-18u37iz r-1qd0xha r-1wvb978 r-a023e6 r-16dba41 r-rjixqe r-bcqeeo r-qvutc0\" dir=\"ltr\"><strong><span class=\"css-901oao css-16my406 r-poiln3 r-bcqeeo r-qvutc0\">@pep_mera<\/span><\/strong><\/div>\n<\/div>\n<div class=\"css-1dbjc4n r-18u37iz r-1q142lx\">\n<div class=\"css-901oao r-14j79pv r-1q142lx r-1qd0xha r-a023e6 r-16dba41 r-rjixqe r-bcqeeo r-s1qlax r-qvutc0\" dir=\"auto\" aria-hidden=\"true\"><\/div>\n<\/div>\n<\/div>\n<\/div>\n<\/div>\n<\/div>\n<\/div>\n<\/div>\n<div class=\"css-1dbjc4n\">\n<div class=\"css-901oao r-18jsvk2 r-1dqbpge r-1qd0xha r-adyw6z r-16dba41 r-135wba7 r-bcqeeo r-bnwqim r-qvutc0\" dir=\"auto\" lang=\"es\" data-testid=\"tweetText\"><span class=\"css-901oao css-16my406 r-poiln3 r-bcqeeo r-qvutc0\">ATENCI\u00d3N | Hoy Roberto \u00abtuca\u00bb Ordo\u00f1ez se present\u00f3 a los entrenamientos de la reserva en<\/span><\/div>\n<div class=\"css-901oao r-18jsvk2 r-1dqbpge r-1qd0xha r-adyw6z r-16dba41 r-135wba7 r-bcqeeo r-bnwqim r-qvutc0\" dir=\"auto\" lang=\"es\" data-testid=\"tweetText\"><span class=\"r-18u37iz\">@Aucas45<\/span><span class=\"css-901oao css-16my406 r-poiln3 r-bcqeeo r-qvutc0\"> y no se le permiti\u00f3 el ingreso a las instalaciones del club.<\/span><\/div>\n<\/div>\n<p><img decoding=\"async\" src=\"https:\/\/pbs.twimg.com\/media\/GGI-e9FXcAAnrLK?format=jpg&amp;name=small\" alt=\"Imagen\" \/><\/p>\n<p>&nbsp;<\/p>\n<p>Fuente: evafm.net &#8211; primicias.ec<\/p>\n<div class=\"gsp_post_data\" \r\n\t            data-post_type=\"post\" \r\n\t            data-cat=\"deportes-ecuador,general\" \r\n\t            data-modified=\"120\"\r\n\t            data-created=\"1707751251\"\r\n\t            data-title=\"A &#8216;La Tuka&#8217; no lo dejaron ingresar a las instalaciones de Aucas\" \r\n\t            data-home=\"https:\/\/www.evafm.net\/sitio\"><\/div>","protected":false},"excerpt":{"rendered":"<p>&#8216;La Tuka&#8217; Ord\u00f3\u00f1ez fue separado del primer equipo tras la llegada del nuevo cuerpo t\u00e9cnico, comandado por el mexicano Gerardo Espinoza. El delantero ahora entrena con la reserva. &nbsp; Sin embargo, este lunes 12 de febrero, &#8216;La Tuka&#8217; se present\u00f3 a los entrenamientos de la reserva de Sociedad Deportiva Aucas y no lo dejaron entrar&#8230;<\/p>\n","protected":false},"author":5,"featured_media":78968,"comment_status":"closed","ping_status":"open","sticky":false,"template":"","format":"standard","meta":{"_joinchat":[],"footnotes":""},"categories":[1557,1720],"tags":[],"class_list":["post-78967","post","type-post","status-publish","format-standard","has-post-thumbnail","hentry","category-deportes-ecuador","category-general","have-post-thumb"],"_links":{"self":[{"href":"https:\/\/www.evafm.net\/sitio\/wp-json\/wp\/v2\/posts\/78967","targetHints":{"allow":["GET"]}}],"collection":[{"href":"https:\/\/www.evafm.net\/sitio\/wp-json\/wp\/v2\/posts"}],"about":[{"href":"https:\/\/www.evafm.net\/sitio\/wp-json\/wp\/v2\/types\/post"}],"author":[{"embeddable":true,"href":"https:\/\/www.evafm.net\/sitio\/wp-json\/wp\/v2\/users\/5"}],"replies":[{"embeddable":true,"href":"https:\/\/www.evafm.net\/sitio\/wp-json\/wp\/v2\/comments?post=78967"}],"version-history":[{"count":1,"href":"https:\/\/www.evafm.net\/sitio\/wp-json\/wp\/v2\/posts\/78967\/revisions"}],"predecessor-version":[{"id":78969,"href":"https:\/\/www.evafm.net\/sitio\/wp-json\/wp\/v2\/posts\/78967\/revisions\/78969"}],"wp:featuredmedia":[{"embeddable":true,"href":"https:\/\/www.evafm.net\/sitio\/wp-json\/wp\/v2\/media\/78968"}],"wp:attachment":[{"href":"https:\/\/www.evafm.net\/sitio\/wp-json\/wp\/v2\/media?parent=78967"}],"wp:term":[{"taxonomy":"category","embeddable":true,"href":"https:\/\/www.evafm.net\/sitio\/wp-json\/wp\/v2\/categories?post=78967"},{"taxonomy":"post_tag","embeddable":true,"href":"https:\/\/www.evafm.net\/sitio\/wp-json\/wp\/v2\/tags?post=78967"}],"curies":[{"name":"wp","href":"https:\/\/api.w.org\/{rel}","templated":true}]}}