{"id":78970,"date":"2024-02-12T15:26:58","date_gmt":"2024-02-12T20:26:58","guid":{"rendered":"https:\/\/www.evafm.net\/sitio\/?p=78970"},"modified":"2024-02-12T15:26:58","modified_gmt":"2024-02-12T20:26:58","slug":"dias-de-ferias-y-noches-de-fiesta-por-carnaval-en-tungurahua","status":"publish","type":"post","link":"https:\/\/www.evafm.net\/sitio\/dias-de-ferias-y-noches-de-fiesta-por-carnaval-en-tungurahua\/","title":{"rendered":"D\u00edas de ferias y noches de fiesta por Carnaval en Tungurahua"},"content":{"rendered":"<p>En los nueve cantones de Tungurahua se han realizado diferentes programas para que el turista y los locales se<\/p>\n<p>distraigan por el feriado del Carnaval tanto de d\u00eda como por la noche.<\/p>\n<p>&nbsp;<\/p>\n<p>En Ambato, la programaci\u00f3n de la Fiesta de la Fruta y de las Flores (FFF) que se extienden hasta el 11 de marzo<\/p>\n<p>incluyen programas en estos d\u00edas de febrero.<\/p>\n<p>Entre ellos festival del pasillo con voces femeninas como: Flor Vaca, Sandra Argudo y Margarita Lasso.<\/p>\n<p>Encuentros de bandas de pueblo y arpas y se retom\u00f3 despu\u00e9s de una d\u00e9cada, aproximadamente, los bailes de<\/p>\n<p>anta\u00f1o en la avenida Cevallos.<\/p>\n<p>La noche del domingo hasta la madrugada del lunes 12, m\u00e1s de 10 mil personas, seg\u00fan el Comit\u00e9 Permanente<\/p>\n<p>de la FFF se concentr\u00f3 en la pista de baile m\u00e1s grande de Ambato.<\/p>\n<p>Hubo la presentaci\u00f3n de seis orquestas en tres escenarios de la avenida Cevallos a bailar al ritmo de la<\/p>\n<p><strong> salsa, merengue y cumbia. <\/strong><\/p>\n<p>Esther J\u00e1come, quien lleg\u00f3 de vacaciones desde Estados Unidos, dijo que la fiesta de Ambato siempre<\/p>\n<p>era recordada por sus bailes p\u00fablicos en la avenida Cevallos.<\/p>\n<p><strong>\u201cToda la ciudad bailaba sin parar y se est\u00e1 retomando esa tradici\u00f3n\u201d, dijo la turista.<\/strong><\/p>\n<p><strong>Programas con mucha seguridad:<\/strong><\/p>\n<p>Otros de los cantones donde tambi\u00e9n ha concentrado gran afluencia de turistas es en Ba\u00f1os de Agua Santa.<\/p>\n<p>El director de Turismo Municipal, Juan Pablo Andino, asegur\u00f3 que tienen el 100% de la plaza hotelera copada<\/p>\n<p>incluyendo los hospedajes de alquiler vacacional Airbnb.<\/p>\n<p>En esta ciudad se han realizado desfiles, como la &#8216;<strong>chamizada&#8217;<\/strong> con la que agradecieron las cosechas y la<\/p>\n<p>Ronda Nocturnal el domingo 11.<\/p>\n<p>De igual manera, los visitantes han recorrido los m\u00e1s de 140 emprendimientos locales con diferentes atractivos<\/p>\n<p>en medio de la naturaleza.<\/p>\n<p>En Tisaleo se realiza la feria nacional donde cada noche, hasta el martes 13, tendr\u00e1n la presencia de artistas nacionales<\/p>\n<p>e internacionales.<\/p>\n<p>En este complejo hasta se celebr\u00f3 el cumplea\u00f1os del artista colombiano <strong>Galy Galiano.<\/strong><\/p>\n<p><small><\/small><\/p>\n<p>&nbsp;<\/p>\n<p>Mientras en Pelileo y Patate despiden este martes el carnaval con presentaciones, artistas y show de espumas.<\/p>\n<p>En Tungurahua, se destinaron al menos 2.000 uniformados entre polic\u00edas y militares, a esto se suman la contrataci\u00f3n<\/p>\n<p>de guardian\u00eda privada, comunitaria y agentes del Grupo de Intervenci\u00f3n y Rescate (GIR), quienes recorren lugares<\/p>\n<p>de mayor influencia de personas para revisar veh\u00edculos y personas.<\/p>\n<p>El coronel Ren\u00e1n Miller, jefe de la Zona 3 de Polic\u00eda, asegur\u00f3 que hasta el mediod\u00eda del lunes 12 no se han registrado<\/p>\n<p>muertes violentas, ni novedades de transcendencia y esperan que el retorno de los turistas tambi\u00e9n se realice con normalidad. <strong>(I)<\/strong><\/p>\n<p>Fuente: evafm.net &#8211; primicias.ec<\/p>\n<div class=\"gsp_post_data\" \r\n\t            data-post_type=\"post\" \r\n\t            data-cat=\"general,noticias-ecuador\" \r\n\t            data-modified=\"120\"\r\n\t            data-created=\"1707751618\"\r\n\t            data-title=\"D\u00edas de ferias y noches de fiesta por Carnaval en Tungurahua\" \r\n\t            data-home=\"https:\/\/www.evafm.net\/sitio\"><\/div>","protected":false},"excerpt":{"rendered":"<p>En los nueve cantones de Tungurahua se han realizado diferentes programas para que el turista y los locales se distraigan por el feriado del Carnaval tanto de d\u00eda como por la noche. &nbsp; En Ambato, la programaci\u00f3n de la Fiesta de la Fruta y de las Flores (FFF) que se extienden hasta el 11 de&#8230;<\/p>\n","protected":false},"author":5,"featured_media":78971,"comment_status":"closed","ping_status":"open","sticky":false,"template":"","format":"standard","meta":{"_joinchat":[],"footnotes":""},"categories":[1720,1558],"tags":[],"class_list":["post-78970","post","type-post","status-publish","format-standard","has-post-thumbnail","hentry","category-general","category-noticias-ecuador","have-post-thumb"],"_links":{"self":[{"href":"https:\/\/www.evafm.net\/sitio\/wp-json\/wp\/v2\/posts\/78970","targetHints":{"allow":["GET"]}}],"collection":[{"href":"https:\/\/www.evafm.net\/sitio\/wp-json\/wp\/v2\/posts"}],"about":[{"href":"https:\/\/www.evafm.net\/sitio\/wp-json\/wp\/v2\/types\/post"}],"author":[{"embeddable":true,"href":"https:\/\/www.evafm.net\/sitio\/wp-json\/wp\/v2\/users\/5"}],"replies":[{"embeddable":true,"href":"https:\/\/www.evafm.net\/sitio\/wp-json\/wp\/v2\/comments?post=78970"}],"version-history":[{"count":1,"href":"https:\/\/www.evafm.net\/sitio\/wp-json\/wp\/v2\/posts\/78970\/revisions"}],"predecessor-version":[{"id":78972,"href":"https:\/\/www.evafm.net\/sitio\/wp-json\/wp\/v2\/posts\/78970\/revisions\/78972"}],"wp:featuredmedia":[{"embeddable":true,"href":"https:\/\/www.evafm.net\/sitio\/wp-json\/wp\/v2\/media\/78971"}],"wp:attachment":[{"href":"https:\/\/www.evafm.net\/sitio\/wp-json\/wp\/v2\/media?parent=78970"}],"wp:term":[{"taxonomy":"category","embeddable":true,"href":"https:\/\/www.evafm.net\/sitio\/wp-json\/wp\/v2\/categories?post=78970"},{"taxonomy":"post_tag","embeddable":true,"href":"https:\/\/www.evafm.net\/sitio\/wp-json\/wp\/v2\/tags?post=78970"}],"curies":[{"name":"wp","href":"https:\/\/api.w.org\/{rel}","templated":true}]}}