{"id":78983,"date":"2024-02-15T09:54:27","date_gmt":"2024-02-15T14:54:27","guid":{"rendered":"https:\/\/www.evafm.net\/sitio\/?p=78983"},"modified":"2024-02-15T09:59:22","modified_gmt":"2024-02-15T14:59:22","slug":"vladimir-putin-dijo-que-rusia-prefiere-a-joe-biden-sobre-donald-trump","status":"publish","type":"post","link":"https:\/\/www.evafm.net\/sitio\/vladimir-putin-dijo-que-rusia-prefiere-a-joe-biden-sobre-donald-trump\/","title":{"rendered":"Vladimir Putin dijo que Rusia prefiere a Joe Biden sobre Donald Trump"},"content":{"rendered":"<p>El presidente <strong>Vladimir Putin<\/strong> dijo el mi\u00e9rcoles que Rusia preferir\u00eda que <strong>Joe Biden<\/strong> ganara un segundo mandato y lo describi\u00f3<\/p>\n<p>como m\u00e1s experimentado que <b>Donald Trump.<\/b><\/p>\n<p>&nbsp;<\/p>\n<p>En una entrevista con un periodista de la televisi\u00f3n estatal rusa, Putin declar\u00f3 que\u00a0<b>trabajar\u00e1 con cualquier l\u00edder estadounidense<\/b><\/p>\n<p><b> que sea elegido, pero se\u00f1al\u00f3 que preferir\u00eda la victoria de Biden cuando se le pregunt\u00f3 qui\u00e9n ser\u00eda una mejor opci\u00f3n<\/b><\/p>\n<p><b> desde el punto de vista de Rusia.<\/b><\/p>\n<p>&nbsp;<\/p>\n<p class=\"paragraph\" data-mrf-recirculation=\"Links inline\">\u201cBiden tiene m\u00e1s experiencia, es m\u00e1s predecible,\u00a0<b>es un pol\u00edtico de la vieja escuela<\/b>\u201d, dijo Putin.<\/p>\n<p class=\"paragraph\" data-mrf-recirculation=\"Links inline\"><strong>\u201cPero trabajaremos con cualquier l\u00edder estadounidense en quien el pueblo estadounidense conf\u00ede\u201d.<\/strong><\/p>\n<p class=\"paragraph\" data-mrf-recirculation=\"Links inline\">Los comentarios de Putin fueron los primeros sobre las pr\u00f3ximas elecciones presidenciales de Estados Unidos, que probablemente<\/p>\n<p class=\"paragraph\" data-mrf-recirculation=\"Links inline\">enfrentar\u00e1n a Biden contra Trump, y se producen en un momento en que aumentan las tensiones entre republicanos y dem\u00f3cratas<\/p>\n<p class=\"paragraph\" data-mrf-recirculation=\"Links inline\">por los intentos de Biden de enviar m\u00e1s ayuda militar a Kiev.<\/p>\n<p data-mrf-recirculation=\"Links inline\">Sin embargo, las recientes declaraciones de Trump que cuestionan la financiaci\u00f3n estadounidense para Ucrania y dicen que quiere<\/p>\n<p data-mrf-recirculation=\"Links inline\">sacudir la alianza de la OTAN podr\u00edan servir mejor a Putin.<b>\u00a0<\/b><\/p>\n<p data-mrf-recirculation=\"Links inline\"><b>Biden acus\u00f3 el martes a Trump de haberse \u201cinclinado ante un dictador ruso\u201d.<\/b><\/p>\n<p data-mrf-recirculation=\"Links inline\">Cuando se le pregunt\u00f3 sobre las especulaciones sobre los problemas de salud de Biden, Putin respondi\u00f3 que<\/p>\n<p data-mrf-recirculation=\"Links inline\"><strong> \u201cno soy m\u00e9dico y no considero apropiado comentar sobre eso\u201d.<\/strong><\/p>\n<p class=\"paragraph\" data-mrf-recirculation=\"Links inline\">El equipo de Biden trabaj\u00f3 para aliviar las preocupaciones dem\u00f3cratas sobre las alarmas generadas por un fiscal especial sobre la edad<\/p>\n<p class=\"paragraph\" data-mrf-recirculation=\"Links inline\">y la memoria de Biden.<\/p>\n<p class=\"paragraph\" data-mrf-recirculation=\"Links inline\">Llegaron en un informe que determinaba que Biden no ser\u00eda acusado de ninguna actividad delictiva por posesi\u00f3n de documentos<\/p>\n<p class=\"paragraph\" data-mrf-recirculation=\"Links inline\">clasificados despu\u00e9s de que dejara el cargo.<\/p>\n<p class=\"paragraph\" data-mrf-recirculation=\"Links inline\"><b>Putin se\u00f1al\u00f3 que las conversaciones sobre la salud de Biden se producen cuando \u201cla campa\u00f1a electoral est\u00e1 ganando<\/b><\/p>\n<p class=\"paragraph\" data-mrf-recirculation=\"Links inline\"><b> velocidad en Estados Unidos y est\u00e1 tomando un rumbo cada vez m\u00e1s agudo\u201d.<\/b><\/p>\n<p class=\"paragraph\" data-mrf-recirculation=\"Links inline\">A\u00f1adi\u00f3 que tambi\u00e9n circulaban acusaciones sobre los problemas de salud de Biden cuando se reunieron en Suiza en junio de 2021<\/p>\n<p class=\"paragraph\" data-mrf-recirculation=\"Links inline\">y a\u00f1adi\u00f3 que \u00e9l fue testigo de lo contrario y vio al l\u00edder estadounidense en buena forma.<\/p>\n<p class=\"paragraph\" data-mrf-recirculation=\"Links inline\">\u201cHablaron de que estaba incapacitado, pero yo no vi nada de eso\u201d, dijo Putin.<\/p>\n<p class=\"paragraph\" data-mrf-recirculation=\"Links inline\"><strong>\u201cS\u00ed, \u00e9l estaba mirando sus papeles, para ser honesto, yo estaba mirando los m\u00edos, no es gran cosa\u201d.<\/strong><\/p>\n<p class=\"paragraph\" data-mrf-recirculation=\"Links inline\">Al mismo tiempo, Putin se\u00f1al\u00f3 que considera err\u00f3nea la pol\u00edtica de la administraci\u00f3n Biden.<\/p>\n<p class=\"paragraph\" data-mrf-recirculation=\"Links inline\">Los lazos entre Rusia y Occidente han ca\u00eddo a sus niveles m\u00e1s bajos desde la era de la Guerra Fr\u00eda despu\u00e9s de que Putin enviara<\/p>\n<p class=\"paragraph\" data-mrf-recirculation=\"Links inline\">sus tropas a Ucrania en febrero de 2022.<\/p>\n<p class=\"paragraph\" data-mrf-recirculation=\"Links inline\"><b>\u201cCreo que la posici\u00f3n de la actual administraci\u00f3n es muy defectuosa y equivocada, y se lo he dicho al presidente<\/b><\/p>\n<p class=\"paragraph\" data-mrf-recirculation=\"Links inline\"><b> Biden\u201d <\/b>dijo Putin.<\/p>\n<p class=\"paragraph\" data-mrf-recirculation=\"Links inline\">Putin ha afirmado que ha enviado tropas a Ucrania para proteger a los hablantes de ruso all\u00ed y para evitar una amenaza a la<\/p>\n<p class=\"paragraph\" data-mrf-recirculation=\"Links inline\">seguridad de Rusia planteada por el intento de Ucrania de unirse a la <strong>OTAN.<\/strong><\/p>\n<p class=\"paragraph\" data-mrf-recirculation=\"Links inline\">Ucrania y sus aliados occidentales han denunciado la acci\u00f3n de Mosc\u00fa como un acto de agresi\u00f3n no provocado.<\/p>\n<p class=\"paragraph\" data-mrf-recirculation=\"Links inline\">El jefe del Kremlin argument\u00f3 que Mosc\u00fa se vio obligado a actuar despu\u00e9s de que Ucrania y sus aliados se negaron a cumplir<\/p>\n<p class=\"paragraph\" data-mrf-recirculation=\"Links inline\">un acuerdo de 2015 para otorgar m\u00e1s poderes a los territorios separatistas en el este de Ucrania, donde los separatistas respaldados<\/p>\n<p class=\"paragraph\" data-mrf-recirculation=\"Links inline\">por Mosc\u00fa lanzaron una rebeli\u00f3n en 2014.<\/p>\n<p class=\"paragraph\" data-mrf-recirculation=\"Links inline\">Lo \u00fanico que podemos hacer es lamentar no haber actuado antes, pens\u00e1bamos que est\u00e1bamos tratando con gente decente\u201d, dijo Putin.<\/p>\n<p class=\"paragraph\" data-mrf-recirculation=\"Links inline\">Cuando se le pregunt\u00f3 sobre la declaraci\u00f3n de Trump del s\u00e1bado, en la que dijo que una vez advirti\u00f3 que permitir\u00eda a Rusia hacer lo que<\/p>\n<p class=\"paragraph\" data-mrf-recirculation=\"Links inline\">quisiera con los pa\u00edses miembros de la OTAN que son \u201cdelincuentes\u201d al dedicar el 2% de su producto interno bruto a la defensa.<\/p>\n<p class=\"paragraph\" data-mrf-recirculation=\"Links inline\">Putin respondi\u00f3 que depende de Estados Unidos determinar su papel en la alianza.<\/p>\n<p class=\"paragraph\" data-mrf-recirculation=\"Links inline\">La declaraci\u00f3n de Trump contrasta marcadamente con la promesa de Biden de <strong>\u201cdefender cada cent\u00edmetro del territorio <\/strong><\/p>\n<p class=\"paragraph\" data-mrf-recirculation=\"Links inline\"><strong>de la OTAN\u201d, <\/strong>como la alianza se compromete a hacer todos los miembros en caso de ataque.<\/p>\n<p class=\"paragraph\" data-mrf-recirculation=\"Links inline\">Conmocion\u00f3 a muchos en Europa, provocando que Polonia, Francia y Alemania se comprometieran a reforzar el poder de seguridad<\/p>\n<p class=\"paragraph\" data-mrf-recirculation=\"Links inline\">y defensa de Europa. <strong>(I)<\/strong><\/p>\n<p data-mrf-recirculation=\"Links inline\"><img fetchpriority=\"high\" decoding=\"async\" class=\" lazyload\" src=\"https:\/\/www.infobae.com\/new-resizer\/PSW47EDXyfqkgUMMzZnqz7K5bDY=\/420x315\/filters:format(webp):quality(85)\/cloudfront-us-east-1.images.arcpublishing.com\/infobae\/E6TGYF7OGY37FSFY6V6TKSCN3M.jpg%20420w\" alt=\"Vladimir Putin fue entrevistado por el periodista Pavel Zarubin (Sputnik\/Alexander Kazakov\/Pool via REUTERS)\" width=\"649\" height=\"487\" data-src=\"https:\/\/www.infobae.com\/new-resizer\/PSW47EDXyfqkgUMMzZnqz7K5bDY=\/420x315\/filters:format(webp):quality(85)\/cloudfront-us-east-1.images.arcpublishing.com\/infobae\/E6TGYF7OGY37FSFY6V6TKSCN3M.jpg 420w\" \/><\/p>\n<p data-mrf-recirculation=\"Links inline\">Vladimir Putin fue entrevistado por el periodista Pavel Zarubin<\/p>\n<p data-mrf-recirculation=\"Links inline\">(Sputnik\/Alexander Kazakov\/Pool via REUTERS)<\/p>\n<p><iframe title=\"RUSIA | \u00bfPor qu\u00e9 Putin prefiere a Biden antes que a Trump?\" width=\"1200\" height=\"675\" src=\"https:\/\/www.youtube.com\/embed\/zncdZ2lG6dA?feature=oembed\" frameborder=\"0\" allow=\"accelerometer; autoplay; clipboard-write; encrypted-media; gyroscope; picture-in-picture; web-share\" referrerpolicy=\"strict-origin-when-cross-origin\" allowfullscreen><\/iframe><\/p>\n<p data-mrf-recirculation=\"Links inline\">\n<p data-mrf-recirculation=\"Links inline\">\n<p data-mrf-recirculation=\"Links inline\">Fuente: evafm.net &#8211; primicias.ec<\/p>\n<p data-mrf-recirculation=\"Links inline\">\n<div class=\"gsp_post_data\" \r\n\t            data-post_type=\"post\" \r\n\t            data-cat=\"general,noticias-internacionales\" \r\n\t            data-modified=\"120\"\r\n\t            data-created=\"1707990867\"\r\n\t            data-title=\"Vladimir Putin dijo que Rusia prefiere a Joe Biden sobre Donald Trump\" \r\n\t            data-home=\"https:\/\/www.evafm.net\/sitio\"><\/div>","protected":false},"excerpt":{"rendered":"<p>El presidente Vladimir Putin dijo el mi\u00e9rcoles que Rusia preferir\u00eda que Joe Biden ganara un segundo mandato y lo describi\u00f3 como m\u00e1s experimentado que Donald Trump. &nbsp; En una entrevista con un periodista de la televisi\u00f3n estatal rusa, Putin declar\u00f3 que\u00a0trabajar\u00e1 con cualquier l\u00edder estadounidense que sea elegido, pero se\u00f1al\u00f3 que preferir\u00eda la victoria de&#8230;<\/p>\n","protected":false},"author":5,"featured_media":78984,"comment_status":"closed","ping_status":"open","sticky":false,"template":"","format":"standard","meta":{"_joinchat":[],"footnotes":""},"categories":[1720,1345],"tags":[],"class_list":["post-78983","post","type-post","status-publish","format-standard","has-post-thumbnail","hentry","category-general","category-noticias-internacionales","have-post-thumb"],"_links":{"self":[{"href":"https:\/\/www.evafm.net\/sitio\/wp-json\/wp\/v2\/posts\/78983","targetHints":{"allow":["GET"]}}],"collection":[{"href":"https:\/\/www.evafm.net\/sitio\/wp-json\/wp\/v2\/posts"}],"about":[{"href":"https:\/\/www.evafm.net\/sitio\/wp-json\/wp\/v2\/types\/post"}],"author":[{"embeddable":true,"href":"https:\/\/www.evafm.net\/sitio\/wp-json\/wp\/v2\/users\/5"}],"replies":[{"embeddable":true,"href":"https:\/\/www.evafm.net\/sitio\/wp-json\/wp\/v2\/comments?post=78983"}],"version-history":[{"count":2,"href":"https:\/\/www.evafm.net\/sitio\/wp-json\/wp\/v2\/posts\/78983\/revisions"}],"predecessor-version":[{"id":78987,"href":"https:\/\/www.evafm.net\/sitio\/wp-json\/wp\/v2\/posts\/78983\/revisions\/78987"}],"wp:featuredmedia":[{"embeddable":true,"href":"https:\/\/www.evafm.net\/sitio\/wp-json\/wp\/v2\/media\/78984"}],"wp:attachment":[{"href":"https:\/\/www.evafm.net\/sitio\/wp-json\/wp\/v2\/media?parent=78983"}],"wp:term":[{"taxonomy":"category","embeddable":true,"href":"https:\/\/www.evafm.net\/sitio\/wp-json\/wp\/v2\/categories?post=78983"},{"taxonomy":"post_tag","embeddable":true,"href":"https:\/\/www.evafm.net\/sitio\/wp-json\/wp\/v2\/tags?post=78983"}],"curies":[{"name":"wp","href":"https:\/\/api.w.org\/{rel}","templated":true}]}}