{"id":78988,"date":"2024-02-15T10:23:49","date_gmt":"2024-02-15T15:23:49","guid":{"rendered":"https:\/\/www.evafm.net\/sitio\/?p=78988"},"modified":"2024-02-15T10:23:49","modified_gmt":"2024-02-15T15:23:49","slug":"benjamin-netanyahu-advirtio-que-no-habra-acuerdo-con-hamas","status":"publish","type":"post","link":"https:\/\/www.evafm.net\/sitio\/benjamin-netanyahu-advirtio-que-no-habra-acuerdo-con-hamas\/","title":{"rendered":"Benjamin Netanyahu advirti\u00f3 que no habr\u00e1 acuerdo con Hamas"},"content":{"rendered":"<p>Solo un cambio en las exigencias del grupo <strong>terrorista Hamas<\/strong> en relaci\u00f3n a\u00a0una posible tregua en la <strong>Franja de Gaza.<\/strong><\/p>\n<p>permitir\u00e1 que las negociaciones avancen, seg\u00fan inform\u00f3 este mi\u00e9rcoles la Oficina del primer ministro israel\u00ed<\/p>\n<p><b>Benjamin Netanyahu.<\/b><\/p>\n<p>&nbsp;<\/p>\n<p class=\"paragraph\" data-mrf-recirculation=\"Links inline\">\u201cIsrael no recibi\u00f3 en El Cairo ninguna propuesta nueva de Hamas sobre la liberaci\u00f3n de nuestros rehenes\u201d, asegur\u00f3 este<\/p>\n<p class=\"paragraph\" data-mrf-recirculation=\"Links inline\">mi\u00e9rcoles ese departamento presidencial en un comunicado despu\u00e9s de que fuentes egipcias confirmaran a la agencia<\/p>\n<p class=\"paragraph\" data-mrf-recirculation=\"Links inline\">\u00a0<i>EFE<\/i>\u00a0la ausencia de una delegaci\u00f3n israel\u00ed en las negociaciones, que contin\u00faan hoy en la capital egipcia.<\/p>\n<div class=\"teads-adCall\"><\/div>\n<div class=\"inline ad-wrapper\">\n<div class=\"dfpAd ad-inline\"><b>\u201cEl primer ministro Benjamin Netanyahu insiste en que Israel no ceder\u00e1 a las delirantes exigencias de<\/b><\/div>\n<div class=\"dfpAd ad-inline\"><b> Hamas\u201d<\/b>, a\u00f1adi\u00f3.<\/div>\n<\/div>\n<p class=\"paragraph\" data-mrf-recirculation=\"Links inline\">Ayer se reunieron en medio de un estricto hermetismo los jefes de la CIA, el Mossad y los servicios de inteligencia de<\/p>\n<p class=\"paragraph\" data-mrf-recirculation=\"Links inline\">Qatar y Egipto, en unas conversaciones que fueron <strong>\u201cfruct\u00edferas\u201d<\/strong> y se desarrollaron de forma <strong>\u201cpositiva\u201d<\/strong>, seg\u00fan las<\/p>\n<p class=\"paragraph\" data-mrf-recirculation=\"Links inline\">mismas fuentes.<\/p>\n<p data-mrf-recirculation=\"Links inline\">\n<p data-mrf-recirculation=\"Links inline\">Estados Unidos, por su parte, sostuvo que las negociaciones de alto nivel que se est\u00e1n manteniendo en El Cairo de cara<\/p>\n<p data-mrf-recirculation=\"Links inline\">a una nueva tregua avanzan <strong>\u201cen la direcci\u00f3n adecuada\u201d.<\/strong><\/p>\n<p data-mrf-recirculation=\"Links inline\">\u201cNos complace que estas conversaciones est\u00e1n teniendo lugar.<\/p>\n<p data-mrf-recirculation=\"Links inline\"><b>Han sido constructivas y avanzan en la direcci\u00f3n adecuada\u201d<\/b>, asegur\u00f3 el portavoz de la Casa Blanca,\u00a0<b>John Kirby<\/b><\/p>\n<p data-mrf-recirculation=\"Links inline\">sin entrar en detalles sobre el pacto que est\u00e1 siendo evaluado.<\/p>\n<p data-mrf-recirculation=\"Links inline\">\n<p data-mrf-recirculation=\"Links inline\">Junto a su declaraci\u00f3n, este martes el director de la CIA,\u00a0<b>William Burns<\/b>, acord\u00f3 con el presidente egipcio<\/p>\n<p data-mrf-recirculation=\"Links inline\"><b>Abdelfatah al Sisi<\/b>\u00a0-uno de los principales mediadores en el conflicto- mantener esta \u201ccoordinaci\u00f3n intensiva\u201d<\/p>\n<p data-mrf-recirculation=\"Links inline\">hasta alcanzar una nueva tregua. Asimismo, el mandatario recibi\u00f3 al primer ministro qatar\u00ed.<\/p>\n<p data-mrf-recirculation=\"Links inline\"><b>Mohamed bin Abderrahman<\/b>, y su jefe de la Inteligencia,\u00a0<b>Abdala bin Mohammed al Khulaifi<\/b>, con el mismo fin.<\/p>\n<p data-mrf-recirculation=\"Links inline\">\n<p class=\"paragraph\" data-mrf-recirculation=\"Links inline\">Estos encuentros tienen lugar en medio de una serie de reuniones de alto nivel que est\u00e1n teniendo lugar en El Cairo que<\/p>\n<p class=\"paragraph\" data-mrf-recirculation=\"Links inline\">en medio de idas y venidas con propuestas en las \u00faltimas semanas, buscan con urgencia distender la tensi\u00f3n en el<\/p>\n<p class=\"paragraph\" data-mrf-recirculation=\"Links inline\">enclave palestino.<\/p>\n<p data-mrf-recirculation=\"Links inline\">\n<p class=\"paragraph\" data-mrf-recirculation=\"Links inline\">Si bien se desconoce a detalle qu\u00e9 es lo que se est\u00e1 abordando en estos encuentros, una fuente de seguridad egipcia<\/p>\n<p class=\"paragraph\" data-mrf-recirculation=\"Links inline\">asegur\u00f3 que la agenda contempla debatir las propuestas que Hamas present\u00f3 recientemente como respuesta a su<\/p>\n<p class=\"paragraph\" data-mrf-recirculation=\"Links inline\">planteo previo en Par\u00eds.<\/p>\n<p data-mrf-recirculation=\"Links inline\">\n<p class=\"paragraph\" data-mrf-recirculation=\"Links inline\">De ser as\u00ed, la nueva tregua llevar\u00eda a un cese de los combates de dos o tres meses en los que se organizar\u00eda un<\/p>\n<p class=\"paragraph\" data-mrf-recirculation=\"Links inline\">intercambio de prisioneros palestinos a cambio de la liberaci\u00f3n de los restantes rehenes israel\u00edes.<\/p>\n<p data-mrf-recirculation=\"Links inline\">\n<p class=\"paragraph\" data-mrf-recirculation=\"Links inline\">Pero\u00a0<b>uno de los principales escollos sigue siendo el n\u00famero de prisioneros que Hamas pide que <\/b><\/p>\n<p class=\"paragraph\" data-mrf-recirculation=\"Links inline\"><b>Israel libere <\/b><b>de sus c\u00e1rceles<\/b>, en principio m\u00e1s de 1.000, a cambio de los 134 rehenes, al menos una treintena<\/p>\n<p class=\"paragraph\" data-mrf-recirculation=\"Links inline\">de ellos muertos.<\/p>\n<p data-mrf-recirculation=\"Links inline\">\n<p class=\"paragraph\" data-mrf-recirculation=\"Links inline\">Representantes de los familiares de los secuestrados anunciaron protestas ma\u00f1ana frente al Ministerio de Defensa<\/p>\n<p class=\"paragraph\" data-mrf-recirculation=\"Links inline\">en Tel Aviv al considerar la falta de cooperaci\u00f3n israel\u00ed como una \u201csentencia de muerte\u201d para sus seres queridos<\/p>\n<p class=\"paragraph\" data-mrf-recirculation=\"Links inline\">seg\u00fan denunciaron este mi\u00e9rcoles en un comunicado.<\/p>\n<p data-mrf-recirculation=\"Links inline\">\n<p class=\"paragraph\" data-mrf-recirculation=\"Links inline\">Asimismo, familiares de israel\u00edes retenidos por Hamas y rehenes ya liberados visitaron este mi\u00e9rcoles la<\/p>\n<p class=\"paragraph\" data-mrf-recirculation=\"Links inline\">Corte Penal Internacional <strong>(CPI)<\/strong> para relatar al fiscal Karim Khan sus historias y<b>\u00a0<\/b><\/p>\n<p class=\"paragraph\" data-mrf-recirculation=\"Links inline\"><b>exigir acci\u00f3n contra l\u00edderes del grupo terrorista.<\/b><\/p>\n<p data-mrf-recirculation=\"Links inline\">\n<p class=\"paragraph\" data-mrf-recirculation=\"Links inline\">Hablaron quienes estuvieron en alg\u00fan momento en manos de Hamas, y los que a\u00fan esperan la vuelta de<\/p>\n<p class=\"paragraph\" data-mrf-recirculation=\"Links inline\">alg\u00fan familiar secuestrado en un intento de presionar y apoyar con su testimonio una lista de cr\u00edmenes que son<\/p>\n<p class=\"paragraph\" data-mrf-recirculation=\"Links inline\">jurisdicci\u00f3n del tribunal.<\/p>\n<p data-mrf-recirculation=\"Links inline\">\n<p class=\"paragraph\" data-mrf-recirculation=\"Links inline\"><b>\u201cEstos cr\u00edmenes incluyen genocidio, toma de rehenes, desaparici\u00f3n forzada, violencia sexual<\/b><\/p>\n<p class=\"paragraph\" data-mrf-recirculation=\"Links inline\"><b> torturas y m\u00e1s.<\/b><\/p>\n<p data-mrf-recirculation=\"Links inline\">\n<p class=\"paragraph\" data-mrf-recirculation=\"Links inline\">Tales acciones no pueden ni deben quedar impunes. Los perpetradores deben ser responsabilizados penalmente<\/p>\n<p class=\"paragraph\" data-mrf-recirculation=\"Links inline\">por las atrocidades que han cometido. Confiamos en que la CPI tiene la capacidad de impartir justicia para los<\/p>\n<p class=\"paragraph\" data-mrf-recirculation=\"Links inline\">rehenes y sus familias\u201d. dijo<b>\u00a0Shelly Aviv Yeini<\/b>, del departamento legal del Foro de Rehenes y Familias<\/p>\n<p class=\"paragraph\" data-mrf-recirculation=\"Links inline\">de Desaparecidos.<\/p>\n<p data-mrf-recirculation=\"Links inline\">\n<p class=\"paragraph\" data-mrf-recirculation=\"Links inline\">El lunes,\u00a0dos israel\u00edes de origen argentino fueron rescatados\u00a0en la primera operaci\u00f3n militar exitosa, con gran<\/p>\n<p class=\"paragraph\" data-mrf-recirculation=\"Links inline\">artiller\u00eda y bombardeos en Rafah, sur de la Franja.<\/p>\n<p class=\"paragraph\" data-mrf-recirculation=\"Links inline\">Tanto\u00a0<b>Fernando Sim\u00f3n Marman como Luis Har<\/b>\u00a0fueron\u00a0<b>dados de alta<\/b> este mi\u00e9rcoles del Centro M\u00e9dico Sheba<\/p>\n<p class=\"paragraph\" data-mrf-recirculation=\"Links inline\">adonde fueron trasladados tras ser rescatados por las FDI el pasado lunes.<\/p>\n<p data-mrf-recirculation=\"Links inline\">\n<p class=\"paragraph\" data-mrf-recirculation=\"Links inline\">El teniente general Herzi Halevi explic\u00f3 que este tipo de maniobras militares tienen lugar constantemente en Gaza<\/p>\n<p class=\"paragraph\" data-mrf-recirculation=\"Links inline\">pero que no siempre resultan exitosas. \u201cEstamos muy decididos a traer a casa a los 134 rehenes.<\/p>\n<p class=\"paragraph\" data-mrf-recirculation=\"Links inline\">Seguimos actuando all\u00ed donde hay terror y no tenemos la intenci\u00f3n de parar\u201d, declar\u00f3 Halevi y adelant\u00f3 que a\u00fan<\/p>\n<p class=\"paragraph\" data-mrf-recirculation=\"Links inline\">\u201ctenemos m\u00e1s trabajo que completar en \u00e1reas en las que no hemos estado y tambi\u00e9n en aquellas que ya hemos visitado\u201d. <strong>(I)<\/strong><\/p>\n<p class=\"paragraph\" data-mrf-recirculation=\"Links inline\"><strong><i>(Con informaci\u00f3n de EFE)<\/i><\/strong><\/p>\n<p>&nbsp;<\/p>\n<p>Fuente: evafm.net &#8211; infobae.com<\/p>\n<div class=\"gsp_post_data\" \r\n\t            data-post_type=\"post\" \r\n\t            data-cat=\"noticias-internacionales\" \r\n\t            data-modified=\"120\"\r\n\t            data-created=\"1707992629\"\r\n\t            data-title=\"Benjamin Netanyahu advirti\u00f3 que no habr\u00e1 acuerdo con Hamas\" \r\n\t            data-home=\"https:\/\/www.evafm.net\/sitio\"><\/div>","protected":false},"excerpt":{"rendered":"<p>Solo un cambio en las exigencias del grupo terrorista Hamas en relaci\u00f3n a\u00a0una posible tregua en la Franja de Gaza. permitir\u00e1 que las negociaciones avancen, seg\u00fan inform\u00f3 este mi\u00e9rcoles la Oficina del primer ministro israel\u00ed Benjamin Netanyahu. &nbsp; \u201cIsrael no recibi\u00f3 en El Cairo ninguna propuesta nueva de Hamas sobre la liberaci\u00f3n de nuestros rehenes\u201d,&#8230;<\/p>\n","protected":false},"author":5,"featured_media":78989,"comment_status":"closed","ping_status":"open","sticky":false,"template":"","format":"standard","meta":{"_joinchat":[],"footnotes":""},"categories":[1345],"tags":[],"class_list":["post-78988","post","type-post","status-publish","format-standard","has-post-thumbnail","hentry","category-noticias-internacionales","have-post-thumb"],"_links":{"self":[{"href":"https:\/\/www.evafm.net\/sitio\/wp-json\/wp\/v2\/posts\/78988","targetHints":{"allow":["GET"]}}],"collection":[{"href":"https:\/\/www.evafm.net\/sitio\/wp-json\/wp\/v2\/posts"}],"about":[{"href":"https:\/\/www.evafm.net\/sitio\/wp-json\/wp\/v2\/types\/post"}],"author":[{"embeddable":true,"href":"https:\/\/www.evafm.net\/sitio\/wp-json\/wp\/v2\/users\/5"}],"replies":[{"embeddable":true,"href":"https:\/\/www.evafm.net\/sitio\/wp-json\/wp\/v2\/comments?post=78988"}],"version-history":[{"count":1,"href":"https:\/\/www.evafm.net\/sitio\/wp-json\/wp\/v2\/posts\/78988\/revisions"}],"predecessor-version":[{"id":78990,"href":"https:\/\/www.evafm.net\/sitio\/wp-json\/wp\/v2\/posts\/78988\/revisions\/78990"}],"wp:featuredmedia":[{"embeddable":true,"href":"https:\/\/www.evafm.net\/sitio\/wp-json\/wp\/v2\/media\/78989"}],"wp:attachment":[{"href":"https:\/\/www.evafm.net\/sitio\/wp-json\/wp\/v2\/media?parent=78988"}],"wp:term":[{"taxonomy":"category","embeddable":true,"href":"https:\/\/www.evafm.net\/sitio\/wp-json\/wp\/v2\/categories?post=78988"},{"taxonomy":"post_tag","embeddable":true,"href":"https:\/\/www.evafm.net\/sitio\/wp-json\/wp\/v2\/tags?post=78988"}],"curies":[{"name":"wp","href":"https:\/\/api.w.org\/{rel}","templated":true}]}}