{"id":78991,"date":"2024-02-15T10:45:27","date_gmt":"2024-02-15T15:45:27","guid":{"rendered":"https:\/\/www.evafm.net\/sitio\/?p=78991"},"modified":"2024-02-15T10:45:27","modified_gmt":"2024-02-15T15:45:27","slug":"michael-estrada-llegaria-para-la-noche-blanca-de-liga-de-quito","status":"publish","type":"post","link":"https:\/\/www.evafm.net\/sitio\/michael-estrada-llegaria-para-la-noche-blanca-de-liga-de-quito\/","title":{"rendered":"Michael Estrada llegar\u00eda para la Noche Blanca de Liga de Quito"},"content":{"rendered":"<p>El presidente de<strong> Liga Deportiva Universitaria de Quito, Isaac \u00c1lvarez<\/strong>, se refiri\u00f3 al delantero ecuatoriano <strong>Michael Estrada<\/strong><\/p>\n<p>nueva incorporaci\u00f3n del equipo &#8216;albo&#8217;, y adelant\u00f3 que llegar\u00eda este s\u00e1bado 17 de enero para la Noche Blanca.<\/p>\n<p>\u00abLo de Michael Estrada lo ven\u00edamos trabajando desde semanas atr\u00e1s.<\/p>\n<p>Se va a dar, estamos esperando temas de orden legal.<\/p>\n<p>El s\u00e1bado esperamos que ya est\u00e9 en la Noche Blanca, estamos muy felices\u00bb, dijo en declaraciones con radio La Red <strong>(102.1 FM)<\/strong>.<\/p>\n<p>Estrada, de 27 a\u00f1os de edad, regresar\u00e1 a Ecuador y estar\u00eda inscrito en la lista de buena fe para afrontar la <strong>Recopa Sudamericana<\/strong><\/p>\n<p>ante Fluminense, el <strong>pr\u00f3ximo 22 y 29 de febrero.<\/strong><\/p>\n<p>\u00abMichael Estrada llegar\u00e1 a reforzar un gran plantel.<\/p>\n<p>\u00c9l quiere estar muy de cerca de la Selecci\u00f3n, quiere volver a jugar para nuestro pa\u00eds y ser el goleador en este que ser\u00e1 su equipo\u00bb.<\/p>\n<p>El dirigente confirm\u00f3, adem\u00e1s, que la vinculaci\u00f3n del atacante <strong>&#8216;tricolor&#8217;<\/strong> ser\u00e1 por tres a\u00f1os. <strong>(D)<\/strong><\/p>\n<p>&nbsp;<\/p>\n<p>Fuente: evafm.net &#8211; primicias.ec<\/p>\n<div class=\"gsp_post_data\" \r\n\t            data-post_type=\"post\" \r\n\t            data-cat=\"deportes-ecuador,general\" \r\n\t            data-modified=\"120\"\r\n\t            data-created=\"1707993927\"\r\n\t            data-title=\"Michael Estrada llegar\u00eda para la Noche Blanca de Liga de Quito\" \r\n\t            data-home=\"https:\/\/www.evafm.net\/sitio\"><\/div>","protected":false},"excerpt":{"rendered":"<p>El presidente de Liga Deportiva Universitaria de Quito, Isaac \u00c1lvarez, se refiri\u00f3 al delantero ecuatoriano Michael Estrada nueva incorporaci\u00f3n del equipo &#8216;albo&#8217;, y adelant\u00f3 que llegar\u00eda este s\u00e1bado 17 de enero para la Noche Blanca. \u00abLo de Michael Estrada lo ven\u00edamos trabajando desde semanas atr\u00e1s. Se va a dar, estamos esperando temas de orden legal&#8230;.<\/p>\n","protected":false},"author":5,"featured_media":78992,"comment_status":"closed","ping_status":"open","sticky":false,"template":"","format":"standard","meta":{"_joinchat":[],"footnotes":""},"categories":[1557,1720],"tags":[],"class_list":["post-78991","post","type-post","status-publish","format-standard","has-post-thumbnail","hentry","category-deportes-ecuador","category-general","have-post-thumb"],"_links":{"self":[{"href":"https:\/\/www.evafm.net\/sitio\/wp-json\/wp\/v2\/posts\/78991","targetHints":{"allow":["GET"]}}],"collection":[{"href":"https:\/\/www.evafm.net\/sitio\/wp-json\/wp\/v2\/posts"}],"about":[{"href":"https:\/\/www.evafm.net\/sitio\/wp-json\/wp\/v2\/types\/post"}],"author":[{"embeddable":true,"href":"https:\/\/www.evafm.net\/sitio\/wp-json\/wp\/v2\/users\/5"}],"replies":[{"embeddable":true,"href":"https:\/\/www.evafm.net\/sitio\/wp-json\/wp\/v2\/comments?post=78991"}],"version-history":[{"count":1,"href":"https:\/\/www.evafm.net\/sitio\/wp-json\/wp\/v2\/posts\/78991\/revisions"}],"predecessor-version":[{"id":78993,"href":"https:\/\/www.evafm.net\/sitio\/wp-json\/wp\/v2\/posts\/78991\/revisions\/78993"}],"wp:featuredmedia":[{"embeddable":true,"href":"https:\/\/www.evafm.net\/sitio\/wp-json\/wp\/v2\/media\/78992"}],"wp:attachment":[{"href":"https:\/\/www.evafm.net\/sitio\/wp-json\/wp\/v2\/media?parent=78991"}],"wp:term":[{"taxonomy":"category","embeddable":true,"href":"https:\/\/www.evafm.net\/sitio\/wp-json\/wp\/v2\/categories?post=78991"},{"taxonomy":"post_tag","embeddable":true,"href":"https:\/\/www.evafm.net\/sitio\/wp-json\/wp\/v2\/tags?post=78991"}],"curies":[{"name":"wp","href":"https:\/\/api.w.org\/{rel}","templated":true}]}}