{"id":78994,"date":"2024-02-15T10:52:35","date_gmt":"2024-02-15T15:52:35","guid":{"rendered":"https:\/\/www.evafm.net\/sitio\/?p=78994"},"modified":"2024-02-15T10:52:35","modified_gmt":"2024-02-15T15:52:35","slug":"danny-walker-sobre-caso-tuka-ordonez","status":"publish","type":"post","link":"https:\/\/www.evafm.net\/sitio\/danny-walker-sobre-caso-tuka-ordonez\/","title":{"rendered":"Danny Walker: Sobre caso Tuka Ordo\u00f1ez"},"content":{"rendered":"<p>Luego de que &#8216;<strong>La Tuka&#8217; Ord\u00f3\u00f1ez<\/strong> asegurara que se present\u00f3 a los entrenamientos de la reserva de Aucas y no lo dejaron<\/p>\n<p>entrar a las instalaciones, el presidente del equipo dio su versi\u00f3n.<\/p>\n<p>La periodista <strong>Soledad Rodr\u00edguez<\/strong> convers\u00f3 con el dirigente en el aeropuerto sobre el delantero de 38 a\u00f1os y su situaci\u00f3n contractual.<\/p>\n<p><strong>Danny Walker respondi\u00f3<\/strong><\/p>\n<p><strong> \u00abAucas siempre se ha portado bien con los jugadores, siempre lo hemos tenido al d\u00eda. <\/strong><\/p>\n<p><strong>Realmente hemos hecho un cambio importante\u00bb.<\/strong><\/p>\n<p>Yo s\u00e9 que es muy dif\u00edcil retirarse a cierta edad y no s\u00e9, <strong>&#8216;Tuka&#8217;<\/strong> tiene que entender que no estaba en los planes del cuerpo t\u00e9cnico\u00bb, el cual<\/p>\n<p>est\u00e1 comandado por el mexicano Gerardo Espinoza.<\/p>\n<p>&nbsp;<\/p>\n<p>El directivo tambi\u00e9n asegur\u00f3 que el jugador habl\u00f3 con \u00e9l.<\/p>\n<p>\u00abLe ofrec\u00ed todo lo que quer\u00eda, pero realmente no s\u00e9 en qu\u00e9 posici\u00f3n est\u00e1 a la final\u00bb<\/p>\n<p>Sobre la terminaci\u00f3n del contrato del jugador, Walker detall\u00f3 que no est\u00e1 al tanto, pero que la parte legal de Aucas se encarga de la situaci\u00f3n. <strong>(D)<\/strong><\/p>\n<blockquote class=\"twitter-tweet\" data-width=\"550\" data-dnt=\"true\">\n<p lang=\"es\" dir=\"ltr\">Danny Walker, directivo de <a href=\"https:\/\/twitter.com\/Aucas45?ref_src=twsrc%5Etfw\">@Aucas45<\/a>, habla a la salida en el aeropuerto sobre el tema Tuka Ordo\u00f1ez.. <\/p>\n<p>En las \u00faltimas horas se confirm\u00f3 que no lo hab\u00edan dejado ingresar a entrenar al jugador y por eso le consultamos al respecto al directivo oriental \ud83d\udc47\ud83c\udffc <a href=\"https:\/\/t.co\/FZeAFXfAP5\">pic.twitter.com\/FZeAFXfAP5<\/a><\/p>\n<p>&mdash; Soledad Rodr\u00edguez (@sol_deportiva) <a href=\"https:\/\/twitter.com\/sol_deportiva\/status\/1757522205133488604?ref_src=twsrc%5Etfw\">February 13, 2024<\/a><\/p><\/blockquote>\n<p><script async src=\"https:\/\/platform.twitter.com\/widgets.js\" charset=\"utf-8\"><\/script><\/p>\n<p>&nbsp;<\/p>\n<p>Fuente: evafm.net &#8211; primicias.ec<\/p>\n<p>&nbsp;<\/p>\n<div class=\"gsp_post_data\" \r\n\t            data-post_type=\"post\" \r\n\t            data-cat=\"deportes-ecuador\" \r\n\t            data-modified=\"120\"\r\n\t            data-created=\"1707994355\"\r\n\t            data-title=\"Danny Walker: Sobre caso Tuka Ordo\u00f1ez\" \r\n\t            data-home=\"https:\/\/www.evafm.net\/sitio\"><\/div>","protected":false},"excerpt":{"rendered":"<p>Luego de que &#8216;La Tuka&#8217; Ord\u00f3\u00f1ez asegurara que se present\u00f3 a los entrenamientos de la reserva de Aucas y no lo dejaron entrar a las instalaciones, el presidente del equipo dio su versi\u00f3n. La periodista Soledad Rodr\u00edguez convers\u00f3 con el dirigente en el aeropuerto sobre el delantero de 38 a\u00f1os y su situaci\u00f3n contractual. Danny&#8230;<\/p>\n","protected":false},"author":5,"featured_media":78995,"comment_status":"closed","ping_status":"open","sticky":false,"template":"","format":"standard","meta":{"_joinchat":[],"footnotes":""},"categories":[1557],"tags":[],"class_list":["post-78994","post","type-post","status-publish","format-standard","has-post-thumbnail","hentry","category-deportes-ecuador","have-post-thumb"],"_links":{"self":[{"href":"https:\/\/www.evafm.net\/sitio\/wp-json\/wp\/v2\/posts\/78994","targetHints":{"allow":["GET"]}}],"collection":[{"href":"https:\/\/www.evafm.net\/sitio\/wp-json\/wp\/v2\/posts"}],"about":[{"href":"https:\/\/www.evafm.net\/sitio\/wp-json\/wp\/v2\/types\/post"}],"author":[{"embeddable":true,"href":"https:\/\/www.evafm.net\/sitio\/wp-json\/wp\/v2\/users\/5"}],"replies":[{"embeddable":true,"href":"https:\/\/www.evafm.net\/sitio\/wp-json\/wp\/v2\/comments?post=78994"}],"version-history":[{"count":1,"href":"https:\/\/www.evafm.net\/sitio\/wp-json\/wp\/v2\/posts\/78994\/revisions"}],"predecessor-version":[{"id":78996,"href":"https:\/\/www.evafm.net\/sitio\/wp-json\/wp\/v2\/posts\/78994\/revisions\/78996"}],"wp:featuredmedia":[{"embeddable":true,"href":"https:\/\/www.evafm.net\/sitio\/wp-json\/wp\/v2\/media\/78995"}],"wp:attachment":[{"href":"https:\/\/www.evafm.net\/sitio\/wp-json\/wp\/v2\/media?parent=78994"}],"wp:term":[{"taxonomy":"category","embeddable":true,"href":"https:\/\/www.evafm.net\/sitio\/wp-json\/wp\/v2\/categories?post=78994"},{"taxonomy":"post_tag","embeddable":true,"href":"https:\/\/www.evafm.net\/sitio\/wp-json\/wp\/v2\/tags?post=78994"}],"curies":[{"name":"wp","href":"https:\/\/api.w.org\/{rel}","templated":true}]}}