{"id":80661,"date":"2024-05-21T15:24:17","date_gmt":"2024-05-21T20:24:17","guid":{"rendered":"https:\/\/www.evafm.net\/sitio\/?p=80661"},"modified":"2024-05-21T15:24:17","modified_gmt":"2024-05-21T20:24:17","slug":"tadej-pogacar-gana-su-quinta-etapa-en-el-giro-de-italia-etapa-16","status":"publish","type":"post","link":"https:\/\/www.evafm.net\/sitio\/tadej-pogacar-gana-su-quinta-etapa-en-el-giro-de-italia-etapa-16\/","title":{"rendered":"Tadej Pogacar gana su quinta etapa en el Giro de Italia etapa 16"},"content":{"rendered":"<p><strong>Pogacar,<\/strong> sin rival en este Giro, pas\u00f3 al ataque poco antes del \u00faltimo kil\u00f3metro de la subida final de esta etapa recortada<\/p>\n<p>a causa de las condiciones clim\u00e1ticas, para acrecentar a\u00fan m\u00e1s su ventaja al frente de la clasificaci\u00f3n general.<\/p>\n<p>&nbsp;<\/p>\n<p>En el momento de rebasar la l\u00ednea de meta, Pogacar, en manga corta a pesar del fr\u00edo, cont\u00f3 con los dedos de su mano<\/p>\n<p>de uno a cinco antes de levantar su brazo derecho con la mano abierta.<\/p>\n<p>&nbsp;<\/p>\n<p>Despu\u00e9s se sac\u00f3 su<strong> &#8216;maglia rosa&#8217;,<\/strong> que entreg\u00f3, como si se tratase de un futbolista al t\u00e9rmino de un partido, a Pellizzari<\/p>\n<p>el \u00faltimo corredor al que dio caza despu\u00e9s de su aceleraci\u00f3n a 1,3 kil\u00f3metros para meta.<\/p>\n<p>Gracias a esta nueva victoria, el l\u00edder del equipo UAE cuenta con m\u00e1s de siete minutos de ventaja sobre el colombiano<\/p>\n<p><strong>Daniel Mart\u00ednez,<\/strong> nuevo segundo clasificado.<\/p>\n<p>El brit\u00e1nico<strong> Geraint Thomas<\/strong> fue el gran damnificado del d\u00eda al quedarse rezagado en la \u00faltima subida.<\/p>\n<p>La Etapa 16 fue recortada de 206 a 118 kil\u00f3metros despu\u00e9s de la supresi\u00f3n del primer puerto, en el que estaba nevando.<\/p>\n<p>La salida fue retrasada tres horas luego de un pulso entre los corredores, que amenazaron con una huelga si el recorrido<\/p>\n<p>no era modificado, y los organizadores, determinados en un primer momento a conservar el trazado inicial.<\/p>\n<p>&nbsp;<\/p>\n<p>Los corredores finalmente acudieron en los veh\u00edculos de sus equipos al nuevo punto de salida, en Lasa, desde donde<\/p>\n<p>partieron hacia<strong> Santa Cristina Val Gardena<\/strong> en medio del fr\u00edo y de una lluvia inclemente. <strong>(D)<\/strong><\/p>\n<blockquote class=\"twitter-tweet\" data-width=\"550\" data-dnt=\"true\">\n<p lang=\"en\" dir=\"ltr\">\ud83d\udc97 Simply the best. <a href=\"https:\/\/twitter.com\/hashtag\/GirodItalia?src=hash&amp;ref_src=twsrc%5Etfw\">#GirodItalia<\/a> | <a href=\"https:\/\/twitter.com\/TamauPogi?ref_src=twsrc%5Etfw\">@TamauPogi<\/a> <a href=\"https:\/\/t.co\/dKsBCfD16d\">pic.twitter.com\/dKsBCfD16d<\/a><\/p>\n<p>&mdash; Giro d&#39;Italia (@giroditalia) <a href=\"https:\/\/twitter.com\/giroditalia\/status\/1792940497905840403?ref_src=twsrc%5Etfw\">May 21, 2024<\/a><\/p><\/blockquote>\n<p><script async src=\"https:\/\/platform.twitter.com\/widgets.js\" charset=\"utf-8\"><\/script><\/p>\n<p>&nbsp;<\/p>\n<p><strong>Etapa 17<\/strong> (alta monta\u00f1a)<\/p>\n<p>De Selva di Val Gardena a Passo Brocon<\/p>\n<p><strong>Distancia:<\/strong> 154 kil\u00f3metros<\/p>\n<p><strong>Fecha:<\/strong> Mi\u00e9rcoles 22 de mayo de 2024 Horario de transmisi\u00f3n: 05:30 <strong>(hora de Ecuador)<\/strong><\/p>\n<p>Fuente: evafm.net &#8211; primicias.ec<\/p>\n<div class=\"gsp_post_data\" \r\n\t            data-post_type=\"post\" \r\n\t            data-cat=\"deportes-internacionales,general\" \r\n\t            data-modified=\"120\"\r\n\t            data-created=\"1716305057\"\r\n\t            data-title=\"Tadej Pogacar gana su quinta etapa en el Giro de Italia etapa 16\" \r\n\t            data-home=\"https:\/\/www.evafm.net\/sitio\"><\/div>","protected":false},"excerpt":{"rendered":"<p>Pogacar, sin rival en este Giro, pas\u00f3 al ataque poco antes del \u00faltimo kil\u00f3metro de la subida final de esta etapa recortada a causa de las condiciones clim\u00e1ticas, para acrecentar a\u00fan m\u00e1s su ventaja al frente de la clasificaci\u00f3n general. &nbsp; En el momento de rebasar la l\u00ednea de meta, Pogacar, en manga corta a&#8230;<\/p>\n","protected":false},"author":5,"featured_media":80662,"comment_status":"closed","ping_status":"open","sticky":false,"template":"","format":"standard","meta":{"_joinchat":[],"footnotes":""},"categories":[1342,1720],"tags":[],"class_list":["post-80661","post","type-post","status-publish","format-standard","has-post-thumbnail","hentry","category-deportes-internacionales","category-general","have-post-thumb"],"_links":{"self":[{"href":"https:\/\/www.evafm.net\/sitio\/wp-json\/wp\/v2\/posts\/80661","targetHints":{"allow":["GET"]}}],"collection":[{"href":"https:\/\/www.evafm.net\/sitio\/wp-json\/wp\/v2\/posts"}],"about":[{"href":"https:\/\/www.evafm.net\/sitio\/wp-json\/wp\/v2\/types\/post"}],"author":[{"embeddable":true,"href":"https:\/\/www.evafm.net\/sitio\/wp-json\/wp\/v2\/users\/5"}],"replies":[{"embeddable":true,"href":"https:\/\/www.evafm.net\/sitio\/wp-json\/wp\/v2\/comments?post=80661"}],"version-history":[{"count":1,"href":"https:\/\/www.evafm.net\/sitio\/wp-json\/wp\/v2\/posts\/80661\/revisions"}],"predecessor-version":[{"id":80663,"href":"https:\/\/www.evafm.net\/sitio\/wp-json\/wp\/v2\/posts\/80661\/revisions\/80663"}],"wp:featuredmedia":[{"embeddable":true,"href":"https:\/\/www.evafm.net\/sitio\/wp-json\/wp\/v2\/media\/80662"}],"wp:attachment":[{"href":"https:\/\/www.evafm.net\/sitio\/wp-json\/wp\/v2\/media?parent=80661"}],"wp:term":[{"taxonomy":"category","embeddable":true,"href":"https:\/\/www.evafm.net\/sitio\/wp-json\/wp\/v2\/categories?post=80661"},{"taxonomy":"post_tag","embeddable":true,"href":"https:\/\/www.evafm.net\/sitio\/wp-json\/wp\/v2\/tags?post=80661"}],"curies":[{"name":"wp","href":"https:\/\/api.w.org\/{rel}","templated":true}]}}