{"id":80665,"date":"2024-05-21T15:34:58","date_gmt":"2024-05-21T20:34:58","guid":{"rendered":"https:\/\/www.evafm.net\/sitio\/?p=80665"},"modified":"2024-05-21T15:34:58","modified_gmt":"2024-05-21T20:34:58","slug":"toni-kroos-anuncia-su-retiro","status":"publish","type":"post","link":"https:\/\/www.evafm.net\/sitio\/toni-kroos-anuncia-su-retiro\/","title":{"rendered":"Toni Kroos anuncia su retiro"},"content":{"rendered":"<p>El centrocampista alem\u00e1n <strong>Toni Kroos<\/strong> anunci\u00f3 el fin de su carrera profesional a los 34 a\u00f1os.<\/p>\n<p>Se despedir\u00e1 en la cima de su carrera, declinando la propuesta de renovaci\u00f3n de contrato del Real Madrid.<\/p>\n<p>Este martes 21 de mayo, el alem\u00e1n anunci\u00f3 en sus redes sociales y en un podcast que dejar\u00e1 el f\u00fatbol despu\u00e9s<\/p>\n<p>de la<strong> Eurocopa de Alemania.<\/strong><\/p>\n<p>7 de julio de 2014, el d\u00eda de mi presentaci\u00f3n en el Real Madrid, el d\u00eda que cambi\u00f3 mi vida.<\/p>\n<p>Mi vida como futbolista, pero sobre todo como persona.<\/p>\n<p>&nbsp;<\/p>\n<p>Fue el comienzo de una nueva vida en el Club m\u00e1s grande del mundo.<\/p>\n<p>Hoy, despu\u00e9s de 10 a\u00f1os, al final de la temporada, esta vida llega a su fin\u00bb, public\u00f3 en su cuenta de Instagram.<\/p>\n<p>Al mismo tiempo, esta decisi\u00f3n significa que mi carrera como futbolista en activo terminar\u00e1 este verano despu\u00e9s de la Eurocopa.<\/p>\n<p>Como siempre he dicho, el Real Madrid es y ser\u00e1 mi \u00faltimo club\u00bb, a\u00f1adi\u00f3.<\/p>\n<p>El centrocampista alem\u00e1n explic\u00f3 en castellano en el podcast que graba con su hermano Felix, las razones por las que ha decidido<\/p>\n<p>abandonar el f\u00fatbol a final de temporada.<\/p>\n<p>\u00abNo es f\u00e1cil porque la gente dice que puedo jugar unos a\u00f1os m\u00e1s, a lo mejor es as\u00ed, pero no quiero llegar a un punto en el que la gente<\/p>\n<p>piense por qu\u00e9 juego, que no tengo nivel, estoy en el banquillo y no disfruto.<\/p>\n<p>Ah\u00ed no quiero llegar. Quiero acabar en el mejor momento y es ahora, por eso esta decisi\u00f3n\u00bb<\/p>\n<p><strong>Toni Kroos, futbolista alem\u00e1n<\/strong><\/p>\n<p><small><\/small><\/p>\n<p>&nbsp;<\/p>\n<p>Kroos, que ha disputado 463 partidos con el Real Madrid, en los que conquist\u00f3 22 t\u00edtulos con 299 victorias, 89 empates y 75 derrotas<\/p>\n<p>marc\u00f3 28 goles y reparti\u00f3 93 asistencias, colgar\u00e1 las botas siendo el quinto extranjero con m\u00e1s partidos en la historia del club blanco<\/p>\n<p>tras <strong>Karim Benzema, Marcelo, Roberto Carlos y Luka Modric. (D)<\/strong><\/p>\n<p>&nbsp;<\/p>\n<p>Fuente: evafm.net &#8211; primicias.ec<\/p>\n<div class=\"gsp_post_data\" \r\n\t            data-post_type=\"post\" \r\n\t            data-cat=\"deportes-internacionales\" \r\n\t            data-modified=\"120\"\r\n\t            data-created=\"1716305698\"\r\n\t            data-title=\"Toni Kroos anuncia su retiro\" \r\n\t            data-home=\"https:\/\/www.evafm.net\/sitio\"><\/div>","protected":false},"excerpt":{"rendered":"<p>El centrocampista alem\u00e1n Toni Kroos anunci\u00f3 el fin de su carrera profesional a los 34 a\u00f1os. Se despedir\u00e1 en la cima de su carrera, declinando la propuesta de renovaci\u00f3n de contrato del Real Madrid. Este martes 21 de mayo, el alem\u00e1n anunci\u00f3 en sus redes sociales y en un podcast que dejar\u00e1 el f\u00fatbol despu\u00e9s&#8230;<\/p>\n","protected":false},"author":5,"featured_media":80666,"comment_status":"closed","ping_status":"open","sticky":false,"template":"","format":"standard","meta":{"_joinchat":[],"footnotes":""},"categories":[1342],"tags":[],"class_list":["post-80665","post","type-post","status-publish","format-standard","has-post-thumbnail","hentry","category-deportes-internacionales","have-post-thumb"],"_links":{"self":[{"href":"https:\/\/www.evafm.net\/sitio\/wp-json\/wp\/v2\/posts\/80665","targetHints":{"allow":["GET"]}}],"collection":[{"href":"https:\/\/www.evafm.net\/sitio\/wp-json\/wp\/v2\/posts"}],"about":[{"href":"https:\/\/www.evafm.net\/sitio\/wp-json\/wp\/v2\/types\/post"}],"author":[{"embeddable":true,"href":"https:\/\/www.evafm.net\/sitio\/wp-json\/wp\/v2\/users\/5"}],"replies":[{"embeddable":true,"href":"https:\/\/www.evafm.net\/sitio\/wp-json\/wp\/v2\/comments?post=80665"}],"version-history":[{"count":1,"href":"https:\/\/www.evafm.net\/sitio\/wp-json\/wp\/v2\/posts\/80665\/revisions"}],"predecessor-version":[{"id":80667,"href":"https:\/\/www.evafm.net\/sitio\/wp-json\/wp\/v2\/posts\/80665\/revisions\/80667"}],"wp:featuredmedia":[{"embeddable":true,"href":"https:\/\/www.evafm.net\/sitio\/wp-json\/wp\/v2\/media\/80666"}],"wp:attachment":[{"href":"https:\/\/www.evafm.net\/sitio\/wp-json\/wp\/v2\/media?parent=80665"}],"wp:term":[{"taxonomy":"category","embeddable":true,"href":"https:\/\/www.evafm.net\/sitio\/wp-json\/wp\/v2\/categories?post=80665"},{"taxonomy":"post_tag","embeddable":true,"href":"https:\/\/www.evafm.net\/sitio\/wp-json\/wp\/v2\/tags?post=80665"}],"curies":[{"name":"wp","href":"https:\/\/api.w.org\/{rel}","templated":true}]}}