{"id":80672,"date":"2024-05-21T15:47:26","date_gmt":"2024-05-21T20:47:26","guid":{"rendered":"https:\/\/www.evafm.net\/sitio\/?p=80672"},"modified":"2024-05-21T15:57:30","modified_gmt":"2024-05-21T20:57:30","slug":"el-presidente-de-emelec-desmiente-la-renuncia-de-hernan-torres","status":"publish","type":"post","link":"https:\/\/www.evafm.net\/sitio\/el-presidente-de-emelec-desmiente-la-renuncia-de-hernan-torres\/","title":{"rendered":"El presidente de Emelec desmiente la renuncia de Hern\u00e1n Torres"},"content":{"rendered":"<p>El presidente de Emelec,\u00a0<b>Jos\u00e9 <\/b><strong>Pileggi<\/strong>, convers\u00f3 con el periodista Daniel Navas y le\u00a0asegur\u00f3 que \u00e9l no tiene conocimiento<b> <\/b>de ninguna<\/p>\n<p>renuncia de <strong>Hern\u00e1n Torres.<\/strong><\/p>\n<p>&nbsp;<\/p>\n<p>El representante del Bombillo mencion\u00f3 que la noticia no es del club.<\/p>\n<p>Adem\u00e1s, <strong>Pileggi<\/strong> se quej\u00f3 de que desde inicios de abril han existido rumores de la salida de Torres y han sido para desestabilizar al equipo<\/p>\n<p>&nbsp;<\/p>\n<p>Por el momento, el presidente de Emelec se\u00f1al\u00f3 que el\u00a0club est\u00e1 entrenando de manera normal, bajo la\u00a0direcci\u00f3n de Hern\u00e1n Torres, por lo<\/p>\n<p>que ya\u00a0est\u00e1n enfocados en el juego de este viernes.<\/p>\n<p>&nbsp;<\/p>\n<p>En m\u00faltiples ocasiones, Pileggi destac\u00f3 que la\u00a0<b>renovaci\u00f3n entre el Bombillo\u00a0<\/b>y el estratega colombiano\u00a0ser\u00eda autom\u00e1tica.<\/p>\n<p>&nbsp;<\/p>\n<p>En esta temporada,\u00a0<b>Emelec se ubica sexto con 21 puntos en la tabla de posiciones<\/b>, a dos partidos de acabar la etapa.<\/p>\n<p>La\u00a0<b>siguiente fecha el Bombillo jugar\u00e1 ante Imbabura\u00a0<\/b>este viernes 24 de mayo, a las 19:00. <strong>(D)<\/strong><\/p>\n<p>&nbsp;<\/p>\n<p>Fuente: evafm.net &#8211; ecuavisa.com<\/p>\n<div class=\"gsp_post_data\" \r\n\t            data-post_type=\"post\" \r\n\t            data-cat=\"deportes-ecuador,general\" \r\n\t            data-modified=\"120\"\r\n\t            data-created=\"1716306446\"\r\n\t            data-title=\"El presidente de Emelec desmiente la renuncia de Hern\u00e1n Torres\" \r\n\t            data-home=\"https:\/\/www.evafm.net\/sitio\"><\/div>","protected":false},"excerpt":{"rendered":"<p>El presidente de Emelec,\u00a0Jos\u00e9 Pileggi, convers\u00f3 con el periodista Daniel Navas y le\u00a0asegur\u00f3 que \u00e9l no tiene conocimiento de ninguna renuncia de Hern\u00e1n Torres. &nbsp; El representante del Bombillo mencion\u00f3 que la noticia no es del club. Adem\u00e1s, Pileggi se quej\u00f3 de que desde inicios de abril han existido rumores de la salida de Torres&#8230;<\/p>\n","protected":false},"author":5,"featured_media":80673,"comment_status":"closed","ping_status":"open","sticky":false,"template":"","format":"standard","meta":{"_joinchat":[],"footnotes":""},"categories":[1557,1720],"tags":[],"class_list":["post-80672","post","type-post","status-publish","format-standard","has-post-thumbnail","hentry","category-deportes-ecuador","category-general","have-post-thumb"],"_links":{"self":[{"href":"https:\/\/www.evafm.net\/sitio\/wp-json\/wp\/v2\/posts\/80672","targetHints":{"allow":["GET"]}}],"collection":[{"href":"https:\/\/www.evafm.net\/sitio\/wp-json\/wp\/v2\/posts"}],"about":[{"href":"https:\/\/www.evafm.net\/sitio\/wp-json\/wp\/v2\/types\/post"}],"author":[{"embeddable":true,"href":"https:\/\/www.evafm.net\/sitio\/wp-json\/wp\/v2\/users\/5"}],"replies":[{"embeddable":true,"href":"https:\/\/www.evafm.net\/sitio\/wp-json\/wp\/v2\/comments?post=80672"}],"version-history":[{"count":1,"href":"https:\/\/www.evafm.net\/sitio\/wp-json\/wp\/v2\/posts\/80672\/revisions"}],"predecessor-version":[{"id":80674,"href":"https:\/\/www.evafm.net\/sitio\/wp-json\/wp\/v2\/posts\/80672\/revisions\/80674"}],"wp:featuredmedia":[{"embeddable":true,"href":"https:\/\/www.evafm.net\/sitio\/wp-json\/wp\/v2\/media\/80673"}],"wp:attachment":[{"href":"https:\/\/www.evafm.net\/sitio\/wp-json\/wp\/v2\/media?parent=80672"}],"wp:term":[{"taxonomy":"category","embeddable":true,"href":"https:\/\/www.evafm.net\/sitio\/wp-json\/wp\/v2\/categories?post=80672"},{"taxonomy":"post_tag","embeddable":true,"href":"https:\/\/www.evafm.net\/sitio\/wp-json\/wp\/v2\/tags?post=80672"}],"curies":[{"name":"wp","href":"https:\/\/api.w.org\/{rel}","templated":true}]}}