{"id":80685,"date":"2024-05-22T10:03:42","date_gmt":"2024-05-22T15:03:42","guid":{"rendered":"https:\/\/www.evafm.net\/sitio\/?p=80685"},"modified":"2024-05-22T10:03:42","modified_gmt":"2024-05-22T15:03:42","slug":"el-embalse-de-mazar-aun-no-se-llena","status":"publish","type":"post","link":"https:\/\/www.evafm.net\/sitio\/el-embalse-de-mazar-aun-no-se-llena\/","title":{"rendered":"El embalse de Mazar a\u00fan no se llena"},"content":{"rendered":"<p><strong>El embalse de Mazar<\/strong>, el m\u00e1s importante del pa\u00eds porque alimenta a tres hidroel\u00e9ctricas <strong>(Paute-Molino, Mazar y Sopladora)<\/strong><\/p>\n<p>que cubren el 38% de la demanda nacional, no alcanza los niveles \u00f3ptimos, en medio de cortes de luz por mantenimientos<\/p>\n<p>programados.<\/p>\n<p>&nbsp;<\/p>\n<p>Usualmente, mayo, junio y julio son meses de grandes precipitaciones en la cuenca oriental, zona en la que est\u00e1 ubicado Mazar, pero<\/p>\n<p>las lluvias registradas hasta ahora no han sido insuficientes para llenar este embalse.<\/p>\n<p>Luego de alcanzar m\u00ednimos hist\u00f3ricos de 2.106 metros sobre el <strong>nivel del mar el 17 de abril de 2024<\/strong>, el embalse se ha recuperado<\/p>\n<p>lentamente.<\/p>\n<p>Sin embargo, a\u00fan est\u00e1 a 22 metros de tocar su nivel m\u00e1ximo u \u00f3ptimo, que es de<strong> 2.153 metros sobre el nivel del mar. <\/strong><\/p>\n<p>Al 21 de mayo de 2024, el embalse alcanza los 2.131 metros sobre el nivel del mar.<\/p>\n<p>De ah\u00ed que, en lo que va de mayo, el aporte de las hidroel\u00e9ctricas ha sido del <strong>78%,<\/strong> seg\u00fan el operador nacional de energ\u00eda<strong> Cenace. <\/strong><\/p>\n<p>En este mes, el aporte de esas centrales suele ser del<strong> 92%.<\/strong><\/p>\n<p>En medio de este escenario, las distribuidoras Corporaci\u00f3n Nacional de Electricidad <strong>(CNEL)<\/strong> y Empresa El\u00e9ctrica Quito anunciaron<\/p>\n<p>cortes de luz en ciertos sectores de varias provincias del pa\u00eds, incluidas las ciudades de Quito y Guayaquil.<\/p>\n<p>&nbsp;<\/p>\n<p>El Ministerio de Energ\u00eda aclar\u00f3 que esos cortes de luz se dan por mantenimientos planificados y que no tienen relaci\u00f3n con la<\/p>\n<p>crisis el\u00e9ctrica que vive el pa\u00eds.<\/p>\n<p><strong>CNEL<\/strong> tuite\u00f3, por ejemplo, que estas suspensiones se realizan para<\/p>\n<p><strong> \u00abasegurar el \u00f3ptimo desempe\u00f1o de las distintas Unidades de Negocio\u00bb y que<\/strong><\/p>\n<p><strong> \u00abson parte de la planificaci\u00f3n institucional\u00bb.<\/strong><\/p>\n<p><strong>Habr\u00e1 m\u00e1s mantenimientos:<\/strong><\/p>\n<p><small><\/small>Pero <strong>Gabriel Secaira<\/strong>, consultor el\u00e9ctrico, explica que los cortes de luz por este motivo podr\u00edan acentuarse los siguientes d\u00edas, considerando<\/p>\n<p>que hay mantenimientos planificados en termoel\u00e9ctricas e hidroel\u00e9ctricas, y que usualmente se realizan durante los meses de<\/p>\n<p>mayo, junio y julio.<\/p>\n<p>&nbsp;<\/p>\n<p>Y al no estar el embalse de Mazar al 100% esas salidas de operaci\u00f3n podr\u00edan causar problemas de abastecimiento, advierte <strong>Secaira. <\/strong><\/p>\n<p>&nbsp;<\/p>\n<p>Y a\u00f1ade que no hacer los manteamientos no es una opci\u00f3n, porque el pa\u00eds debe prepararse en estos meses para el siguiente estiaje, que incluso<\/p>\n<p>podr\u00eda iniciar en agosto de 2024, seg\u00fan ha advertido el operador nacional de energ\u00eda <strong>Cenace.<\/strong><\/p>\n<p><strong>Se mantienen las compras a Colombia:<\/strong><\/p>\n<p>Debido a que el embalse de Mazar a\u00fan no alcanza niveles \u00f3ptimos, Ecuador ha estado importando electricidad de Colombia y de Per\u00fa.<\/p>\n<p>Esa importaci\u00f3n ha sumado <strong>38 gigavatios<\/strong> por hora, lo que ha representado el <strong>2,4%<\/strong> de la oferta nacional. <strong>(D)<\/strong><\/p>\n<p>Fuente: evafm.net &#8211; primicias.ec<\/p>\n<p>&nbsp;<\/p>\n<div class=\"gsp_post_data\" \r\n\t            data-post_type=\"post\" \r\n\t            data-cat=\"general,noticias-ecuador\" \r\n\t            data-modified=\"120\"\r\n\t            data-created=\"1716372222\"\r\n\t            data-title=\"El embalse de Mazar a\u00fan no se llena\" \r\n\t            data-home=\"https:\/\/www.evafm.net\/sitio\"><\/div>","protected":false},"excerpt":{"rendered":"<p>El embalse de Mazar, el m\u00e1s importante del pa\u00eds porque alimenta a tres hidroel\u00e9ctricas (Paute-Molino, Mazar y Sopladora) que cubren el 38% de la demanda nacional, no alcanza los niveles \u00f3ptimos, en medio de cortes de luz por mantenimientos programados. &nbsp; Usualmente, mayo, junio y julio son meses de grandes precipitaciones en la cuenca oriental,&#8230;<\/p>\n","protected":false},"author":5,"featured_media":80686,"comment_status":"closed","ping_status":"open","sticky":false,"template":"","format":"standard","meta":{"_joinchat":[],"footnotes":""},"categories":[1720,1558],"tags":[],"class_list":["post-80685","post","type-post","status-publish","format-standard","has-post-thumbnail","hentry","category-general","category-noticias-ecuador","have-post-thumb"],"_links":{"self":[{"href":"https:\/\/www.evafm.net\/sitio\/wp-json\/wp\/v2\/posts\/80685","targetHints":{"allow":["GET"]}}],"collection":[{"href":"https:\/\/www.evafm.net\/sitio\/wp-json\/wp\/v2\/posts"}],"about":[{"href":"https:\/\/www.evafm.net\/sitio\/wp-json\/wp\/v2\/types\/post"}],"author":[{"embeddable":true,"href":"https:\/\/www.evafm.net\/sitio\/wp-json\/wp\/v2\/users\/5"}],"replies":[{"embeddable":true,"href":"https:\/\/www.evafm.net\/sitio\/wp-json\/wp\/v2\/comments?post=80685"}],"version-history":[{"count":1,"href":"https:\/\/www.evafm.net\/sitio\/wp-json\/wp\/v2\/posts\/80685\/revisions"}],"predecessor-version":[{"id":80687,"href":"https:\/\/www.evafm.net\/sitio\/wp-json\/wp\/v2\/posts\/80685\/revisions\/80687"}],"wp:featuredmedia":[{"embeddable":true,"href":"https:\/\/www.evafm.net\/sitio\/wp-json\/wp\/v2\/media\/80686"}],"wp:attachment":[{"href":"https:\/\/www.evafm.net\/sitio\/wp-json\/wp\/v2\/media?parent=80685"}],"wp:term":[{"taxonomy":"category","embeddable":true,"href":"https:\/\/www.evafm.net\/sitio\/wp-json\/wp\/v2\/categories?post=80685"},{"taxonomy":"post_tag","embeddable":true,"href":"https:\/\/www.evafm.net\/sitio\/wp-json\/wp\/v2\/tags?post=80685"}],"curies":[{"name":"wp","href":"https:\/\/api.w.org\/{rel}","templated":true}]}}