{"id":80688,"date":"2024-05-22T10:56:34","date_gmt":"2024-05-22T15:56:34","guid":{"rendered":"https:\/\/www.evafm.net\/sitio\/?p=80688"},"modified":"2024-05-22T10:56:34","modified_gmt":"2024-05-22T15:56:34","slug":"mauricio-torres-titular-de-la-contraloria","status":"publish","type":"post","link":"https:\/\/www.evafm.net\/sitio\/mauricio-torres-titular-de-la-contraloria\/","title":{"rendered":"Mauricio Torres titular de la Contraloria"},"content":{"rendered":"<p><strong>Mauricio Torres<\/strong> est\u00e1 a pocos d\u00edas de cumplir seis meses al frente de la <strong>Contralor\u00eda General del Estado. <\/strong><\/p>\n<p>Dice que en este tiempo, se ha dedicado a <strong>\u00abponer en orden la casa\u00bb,<\/strong> despu\u00e9s de que esa instituci\u00f3n estuviera encargada<\/p>\n<p>a contralores subrogantes por m\u00e1s de seis a\u00f1os.<\/p>\n<p>&nbsp;<\/p>\n<p>Torres es el primer contralor seleccionado tras un concurso de m\u00e9ritos y oposici\u00f3n despu\u00e9s este periodo.<\/p>\n<p>En entrevista con PRIMICIAS, narr\u00f3 lo dif\u00edcil que ha sido llegar a una instituci\u00f3n que estuvo manejada durante 14 a\u00f1os por<\/p>\n<p>&nbsp;<\/p>\n<p><strong> Carlos P\u00f3lit y Pablo Celi,<\/strong> ambos sentenciados por corrupci\u00f3n.<\/p>\n<p>&nbsp;<\/p>\n<p>Por ello, Torres habla de una <strong>\u00abrefundaci\u00f3n\u00bb<\/strong> de la Contralor\u00eda.<\/p>\n<p>Espera que ahora la instituci\u00f3n pueda abandonar esa imagen relacionada con la corrupci\u00f3n.<\/p>\n<p>&nbsp;<\/p>\n<p>Dice que llevan investigaciones y auditor\u00edas internas, que han encontrado todo tipo de irregularidades, hasta funcionarios<\/p>\n<p>que solicitaban pagos por eliminar informaci\u00f3n de los ex\u00e1menes especiales.<\/p>\n<p>Hemos visto este acto simb\u00f3lico de tapar los cuadros de <strong>Carlos P\u00f3lit y de Pablo Celi,<\/strong> los dos excontralores sentenciados<\/p>\n<p>y el cambio de la imagen institucional de la Contralor\u00eda. <strong>\u00bfBusca usted reinaugurar la instituci\u00f3n?<\/strong><\/p>\n<p>&nbsp;<\/p>\n<p>Estamos refundando la Contralor\u00eda. Es el momento de ir por un nuevo camino, un nuevo rumbo.<\/p>\n<p>Hemos empezado con lo del logo institucional.<\/p>\n<p>En lo que tiene que ver con el ocultamiento de los de las fotograf\u00edas en el sal\u00f3n de contralores.<\/p>\n<p>&nbsp;<\/p>\n<p>All\u00ed hay fotograf\u00edas de todos los contralores, pero hay dos que no nos gustaban porque han estado inmersos en actos<\/p>\n<p>de construcci\u00f3n:<\/p>\n<p><strong>Carlos P\u00f3lit y Pablo Celi,<\/strong> el uno juzgado en otro pa\u00eds y en otro que guarda arresto domiciliario en nuestro pa\u00eds.<\/p>\n<p>&nbsp;<\/p>\n<p>Lo que ha hecho la Asociaci\u00f3n de Empleados es, a trav\u00e9s de su presidente, pedirnos que por favor, tapemos esas<\/p>\n<p>fotograf\u00edas porque son una verg\u00fcenza para la instituci\u00f3n.<\/p>\n<p>&nbsp;<\/p>\n<p>Yo, consciente de la lucha contra la corrupci\u00f3n, y sobre todo, por ser un pedido de nuestros servidores, que pasaron<\/p>\n<p>en estos tiempos de administraci\u00f3n, he aceptado.<\/p>\n<p>&nbsp;<\/p>\n<p>Hemos ya procedido con el ocultamiento de las fotograf\u00edas, como muestra tambi\u00e9n de una una imagen de lucha contra<\/p>\n<p>la corrupci\u00f3n que tenemos.<\/p>\n<p>&nbsp;<\/p>\n<p>Pero este cambio de imagen no es suficiente.<\/p>\n<p>Tenemos una Contralor\u00eda que estuvo 10 a\u00f1os bajo el control de P\u00f3lit y luego casi cuatro a\u00f1os con Pablo Celi.<\/p>\n<p><strong> \u00bfC\u00f3mo mejorar lo que ellos dejaron?<\/strong><\/p>\n<p><small><\/small><\/p>\n<p>Son 15 a\u00f1os de administraciones anteriores y seis a\u00f1os sin que la Contralor\u00eda haya tenido un controlador titular.<\/p>\n<p>Esto no han permitido desarrollar a la Contralor\u00eda como debe ser: un organismo t\u00e9cnico de control.<\/p>\n<p>La convirtieron un ente de persecuci\u00f3n.<\/p>\n<p>&nbsp;<\/p>\n<p>Hay muchos servidores que trabajaron con los contralores que mencion\u00e1bamos.<\/p>\n<p>Pero un controlador s\u00f3lo no puede hacer las cosas, necesita de personal, y yo estoy consciente de eso.<\/p>\n<p>&nbsp;<\/p>\n<p>Por ello, he pedido a la Direcci\u00f3n de Patrocinio que me proporcione los nombres de los servidores que est\u00e1n<\/p>\n<p>con juicios o que est\u00e1n en investigaciones.<\/p>\n<p>&nbsp;<\/p>\n<p>Ya tenemos los nombres, hemos tratado de separarlos de la instituci\u00f3n.<\/p>\n<p>Los hemos alejado de los procesos m\u00e1s sensibles, hasta esperar que las investigaciones finalicen y determinar<\/p>\n<p>si en verdad tuvieron algo que ver con los contralores anteriores.<\/p>\n<p>No es f\u00e1cil. Tenemos que hacer una limpieza a a casa adentro y empezamos desde que llegamos.<\/p>\n<p><strong>\u00bfQu\u00e9 problemas encontr\u00f3 con el personal, qu\u00e9 decisiones tom\u00f3?<\/strong><\/p>\n<p>Hemos tenido que sacar a todos los directores nacionales.<\/p>\n<p>No qued\u00f3 ning\u00fan director.<\/p>\n<p>Hemos renovado todos los directores y hemos remplazado con personal de la misma Contralor\u00eda, con servidores<\/p>\n<p>de mandos medios que toda su vida trabajaron aqu\u00ed y a los que nunca les dieron la oportunidad.<\/p>\n<p>&nbsp;<\/p>\n<p>Ellos son ahora los nuevos directores.<\/p>\n<p>Y hay otros que han venido de fuera, de la academia, de la universidad, compa\u00f1eros m\u00edos de la Universidad Central.<\/p>\n<p>&nbsp;<\/p>\n<p>Yo, como soy un servidor de carrera, conoc\u00eda c\u00f3mo estaba la situaci\u00f3n y sab\u00eda en lo que me met\u00eda.<\/p>\n<p>&nbsp;<\/p>\n<p>No pens\u00e9 que era tanto, eso s\u00ed. Pero poco a poco, vamos descubriendo muchas cosas.<\/p>\n<p>&nbsp;<\/p>\n<p>Desde informes caducados hasta informes guardados y as\u00ed muchas cosas que he visto aqu\u00ed.<\/p>\n<p>&nbsp;<\/p>\n<p>Tuve que enfrentar hasta vacunadores aqu\u00ed en la propia Contralor\u00eda.<\/p>\n<p>&nbsp;<\/p>\n<p>Vinieron a denunciar y tuvimos que poner orden ah\u00ed, porque ped\u00edan dinero a cambio de cambiar los informes.<\/p>\n<p>Tambi\u00e9n detectamos estudios jur\u00eddicos que trabajan con personal adentro de la Contralor\u00eda.<\/p>\n<p>Todo eso hemos desbaratado.<\/p>\n<p>Y seguimos investigando.<\/p>\n<p>Estamos empezando una nueva era, pero todav\u00eda tenemos rezagos de lo que fueron esas dos administraciones.<\/p>\n<p>Usted ha hablado de 26 funcionarios de Contralor\u00eda investigados.<\/p>\n<p><strong>\u00bfQu\u00e9 han identificado sobre estos funcionarios y qu\u00e9 es lo que pueden hacer con ellos?<\/strong><\/p>\n<p>Estos funcionarios tienen investigaciones en la Fiscal\u00eda. Algunos inclusive est\u00e1n hasta como testigos protegidos.<\/p>\n<p>A ellos los he cambiado de unidades porque todav\u00eda no puedo destituirles y abrir sumario administrativo mientras<\/p>\n<p>no tenga la certeza de lo que han hecho o si son inocentes.<\/p>\n<p>&nbsp;<\/p>\n<p>Aparte hay otros servidores que ya est\u00e1n con sumarios administrativos.<\/p>\n<p>Hemos detectado una servidora, por ejemplo, que se arrog\u00f3 funciones y present\u00f3 una resoluci\u00f3n jur\u00eddica sin ser la<\/p>\n<p>directora jur\u00eddica.<\/p>\n<p>Esto le permiti\u00f3 hacer muchos actos en la Direcci\u00f3n de Responsabilidades con esa resoluci\u00f3n.<\/p>\n<p>Ella est\u00e1 tiene tres sumarios administrativos y se la cambio de puesto.<\/p>\n<p>&nbsp;<\/p>\n<p>Hemos detectado tambi\u00e9n algunos servidores que cobraban las coactivas en cuentas de la esposa.<\/p>\n<p>Uno est\u00e1 con juicio en la Fiscal\u00eda.<\/p>\n<p>Hay otro exservidor, en cambio, que desapareci\u00f3 un proceso completo; desaparecieron todo el examen de auditor\u00eda.<\/p>\n<p>Esos servidores ya est\u00e1n con examen de sus patrimonios.<\/p>\n<p>Estamos esperando los resultados. Pero son cosas muy preocupantes, en las que nunca hicieron nada.<\/p>\n<p><strong>\u00bfY en cu\u00e1nto al trabajo de los funcionarios de la Contralor\u00eda?<\/strong><\/p>\n<p>Hay un sinn\u00famero de citaciones que han estado pendientes, inclusive en auditor\u00eda interna.<\/p>\n<p>Hay pedidos que se han quedado y que nunca los hicieron.<\/p>\n<p>Hay casos en los que ya exist\u00eda un contraste entre declaraciones patrimoniales y se evidenciaba aumentos de patrimonio<\/p>\n<p>inclusive de <strong>USD 500.000 y USD 1 mill\u00f3n, y no pasaba nada. <\/strong><\/p>\n<p>&nbsp;<\/p>\n<p>Hemos vuelto a hacer auditor\u00edas, es decir un examen a otro examen de la Contralor\u00eda.<\/p>\n<p>Hay tres ex\u00e1menes, uno de ellos el de la Refiner\u00eda del Pac\u00edfico, que se hicieron y tienen algunas irregularidades.<\/p>\n<p>No estamos volviendo a hacer el examen porque no se puede tocar, pero s\u00ed ver lo que hicieron los auditores;<\/p>\n<p>ellos tienen que responder eso.<\/p>\n<p>&nbsp;<\/p>\n<p>Hay cinco ex\u00e1menes que estamos haciendo de ese tipo y estamos encontrando irregularidades que han tapado<\/p>\n<p>muchas cosas.<\/p>\n<p>&nbsp;<\/p>\n<p>Tambi\u00e9n hemos tenido que suspender algunos ex\u00e1menes porque eran diferentes a la verificaci\u00f3n preliminar.<\/p>\n<p>&nbsp;<\/p>\n<p><strong> Y hay un caso ah\u00ed que hay que decirlo:<\/strong> el caso de Manta, donde <strong>Leandro Norero<\/strong> tiene algunas empresas.<\/p>\n<p>En la verificaci\u00f3n preliminar se ten\u00eda que llegar al due\u00f1o de buenas empresas y el examen casi iba a salir negativo.<\/p>\n<p>&nbsp;<\/p>\n<p>Tuve que suspender y volver a cero.<\/p>\n<p>Nos toca solucionar problemas de la administraci\u00f3n anterior, en la que nunca tuvieron la valent\u00eda de de sacar procesos.<\/p>\n<p>Lo estoy haciendo yo, me toca dar la cara porque para eso estoy aqu\u00ed.<\/p>\n<p><strong>\u00bfY en cuanto a los procesos?<\/strong><\/p>\n<p>En el juicio a P\u00f3lit se detect\u00f3 que \u00e9l b\u00e1sicamente extorsionaba con sacar o no un examen especial, siempre a cambio<\/p>\n<p>de sobornos.<\/p>\n<p>&nbsp;<\/p>\n<p><strong>\u00bfEs posible garantizar que en el futuro esto no vuelva a pasar? <\/strong><\/p>\n<p>Por supuesto, ya lo hemos hecho.<\/p>\n<p>Tenemos sistemas de alerta en todas las direcciones cuando los ex\u00e1menes est\u00e1n por caducar.<\/p>\n<p>Tenemos sistemas de alerta en las direcciones de juzgamiento tambi\u00e9n cuando van a prescribir.<\/p>\n<p>Y si ya con estos sistemas de alerta algo caduca, es porque ya existe mano negra.<\/p>\n<p>Vamos a descubrir qu\u00e9 fue lo que pas\u00f3 en esos informes que est\u00e1n caducados; es un n\u00famero grande y bastantes<\/p>\n<p>millones de d\u00f3lares.<\/p>\n<p>&nbsp;<\/p>\n<p><strong>\u00bfCu\u00e1ntos son?<\/strong><\/p>\n<p>Est\u00e1n haciendo el examen, pero creo que son aproximadamente 3.000 informes que pueden estar caducados<\/p>\n<p>y hablo de cientos de millones de d\u00f3lares.<\/p>\n<p>&nbsp;<\/p>\n<p><strong>\u00bfQu\u00e9 es lo que primero hice?<\/strong><\/p>\n<p>Fue llegar hacer una auditor\u00eda interna a las tres direcciones m\u00e1s sensibles: predeterminaci\u00f3n, responsabilidades<\/p>\n<p>y revisiones.<\/p>\n<p>&nbsp;<\/p>\n<p>Esa auditor\u00eda interna tiene que determinar cu\u00e1les son los causantes de que estos informes caduquen y cu\u00e1les<\/p>\n<p>son los motivos.<\/p>\n<p>Empez\u00f3 en el mes de diciembre ese examen; estamos ya por sacar los resultados y vamos a saber en verdad<\/p>\n<p>qu\u00e9 fue lo que pas\u00f3 por qu\u00e9 caducaron esos ex\u00e1menes.<strong> (I)<\/strong><\/p>\n<p>&nbsp;<\/p>\n<p>Fuente: evafm.net &#8211; primicias.ec<\/p>\n<p>&nbsp;<\/p>\n<div class=\"gsp_post_data\" \r\n\t            data-post_type=\"post\" \r\n\t            data-cat=\"noticias-ecuador\" \r\n\t            data-modified=\"120\"\r\n\t            data-created=\"1716375394\"\r\n\t            data-title=\"Mauricio Torres titular de la Contraloria\" \r\n\t            data-home=\"https:\/\/www.evafm.net\/sitio\"><\/div>","protected":false},"excerpt":{"rendered":"<p>Mauricio Torres est\u00e1 a pocos d\u00edas de cumplir seis meses al frente de la Contralor\u00eda General del Estado. Dice que en este tiempo, se ha dedicado a \u00abponer en orden la casa\u00bb, despu\u00e9s de que esa instituci\u00f3n estuviera encargada a contralores subrogantes por m\u00e1s de seis a\u00f1os. &nbsp; Torres es el primer contralor seleccionado tras&#8230;<\/p>\n","protected":false},"author":5,"featured_media":80689,"comment_status":"closed","ping_status":"open","sticky":false,"template":"","format":"standard","meta":{"_joinchat":[],"footnotes":""},"categories":[1558],"tags":[],"class_list":["post-80688","post","type-post","status-publish","format-standard","has-post-thumbnail","hentry","category-noticias-ecuador","have-post-thumb"],"_links":{"self":[{"href":"https:\/\/www.evafm.net\/sitio\/wp-json\/wp\/v2\/posts\/80688","targetHints":{"allow":["GET"]}}],"collection":[{"href":"https:\/\/www.evafm.net\/sitio\/wp-json\/wp\/v2\/posts"}],"about":[{"href":"https:\/\/www.evafm.net\/sitio\/wp-json\/wp\/v2\/types\/post"}],"author":[{"embeddable":true,"href":"https:\/\/www.evafm.net\/sitio\/wp-json\/wp\/v2\/users\/5"}],"replies":[{"embeddable":true,"href":"https:\/\/www.evafm.net\/sitio\/wp-json\/wp\/v2\/comments?post=80688"}],"version-history":[{"count":1,"href":"https:\/\/www.evafm.net\/sitio\/wp-json\/wp\/v2\/posts\/80688\/revisions"}],"predecessor-version":[{"id":80690,"href":"https:\/\/www.evafm.net\/sitio\/wp-json\/wp\/v2\/posts\/80688\/revisions\/80690"}],"wp:featuredmedia":[{"embeddable":true,"href":"https:\/\/www.evafm.net\/sitio\/wp-json\/wp\/v2\/media\/80689"}],"wp:attachment":[{"href":"https:\/\/www.evafm.net\/sitio\/wp-json\/wp\/v2\/media?parent=80688"}],"wp:term":[{"taxonomy":"category","embeddable":true,"href":"https:\/\/www.evafm.net\/sitio\/wp-json\/wp\/v2\/categories?post=80688"},{"taxonomy":"post_tag","embeddable":true,"href":"https:\/\/www.evafm.net\/sitio\/wp-json\/wp\/v2\/tags?post=80688"}],"curies":[{"name":"wp","href":"https:\/\/api.w.org\/{rel}","templated":true}]}}