{"id":80712,"date":"2024-05-23T11:31:17","date_gmt":"2024-05-23T16:31:17","guid":{"rendered":"https:\/\/www.evafm.net\/sitio\/?p=80712"},"modified":"2024-05-23T11:31:17","modified_gmt":"2024-05-23T16:31:17","slug":"el-aleman-steinhauser-gana-la-etapa-17-giro-de-italia","status":"publish","type":"post","link":"https:\/\/www.evafm.net\/sitio\/el-aleman-steinhauser-gana-la-etapa-17-giro-de-italia\/","title":{"rendered":"El alem\u00e1n Steinhauser gana la Etapa 17  Giro de Italia"},"content":{"rendered":"<p><strong>Steinhauser sorprendi\u00f3 a todos. <\/strong><\/p>\n<p>El alem\u00e1n de 22 a\u00f1os se meti\u00f3 en la fuga del d\u00eda y trabaj\u00f3 durante todo el d\u00eda para conseguir su primera victoria como ciclista profesional.<\/p>\n<p>Ni siquiera el ataque final de Tadej Pogacar impidi\u00f3 el triunfo del corredor de <strong>EF Education &#8211; EasyPost. <\/strong><\/p>\n<p>&nbsp;<\/p>\n<p>Detr\u00e1s del alem\u00e1n lleg\u00f3 el ciclista esloveno, que trat\u00f3 de conseguir otra victoria de etapa, pero sus c\u00e1lculos le fallaron.<\/p>\n<p><strong>Pogacar<\/strong> cruz\u00f3 la meta en s<strong>egundo lugar, a 1:24 de Steinhauser. <\/strong><\/p>\n<p>El podio lo complet\u00f3 <strong>Antonio Tiberi del equipo Bahrain &#8211; Victorious.<\/strong><\/p>\n<p>La pelea por el resto de posiciones por la clasificaci\u00f3n general estuvo agitada.<\/p>\n<p><strong>Daniel Felipe Mart\u00ednez<\/strong> intent\u00f3 abrir un hueco para distanciarse de<strong> Geraint Thomas,<\/strong> pero no lo logr\u00f3<\/p>\n<p>Por su parte, el ecuatoriano <strong>Jhonatan Narv\u00e1ez<\/strong> trabaj\u00f3 para <strong>Thomas<\/strong> durante toda la etapa y en la parte final de la etapa puso un ritmo<\/p>\n<p>duro que pocos pudieron aguantar.<\/p>\n<p>Despu\u00e9s se retir\u00f3 y dej\u00f3 el trabajo para sus compa\u00f1eros.<\/p>\n<p>El <strong>&#8216;Lagarto&#8217;<\/strong> viene haciendo un buen <strong>Giro de Italia<\/strong>, con una victoria de etapa, un segundo lugar y una quinta posici\u00f3n.<\/p>\n<p>El ciclista de Sucumb\u00edos a\u00fan busca otro triunfo.<\/p>\n<p>Este jueves se corre una etapa llana y relativamente corta, que ser\u00e1 la \u00faltima oportunidad para los <strong>sprinters<\/strong> en la<\/p>\n<p><strong>edici\u00f3n 2024 del Giro de Italia. (D)<\/strong><\/p>\n<p><strong>Etapa 18<\/strong> (llana)<\/p>\n<p>De Fiera di Primiero a Padova<\/p>\n<p><strong>Distancia:<\/strong> 166 kil\u00f3metros<\/p>\n<p><strong>Fecha:<\/strong> Jueves 23 de mayo de 2024<\/p>\n<p><strong>Horario de transmisi\u00f3n:<\/strong> 07:00 <strong>(hora de Ecuador)<\/strong><\/p>\n<h3>Giro d&#8217;Italia (2.UWT)<\/h3>\n<h4>Stage 17 \u00a0\u00bb\u00a0 Selva di Val Gardena \u203a Passo Brocon<\/h4>\n<div class=\"tabs-cont\">\n<ul class=\"tabs\">\n<li class=\"cur\"><a class=\"tabnav\" href=\"https:\/\/www.procyclingstats.com\/widgets\/result.php?h=804e612705240410957513d88f4e76688f40698a\" data-id=\"290186\">Stage<\/a><\/li>\n<li class=\"\"><a class=\"tabnav\" href=\"https:\/\/www.procyclingstats.com\/widgets\/result.php?h=804e612705240410957513d88f4e76688f40698a\" data-id=\"300653\">GC<\/a><\/li>\n<li class=\"\"><a class=\"tabnav\" href=\"https:\/\/www.procyclingstats.com\/widgets\/result.php?h=804e612705240410957513d88f4e76688f40698a\" data-id=\"300654\">Points<\/a><\/li>\n<li class=\"\"><a class=\"tabnav\" href=\"https:\/\/www.procyclingstats.com\/widgets\/result.php?h=804e612705240410957513d88f4e76688f40698a\" data-id=\"300655\">Youth<\/a><\/li>\n<li class=\"\"><a class=\"tabnav\" href=\"https:\/\/www.procyclingstats.com\/widgets\/result.php?h=804e612705240410957513d88f4e76688f40698a\" data-id=\"300656\">KOM<\/a><\/li>\n<li class=\"\"><a class=\"tabnav\" href=\"https:\/\/www.procyclingstats.com\/widgets\/result.php?h=804e612705240410957513d88f4e76688f40698a\" data-id=\"300657\">Teams<\/a><\/li>\n<\/ul>\n<\/div>\n<ul class=\"results\">\n<li class=\"subreslinks\" data-id=\"290186\">\n<table>\n<thead>\n<tr>\n<th>Rnk<\/th>\n<th>Rider<\/th>\n<th>Team<\/th>\n<th>Time<\/th>\n<\/tr>\n<\/thead>\n<tbody>\n<tr>\n<td>1<\/td>\n<td>\u00a0STEINHAUSER Georg<\/td>\n<td>EF Education &#8211; EasyPost<\/td>\n<td>4:28:51<\/td>\n<\/tr>\n<tr>\n<td>2<\/td>\n<td>\u00a0<a href=\"https:\/\/www.procyclingstats.com\/rider\/tadej-pogacar\" target=\"_blank\" rel=\"noopener\">POGA\u010cAR Tadej<\/a><\/td>\n<td><a href=\"https:\/\/www.procyclingstats.com\/team\/uae-team-emirates-2024\" target=\"_blank\" rel=\"noopener\">UAE Team Emirates<\/a><\/td>\n<td>1:24<\/td>\n<\/tr>\n<tr>\n<td>3<\/td>\n<td>\u00a0<a href=\"https:\/\/www.procyclingstats.com\/rider\/antonio-tiberi\" target=\"_blank\" rel=\"noopener\">TIBERI Antonio<\/a><\/td>\n<td><a href=\"https:\/\/www.procyclingstats.com\/team\/bahrain-victorious-2024\" target=\"_blank\" rel=\"noopener\">Bahrain &#8211; Victorious<\/a><\/td>\n<td>1:42<\/td>\n<\/tr>\n<tr>\n<td>4<\/td>\n<td>\u00a0<a href=\"https:\/\/www.procyclingstats.com\/rider\/geraint-thomas\" target=\"_blank\" rel=\"noopener\">THOMAS Geraint<\/a><\/td>\n<td><a href=\"https:\/\/www.procyclingstats.com\/team\/ineos-grenadiers-2024\" target=\"_blank\" rel=\"noopener\">INEOS Grenadiers<\/a><\/td>\n<td>1:42<\/td>\n<\/tr>\n<tr>\n<td>5<\/td>\n<td>\u00a0<a href=\"https:\/\/www.procyclingstats.com\/rider\/daniel-felipe-martinez\" target=\"_blank\" rel=\"noopener\">MART\u00cdNEZ Daniel Felipe<\/a><\/td>\n<td><a href=\"https:\/\/www.procyclingstats.com\/team\/bora-hansgrohe-2024\" target=\"_blank\" rel=\"noopener\">BORA &#8211; hansgrohe<\/a><\/td>\n<td>1:42<\/td>\n<\/tr>\n<tr>\n<td>6<\/td>\n<td>\u00a0<a href=\"https:\/\/www.procyclingstats.com\/rider\/einer-rubio\" target=\"_blank\" rel=\"noopener\">RUBIO Einer<\/a><\/td>\n<td><a href=\"https:\/\/www.procyclingstats.com\/team\/movistar-team-2024\" target=\"_blank\" rel=\"noopener\">Movistar Team<\/a><\/td>\n<td>1:42<\/td>\n<\/tr>\n<tr>\n<td>7<\/td>\n<td>\u00a0<a href=\"https:\/\/www.procyclingstats.com\/rider\/romain-bardet\" target=\"_blank\" rel=\"noopener\">BARDET Romain<\/a><\/td>\n<td><a href=\"https:\/\/www.procyclingstats.com\/team\/team-dsm-firmenich-postnl-2024\" target=\"_blank\" rel=\"noopener\">Team dsm-firmenich PostNL<\/a><\/td>\n<td>1:42<\/td>\n<\/tr>\n<tr>\n<td>8<\/td>\n<td>\u00a0<a href=\"https:\/\/www.procyclingstats.com\/rider\/thymen-arensman\" target=\"_blank\" rel=\"noopener\">ARENSMAN Thymen<\/a><\/td>\n<td><a href=\"https:\/\/www.procyclingstats.com\/team\/ineos-grenadiers-2024\" target=\"_blank\" rel=\"noopener\">INEOS Grenadiers<\/a><\/td>\n<td>1:55<\/td>\n<\/tr>\n<tr>\n<td>9<\/td>\n<td>\u00a0<a href=\"https:\/\/www.procyclingstats.com\/rider\/jan-hirt\" target=\"_blank\" rel=\"noopener\">HIRT Jan<\/a><\/td>\n<td><a href=\"https:\/\/www.procyclingstats.com\/team\/soudal-quick-step-2024\" target=\"_blank\" rel=\"noopener\">Soudal Quick-Step<\/a><\/td>\n<td>1:55<\/td>\n<\/tr>\n<tr>\n<td>10<\/td>\n<td>\u00a0<a href=\"https:\/\/www.procyclingstats.com\/rider\/rafal-majka\" target=\"_blank\" rel=\"noopener\">MAJKA Rafa\u0142<\/a><\/td>\n<td><a href=\"https:\/\/www.procyclingstats.com\/team\/uae-team-emirates-2024\" target=\"_blank\" rel=\"noopener\">UAE Team Emirates<\/a><\/td>\n<td>1:55<\/td>\n<\/tr>\n<\/tbody>\n<\/table>\n<\/li>\n<\/ul>\n<div class=\"powered_by\"><img decoding=\"async\" src=\"https:\/\/www.procyclingstats.com\/images\/pcs_small.png\" \/>\u00a0Results powered by\u00a0www.procyclingstats.com<\/div>\n<div><\/div>\n<div><\/div>\n<div>Fuente: evafm.net &#8211; primicias.ec<\/div>\n<div class=\"gsp_post_data\" \r\n\t            data-post_type=\"post\" \r\n\t            data-cat=\"deportes-internacionales\" \r\n\t            data-modified=\"120\"\r\n\t            data-created=\"1716463877\"\r\n\t            data-title=\"El alem\u00e1n Steinhauser gana la Etapa 17  Giro de Italia\" \r\n\t            data-home=\"https:\/\/www.evafm.net\/sitio\"><\/div>","protected":false},"excerpt":{"rendered":"<p>Steinhauser sorprendi\u00f3 a todos. El alem\u00e1n de 22 a\u00f1os se meti\u00f3 en la fuga del d\u00eda y trabaj\u00f3 durante todo el d\u00eda para conseguir su primera victoria como ciclista profesional. Ni siquiera el ataque final de Tadej Pogacar impidi\u00f3 el triunfo del corredor de EF Education &#8211; EasyPost. &nbsp; Detr\u00e1s del alem\u00e1n lleg\u00f3 el ciclista&#8230;<\/p>\n","protected":false},"author":5,"featured_media":80713,"comment_status":"closed","ping_status":"open","sticky":false,"template":"","format":"standard","meta":{"_joinchat":[],"footnotes":""},"categories":[1342],"tags":[],"class_list":["post-80712","post","type-post","status-publish","format-standard","has-post-thumbnail","hentry","category-deportes-internacionales","have-post-thumb"],"_links":{"self":[{"href":"https:\/\/www.evafm.net\/sitio\/wp-json\/wp\/v2\/posts\/80712","targetHints":{"allow":["GET"]}}],"collection":[{"href":"https:\/\/www.evafm.net\/sitio\/wp-json\/wp\/v2\/posts"}],"about":[{"href":"https:\/\/www.evafm.net\/sitio\/wp-json\/wp\/v2\/types\/post"}],"author":[{"embeddable":true,"href":"https:\/\/www.evafm.net\/sitio\/wp-json\/wp\/v2\/users\/5"}],"replies":[{"embeddable":true,"href":"https:\/\/www.evafm.net\/sitio\/wp-json\/wp\/v2\/comments?post=80712"}],"version-history":[{"count":1,"href":"https:\/\/www.evafm.net\/sitio\/wp-json\/wp\/v2\/posts\/80712\/revisions"}],"predecessor-version":[{"id":80714,"href":"https:\/\/www.evafm.net\/sitio\/wp-json\/wp\/v2\/posts\/80712\/revisions\/80714"}],"wp:featuredmedia":[{"embeddable":true,"href":"https:\/\/www.evafm.net\/sitio\/wp-json\/wp\/v2\/media\/80713"}],"wp:attachment":[{"href":"https:\/\/www.evafm.net\/sitio\/wp-json\/wp\/v2\/media?parent=80712"}],"wp:term":[{"taxonomy":"category","embeddable":true,"href":"https:\/\/www.evafm.net\/sitio\/wp-json\/wp\/v2\/categories?post=80712"},{"taxonomy":"post_tag","embeddable":true,"href":"https:\/\/www.evafm.net\/sitio\/wp-json\/wp\/v2\/tags?post=80712"}],"curies":[{"name":"wp","href":"https:\/\/api.w.org\/{rel}","templated":true}]}}