{"id":80715,"date":"2024-05-23T11:37:15","date_gmt":"2024-05-23T16:37:15","guid":{"rendered":"https:\/\/www.evafm.net\/sitio\/?p=80715"},"modified":"2024-05-23T11:37:15","modified_gmt":"2024-05-23T16:37:15","slug":"chito-vera-respalda-a-richard-carapaz-para-los-juegos-olimpicos-de-paris","status":"publish","type":"post","link":"https:\/\/www.evafm.net\/sitio\/chito-vera-respalda-a-richard-carapaz-para-los-juegos-olimpicos-de-paris\/","title":{"rendered":"&#8216;Chito&#8217; Vera respalda a Richard Carapaz para los Juegos Ol\u00edmpicos de Par\u00eds"},"content":{"rendered":"<p>La pol\u00e9mica contin\u00faa.<\/p>\n<p>Los mensajes en redes sociales no dejan de aparecer y <strong>Marlon &#8216;Chito&#8217;<\/strong> no dej\u00f3 pasar la oportunidad<\/p>\n<p>para respaldar a su amigo <strong>Richard Carapaz. <\/strong><\/p>\n<p>Pero, \u00bfpor qu\u00e9? Todo inicia porque Ecuador tiene tan solo un cupo para ciclismo en los <strong>Juegos Ol\u00edmpicos de Par\u00eds 2024 <\/strong><\/p>\n<p>y <strong>Richard Carapaz, junto a Jhonatan Narv\u00e1ez, disputan esa \u00fanica clasificaci\u00f3n.<\/strong><\/p>\n<p>El artista marcial mixto respondi\u00f3 a la publicaci\u00f3n de la<strong> &#8216;Locomotora del Carchi&#8217;,<\/strong> en donde pide la intervenci\u00f3n del<\/p>\n<p>Ministerio del Deporte en la elecci\u00f3n del ciclista que ir\u00e1 a Par\u00eds.<\/p>\n<p><strong>Marlon &#8216;Chito&#8217; Vera puso: <\/strong><\/p>\n<p>\u00abNo lo dejen a Richie Fuera\u00bb y el pedalista de 30 a\u00f1os, lo cit\u00f3 para agradecer su apoyo.<\/p>\n<p><small><\/small><\/p>\n<p>El domingo 26 de mayo, la Federaci\u00f3n Ecuatoriana de Ciclismo <strong>(FEC)<\/strong> anunciar\u00e1 al deportista que representar\u00e1 al pa\u00eds en los<\/p>\n<p><strong>Juegos Ol\u00edmpicos. (D)<\/strong><\/p>\n<p>Fuente: evafm.net &#8211; primicias.ec<\/p>\n<div class=\"gsp_post_data\" \r\n\t            data-post_type=\"post\" \r\n\t            data-cat=\"deportes-internacionales\" \r\n\t            data-modified=\"120\"\r\n\t            data-created=\"1716464235\"\r\n\t            data-title=\"&#8216;Chito&#8217; Vera respalda a Richard Carapaz para los Juegos Ol\u00edmpicos de Par\u00eds\" \r\n\t            data-home=\"https:\/\/www.evafm.net\/sitio\"><\/div>","protected":false},"excerpt":{"rendered":"<p>La pol\u00e9mica contin\u00faa. Los mensajes en redes sociales no dejan de aparecer y Marlon &#8216;Chito&#8217; no dej\u00f3 pasar la oportunidad para respaldar a su amigo Richard Carapaz. Pero, \u00bfpor qu\u00e9? Todo inicia porque Ecuador tiene tan solo un cupo para ciclismo en los Juegos Ol\u00edmpicos de Par\u00eds 2024 y Richard Carapaz, junto a Jhonatan Narv\u00e1ez,&#8230;<\/p>\n","protected":false},"author":5,"featured_media":80716,"comment_status":"closed","ping_status":"open","sticky":false,"template":"","format":"standard","meta":{"_joinchat":[],"footnotes":""},"categories":[1342],"tags":[],"class_list":["post-80715","post","type-post","status-publish","format-standard","has-post-thumbnail","hentry","category-deportes-internacionales","have-post-thumb"],"_links":{"self":[{"href":"https:\/\/www.evafm.net\/sitio\/wp-json\/wp\/v2\/posts\/80715","targetHints":{"allow":["GET"]}}],"collection":[{"href":"https:\/\/www.evafm.net\/sitio\/wp-json\/wp\/v2\/posts"}],"about":[{"href":"https:\/\/www.evafm.net\/sitio\/wp-json\/wp\/v2\/types\/post"}],"author":[{"embeddable":true,"href":"https:\/\/www.evafm.net\/sitio\/wp-json\/wp\/v2\/users\/5"}],"replies":[{"embeddable":true,"href":"https:\/\/www.evafm.net\/sitio\/wp-json\/wp\/v2\/comments?post=80715"}],"version-history":[{"count":1,"href":"https:\/\/www.evafm.net\/sitio\/wp-json\/wp\/v2\/posts\/80715\/revisions"}],"predecessor-version":[{"id":80717,"href":"https:\/\/www.evafm.net\/sitio\/wp-json\/wp\/v2\/posts\/80715\/revisions\/80717"}],"wp:featuredmedia":[{"embeddable":true,"href":"https:\/\/www.evafm.net\/sitio\/wp-json\/wp\/v2\/media\/80716"}],"wp:attachment":[{"href":"https:\/\/www.evafm.net\/sitio\/wp-json\/wp\/v2\/media?parent=80715"}],"wp:term":[{"taxonomy":"category","embeddable":true,"href":"https:\/\/www.evafm.net\/sitio\/wp-json\/wp\/v2\/categories?post=80715"},{"taxonomy":"post_tag","embeddable":true,"href":"https:\/\/www.evafm.net\/sitio\/wp-json\/wp\/v2\/tags?post=80715"}],"curies":[{"name":"wp","href":"https:\/\/api.w.org\/{rel}","templated":true}]}}