{"id":80740,"date":"2024-05-25T11:51:20","date_gmt":"2024-05-25T16:51:20","guid":{"rendered":"https:\/\/www.evafm.net\/sitio\/?p=80740"},"modified":"2024-05-25T13:07:20","modified_gmt":"2024-05-25T18:07:20","slug":"andrea-vendrame-se-lleva-la-etapa-19-del-giro-de-italia","status":"publish","type":"post","link":"https:\/\/www.evafm.net\/sitio\/andrea-vendrame-se-lleva-la-etapa-19-del-giro-de-italia\/","title":{"rendered":"Andrea Vendrame se lleva la Etapa 19 del Giro de Italia"},"content":{"rendered":"<p><strong>La Etapa 19 del Giro de Italia<\/strong> de este <strong>24 de mayo<\/strong> dej\u00f3 al ecuatoriano del <strong>Ineos Grenadiers, Jhonatan Narv\u00e1ez<\/strong><\/p>\n<p>en el cuarto lugar a pesar de que sufri\u00f3 una ca\u00edda que no pas\u00f3 a mayores.<\/p>\n<p>El ciclista<strong> &#8216;tricolor&#8217;<\/strong> se recuper\u00f3 de inmediato y se reintegr\u00f3 al grupo que se mantuvo en la fuga hasta el final.<\/p>\n<p>&nbsp;<\/p>\n<p>El italiano <strong>Andrea Vendrame<\/strong> (<strong>Decathlon Ag2r)<\/strong> se impuso en solitario en la etapa disputada entre<\/p>\n<p><strong>Mortegliano y Sappada<\/strong>, de 157 kil\u00f3metros, en la que se clasific\u00f3 segundo el espa\u00f1ol<strong> Pelayo S\u00e1nchez<\/strong> <strong>(Movistar).<\/strong><\/p>\n<p>Esta fue la \u00faltima etapa de media monta\u00f1a, donde el &#8216;lagarto&#8217;, que ya gan\u00f3 una etapa, fue segundo en otra y quinto en otra<\/p>\n<p>pudo concluir cuarto<strong>. (D)<\/strong><\/p>\n<blockquote class=\"twitter-tweet\" data-width=\"550\" data-dnt=\"true\">\n<p lang=\"en\" dir=\"ltr\">\ud83d\udca5 For those wondering why <a href=\"https:\/\/twitter.com\/NarvaezJho?ref_src=twsrc%5Etfw\">@NarvaezJho<\/a> was on the floor<a href=\"https:\/\/twitter.com\/hashtag\/GirodItalia?src=hash&amp;ref_src=twsrc%5Etfw\">#GirodItalia<\/a> <a href=\"https:\/\/t.co\/Ps1lxVMMKN\">https:\/\/t.co\/Ps1lxVMMKN<\/a> <a href=\"https:\/\/t.co\/AsZ25qcuAj\">pic.twitter.com\/AsZ25qcuAj<\/a><\/p>\n<p>&mdash; Giro d&#39;Italia (@giroditalia) <a href=\"https:\/\/twitter.com\/giroditalia\/status\/1793983253407527033?ref_src=twsrc%5Etfw\">May 24, 2024<\/a><\/p><\/blockquote>\n<p><script async src=\"https:\/\/platform.twitter.com\/widgets.js\" charset=\"utf-8\"><\/script><\/p>\n<p>&nbsp;<\/p>\n<p>Fuente: evafm.net &#8211; primicias.ec<\/p>\n<div class=\"gsp_post_data\" \r\n\t            data-post_type=\"post\" \r\n\t            data-cat=\"deportes-internacionales\" \r\n\t            data-modified=\"120\"\r\n\t            data-created=\"1716637880\"\r\n\t            data-title=\"Andrea Vendrame se lleva la Etapa 19 del Giro de Italia\" \r\n\t            data-home=\"https:\/\/www.evafm.net\/sitio\"><\/div>","protected":false},"excerpt":{"rendered":"<p>La Etapa 19 del Giro de Italia de este 24 de mayo dej\u00f3 al ecuatoriano del Ineos Grenadiers, Jhonatan Narv\u00e1ez en el cuarto lugar a pesar de que sufri\u00f3 una ca\u00edda que no pas\u00f3 a mayores. El ciclista &#8216;tricolor&#8217; se recuper\u00f3 de inmediato y se reintegr\u00f3 al grupo que se mantuvo en la fuga hasta&#8230;<\/p>\n","protected":false},"author":5,"featured_media":80741,"comment_status":"closed","ping_status":"open","sticky":false,"template":"","format":"standard","meta":{"_joinchat":[],"footnotes":""},"categories":[1342],"tags":[],"class_list":["post-80740","post","type-post","status-publish","format-standard","has-post-thumbnail","hentry","category-deportes-internacionales","have-post-thumb"],"_links":{"self":[{"href":"https:\/\/www.evafm.net\/sitio\/wp-json\/wp\/v2\/posts\/80740","targetHints":{"allow":["GET"]}}],"collection":[{"href":"https:\/\/www.evafm.net\/sitio\/wp-json\/wp\/v2\/posts"}],"about":[{"href":"https:\/\/www.evafm.net\/sitio\/wp-json\/wp\/v2\/types\/post"}],"author":[{"embeddable":true,"href":"https:\/\/www.evafm.net\/sitio\/wp-json\/wp\/v2\/users\/5"}],"replies":[{"embeddable":true,"href":"https:\/\/www.evafm.net\/sitio\/wp-json\/wp\/v2\/comments?post=80740"}],"version-history":[{"count":1,"href":"https:\/\/www.evafm.net\/sitio\/wp-json\/wp\/v2\/posts\/80740\/revisions"}],"predecessor-version":[{"id":80742,"href":"https:\/\/www.evafm.net\/sitio\/wp-json\/wp\/v2\/posts\/80740\/revisions\/80742"}],"wp:featuredmedia":[{"embeddable":true,"href":"https:\/\/www.evafm.net\/sitio\/wp-json\/wp\/v2\/media\/80741"}],"wp:attachment":[{"href":"https:\/\/www.evafm.net\/sitio\/wp-json\/wp\/v2\/media?parent=80740"}],"wp:term":[{"taxonomy":"category","embeddable":true,"href":"https:\/\/www.evafm.net\/sitio\/wp-json\/wp\/v2\/categories?post=80740"},{"taxonomy":"post_tag","embeddable":true,"href":"https:\/\/www.evafm.net\/sitio\/wp-json\/wp\/v2\/tags?post=80740"}],"curies":[{"name":"wp","href":"https:\/\/api.w.org\/{rel}","templated":true}]}}