{"id":80755,"date":"2024-05-25T13:04:52","date_gmt":"2024-05-25T18:04:52","guid":{"rendered":"https:\/\/www.evafm.net\/sitio\/?p=80755"},"modified":"2024-05-25T13:04:52","modified_gmt":"2024-05-25T18:04:52","slug":"xavi-es-destituido-como-entrenador-del-barca","status":"publish","type":"post","link":"https:\/\/www.evafm.net\/sitio\/xavi-es-destituido-como-entrenador-del-barca\/","title":{"rendered":"Xavi es destituido como entrenador del Bar\u00e7a"},"content":{"rendered":"<p><strong>El FC Barcelona<\/strong> ha comunicado esta ma\u00f1ana a\u00a0Xavi Hern\u00e1ndez que no continuar\u00e1 ejerciendo su cargo como entrenador<\/p>\n<p>del primer equipo de f\u00fatbol masculino\u00a0y que este domingo dirigir\u00e1 su \u00faltimo encuentro para cerrar la temporada:<\/p>\n<p>frente al Sevilla <strong>(21:00 horas) en el Estadio S\u00e1nchez-Pizju\u00e1n.<\/strong><\/p>\n<p>&nbsp;<\/p>\n<p>Antes de comparecer en rueda de prensa este s\u00e1bado ante los medios de comunicaci\u00f3n para valorar la previa de un partido<\/p>\n<p>intrascendente en lo deportivo,\u00a0<strong>Xavi Hern\u00e1ndez quiso despedirse de la afici\u00f3n blaugrana con un comunicado<\/strong><\/p>\n<p><strong> publicado en su cuenta oficial de Instagram<\/strong>.<\/p>\n<p>&nbsp;<\/p>\n<p>Este estaba acompa\u00f1ado de im\u00e1genes de los mejores momentos de su etapa como t\u00e9cnico blaugrana, a lo largo de estos<\/p>\n<p>dos a\u00f1os y medio: la consecuci\u00f3n de la Supercopa de Espa\u00f1a, de la Liga, siendo manteado por sus jugadores, la r\u00faa por<\/p>\n<p>las calles de Barcelona celebrando el doblete&#8230;<\/p>\n<p>&nbsp;<\/p>\n<p>As\u00ed arrancaba el &#8216;adi\u00f3s&#8217; del egarense en redes sociales:<\/p>\n<p>\u00abEstimados cul\u00e9s, domingo acabar\u00e1 mi etapa al banquillo del Bar\u00e7a.<\/p>\n<p>&nbsp;<\/p>\n<p><strong>Nunca es f\u00e1cil marchar del club de tu vida, pero lo hago muy orgulloso<\/strong>, despu\u00e9s de dos a\u00f1os y medio al frente<\/p>\n<p>de un vestuario que ha sido como una segunda familia\u00bb.<\/p>\n<p>&nbsp;<\/p>\n<p class=\"ft-text\" data-mrf-recirculation=\"Links Noticias\">Xavi quiso agradecer \u00abel apoyo y el cari\u00f1o de la afici\u00f3n, que siempre ha estado a mi lado y me ha demostrado en todo<\/p>\n<p class=\"ft-text\" data-mrf-recirculation=\"Links Noticias\">momento el mismo aprecio que en mi etapa de futbolista\u00bb.<\/p>\n<p data-mrf-recirculation=\"Links Noticias\">\n<p class=\"ft-text\" data-mrf-recirculation=\"Links Noticias\">Tambi\u00e9n explic\u00f3 que \u00aba partir de domingo ser\u00e9 un cul\u00e9 m\u00e1s a la grada, ya sea ahora en el Estadi Ol\u00edmpic o en unos meses<\/p>\n<p class=\"ft-text\" data-mrf-recirculation=\"Links Noticias\">al Nuevo Camp Nou.<\/p>\n<p class=\"ft-text\" data-mrf-recirculation=\"Links Noticias\">Porque <strong>antes de jugador o entrenador soy barcelonista y solo quiero lo mejor por el club de mi vida, que<\/strong><\/p>\n<p class=\"ft-text\" data-mrf-recirculation=\"Links Noticias\"><strong> siempre me tendr\u00e1 a su disposici\u00f3n<\/strong>\u00ab.<\/p>\n<p data-mrf-recirculation=\"Links Noticias\">\n<p class=\"ft-text\" data-mrf-recirculation=\"Links Noticias\">El t\u00e9cnico blaugrana repas\u00f3 el trascurso de su etapa al frente del equipo, con la consecuci\u00f3n de dos t\u00edtulos el curso pasado<\/p>\n<p class=\"ft-text\" data-mrf-recirculation=\"Links Noticias\">pero haciendo autocr\u00edtica de la presente temporada.<\/p>\n<p data-mrf-recirculation=\"Links Noticias\">\n<p class=\"ft-text\" data-mrf-recirculation=\"Links Noticias\">\u00abHe trabajado con un grupo de jugadores fant\u00e1sticos y con un staff espectacular.<\/p>\n<p data-mrf-recirculation=\"Links Noticias\">\n<p class=\"ft-text\" data-mrf-recirculation=\"Links Noticias\">Gracias a todos ellos hemos ido logrando los objetivos planteados, culminados el curso pasado con una Liga y una Supercopa.<\/p>\n<p data-mrf-recirculation=\"Links Noticias\">\n<p class=\"ft-text\" data-mrf-recirculation=\"Links Noticias\"><strong>Esta temporada las cosas no han salido como quer\u00edamos, pero nos hemos dejado la piel y hemos ayudado<\/strong><\/p>\n<p class=\"ft-text\" data-mrf-recirculation=\"Links Noticias\"><strong> a crecer a una nueva generaci\u00f3n de j\u00f3venes futbolistas de La Masia que nos ilusionan a todos los barcelonistas<\/strong>\u00ab.<\/p>\n<p data-mrf-recirculation=\"Links Noticias\">\n<p data-mrf-recirculation=\"Links Noticias\">Por su parte, la prensa deportiva espa\u00f1ola apunta a que el sucesor de Xavi ser\u00e1 el <strong>alem\u00e1n Hansi Flick<\/strong>, que dirigi\u00f3 a la selecci\u00f3n<\/p>\n<p data-mrf-recirculation=\"Links Noticias\">alemana y al Bayern M\u00fanich. <strong>(D)<\/strong><\/p>\n<p data-mrf-recirculation=\"Links Noticias\">\n<p data-mrf-recirculation=\"Links Noticias\">Fuente: evafm.net &#8211; sport.es<\/p>\n<p data-mrf-recirculation=\"Links Noticias\">\n<p data-mrf-recirculation=\"Links Noticias\">\n<div class=\"gsp_post_data\" \r\n\t            data-post_type=\"post\" \r\n\t            data-cat=\"deportes-internacionales\" \r\n\t            data-modified=\"120\"\r\n\t            data-created=\"1716642292\"\r\n\t            data-title=\"Xavi es destituido como entrenador del Bar\u00e7a\" \r\n\t            data-home=\"https:\/\/www.evafm.net\/sitio\"><\/div>","protected":false},"excerpt":{"rendered":"<p>El FC Barcelona ha comunicado esta ma\u00f1ana a\u00a0Xavi Hern\u00e1ndez que no continuar\u00e1 ejerciendo su cargo como entrenador del primer equipo de f\u00fatbol masculino\u00a0y que este domingo dirigir\u00e1 su \u00faltimo encuentro para cerrar la temporada: frente al Sevilla (21:00 horas) en el Estadio S\u00e1nchez-Pizju\u00e1n. &nbsp; Antes de comparecer en rueda de prensa este s\u00e1bado ante los&#8230;<\/p>\n","protected":false},"author":5,"featured_media":80756,"comment_status":"closed","ping_status":"open","sticky":false,"template":"","format":"standard","meta":{"_joinchat":[],"footnotes":""},"categories":[1342],"tags":[],"class_list":["post-80755","post","type-post","status-publish","format-standard","has-post-thumbnail","hentry","category-deportes-internacionales","have-post-thumb"],"_links":{"self":[{"href":"https:\/\/www.evafm.net\/sitio\/wp-json\/wp\/v2\/posts\/80755","targetHints":{"allow":["GET"]}}],"collection":[{"href":"https:\/\/www.evafm.net\/sitio\/wp-json\/wp\/v2\/posts"}],"about":[{"href":"https:\/\/www.evafm.net\/sitio\/wp-json\/wp\/v2\/types\/post"}],"author":[{"embeddable":true,"href":"https:\/\/www.evafm.net\/sitio\/wp-json\/wp\/v2\/users\/5"}],"replies":[{"embeddable":true,"href":"https:\/\/www.evafm.net\/sitio\/wp-json\/wp\/v2\/comments?post=80755"}],"version-history":[{"count":1,"href":"https:\/\/www.evafm.net\/sitio\/wp-json\/wp\/v2\/posts\/80755\/revisions"}],"predecessor-version":[{"id":80757,"href":"https:\/\/www.evafm.net\/sitio\/wp-json\/wp\/v2\/posts\/80755\/revisions\/80757"}],"wp:featuredmedia":[{"embeddable":true,"href":"https:\/\/www.evafm.net\/sitio\/wp-json\/wp\/v2\/media\/80756"}],"wp:attachment":[{"href":"https:\/\/www.evafm.net\/sitio\/wp-json\/wp\/v2\/media?parent=80755"}],"wp:term":[{"taxonomy":"category","embeddable":true,"href":"https:\/\/www.evafm.net\/sitio\/wp-json\/wp\/v2\/categories?post=80755"},{"taxonomy":"post_tag","embeddable":true,"href":"https:\/\/www.evafm.net\/sitio\/wp-json\/wp\/v2\/tags?post=80755"}],"curies":[{"name":"wp","href":"https:\/\/api.w.org\/{rel}","templated":true}]}}