{"id":80758,"date":"2024-05-25T13:14:31","date_gmt":"2024-05-25T18:14:31","guid":{"rendered":"https:\/\/www.evafm.net\/sitio\/?p=80758"},"modified":"2024-05-25T13:14:31","modified_gmt":"2024-05-25T18:14:31","slug":"allen-obando-recibiria-tratamiento-por-neumonia","status":"publish","type":"post","link":"https:\/\/www.evafm.net\/sitio\/allen-obando-recibiria-tratamiento-por-neumonia\/","title":{"rendered":"Allen Obando recibir\u00eda tratamiento por neumon\u00eda"},"content":{"rendered":"<p><strong>Allen Obando ha tenido una semana bastante movida. <\/strong><\/p>\n<p>El delantero de <strong>Barcelona SC<\/strong> de 17 a\u00f1os de edad habr\u00eda estado recibiendo tratamientos por una fuerte neumon\u00eda<\/p>\n<p>mientras avanza su posible llegada al <strong>FC Barcelona. <\/strong><\/p>\n<p>La noticia del estado de salud del jugador se viraliz\u00f3 en redes sociales este 24 de mayo, a falta de un comunicado<\/p>\n<p>oficial del club &#8216;canario&#8217;.<\/p>\n<p>&nbsp;<\/p>\n<p>Al mismo tiempo, un video en el que se observa a quien ser\u00eda Manuel Sierra, representante de Obando, salir<\/p>\n<p>de la ciudad deportiva del <strong>FC Barcelona<\/strong> potencia su posible llegada al equipo filial del cuadro catal\u00e1n.<\/p>\n<p>&nbsp;<\/p>\n<p><strong>\u00abEste equipo estuvo detr\u00e1s de Allen desde hace muchos meses.<\/strong><\/p>\n<p>Y me pidi\u00f3 que vaya (a Espa\u00f1a) el 12 de mayo, no pude porque no quise dejar solo al equipo\u00bb, cont\u00f3 Antonio Alvarez en di\u00e1logo con<\/p>\n<p>Radio Sucre (95.3 FM), este 23 de mayo.<\/p>\n<p>Los &#8216;toreros&#8217; atravesaban competici\u00f3n local y Copa Libertadores, por lo que Alvarez prefiri\u00f3 no viajar.<\/p>\n<p>&nbsp;<\/p>\n<p>\u00abEl vicepresidente deportivo Jos\u00e9 Luis Nogales avanz\u00f3 junto con Carlos Obando que es el pap\u00e1 de Allen.<\/p>\n<p>Ellos estuvieron all\u00ed\u00bb.<\/p>\n<p>Obando estuvo convocado para el partido pasado ante Liga de Quito, pero no sum\u00f3 minutos.<\/p>\n<p>El equipo recibir\u00e1 este s\u00e1bado 25 de mayo a T\u00e9cnico Universitario para mantenerse con chances de ganar la primera etapa de <strong>LigaPro. (D)<\/strong><\/p>\n<p>&nbsp;<\/p>\n<blockquote class=\"twitter-tweet\" data-width=\"550\" data-dnt=\"true\">\n<p lang=\"es\" dir=\"ltr\">\ud83d\udc40 El Bar\u00e7a trabaja para incorporar a su filial a Allen Obando (2006), jugador del Barcelona Guayaquil de Ecuador.<\/p>\n<p>\ud83e\udd1d Su agente, Manuel Sierra, ha visitado la Ciutat Esportiva esta ma\u00f1ana para reunirse con ejecutivos del Bar\u00e7a.<\/p>\n<p>\ud83e\ude7a El jugador ya ha pasado reconocimiento m\u00e9dico. <a href=\"https:\/\/t.co\/5Jn9PLzwvo\">pic.twitter.com\/5Jn9PLzwvo<\/a><\/p>\n<p>&mdash; Carlos Monfort (@monfortcarlos) <a href=\"https:\/\/twitter.com\/monfortcarlos\/status\/1793998781282992596?ref_src=twsrc%5Etfw\">May 24, 2024<\/a><\/p><\/blockquote>\n<p><script async src=\"https:\/\/platform.twitter.com\/widgets.js\" charset=\"utf-8\"><\/script><\/p>\n<p>&nbsp;<\/p>\n<p>Fuente: evafm.net &#8211; primicias.ec<\/p>\n<div class=\"gsp_post_data\" \r\n\t            data-post_type=\"post\" \r\n\t            data-cat=\"deportes-internacionales\" \r\n\t            data-modified=\"120\"\r\n\t            data-created=\"1716642871\"\r\n\t            data-title=\"Allen Obando recibir\u00eda tratamiento por neumon\u00eda\" \r\n\t            data-home=\"https:\/\/www.evafm.net\/sitio\"><\/div>","protected":false},"excerpt":{"rendered":"<p>Allen Obando ha tenido una semana bastante movida. El delantero de Barcelona SC de 17 a\u00f1os de edad habr\u00eda estado recibiendo tratamientos por una fuerte neumon\u00eda mientras avanza su posible llegada al FC Barcelona. La noticia del estado de salud del jugador se viraliz\u00f3 en redes sociales este 24 de mayo, a falta de un&#8230;<\/p>\n","protected":false},"author":5,"featured_media":80759,"comment_status":"closed","ping_status":"open","sticky":false,"template":"","format":"standard","meta":{"_joinchat":[],"footnotes":""},"categories":[1342],"tags":[],"class_list":["post-80758","post","type-post","status-publish","format-standard","has-post-thumbnail","hentry","category-deportes-internacionales","have-post-thumb"],"_links":{"self":[{"href":"https:\/\/www.evafm.net\/sitio\/wp-json\/wp\/v2\/posts\/80758","targetHints":{"allow":["GET"]}}],"collection":[{"href":"https:\/\/www.evafm.net\/sitio\/wp-json\/wp\/v2\/posts"}],"about":[{"href":"https:\/\/www.evafm.net\/sitio\/wp-json\/wp\/v2\/types\/post"}],"author":[{"embeddable":true,"href":"https:\/\/www.evafm.net\/sitio\/wp-json\/wp\/v2\/users\/5"}],"replies":[{"embeddable":true,"href":"https:\/\/www.evafm.net\/sitio\/wp-json\/wp\/v2\/comments?post=80758"}],"version-history":[{"count":1,"href":"https:\/\/www.evafm.net\/sitio\/wp-json\/wp\/v2\/posts\/80758\/revisions"}],"predecessor-version":[{"id":80760,"href":"https:\/\/www.evafm.net\/sitio\/wp-json\/wp\/v2\/posts\/80758\/revisions\/80760"}],"wp:featuredmedia":[{"embeddable":true,"href":"https:\/\/www.evafm.net\/sitio\/wp-json\/wp\/v2\/media\/80759"}],"wp:attachment":[{"href":"https:\/\/www.evafm.net\/sitio\/wp-json\/wp\/v2\/media?parent=80758"}],"wp:term":[{"taxonomy":"category","embeddable":true,"href":"https:\/\/www.evafm.net\/sitio\/wp-json\/wp\/v2\/categories?post=80758"},{"taxonomy":"post_tag","embeddable":true,"href":"https:\/\/www.evafm.net\/sitio\/wp-json\/wp\/v2\/tags?post=80758"}],"curies":[{"name":"wp","href":"https:\/\/api.w.org\/{rel}","templated":true}]}}