{"id":80765,"date":"2024-05-26T20:19:48","date_gmt":"2024-05-27T01:19:48","guid":{"rendered":"https:\/\/www.evafm.net\/sitio\/?p=80765"},"modified":"2024-05-26T20:19:48","modified_gmt":"2024-05-27T01:19:48","slug":"antonio-alvarez-gana-las-elecciones-de-barcelona-sc","status":"publish","type":"post","link":"https:\/\/www.evafm.net\/sitio\/antonio-alvarez-gana-las-elecciones-de-barcelona-sc\/","title":{"rendered":"Antonio Alvarez gana las elecciones de Barcelona SC"},"content":{"rendered":"<p>Los socios de Barcelona SC decidieron el futuro <strong>dirigencial<\/strong> del club este 25 de mayo y se inclinaron por<strong> Antonio Alvarez<\/strong><\/p>\n<p>quien se impuso en las diez mesas dispuestas para los comicios y super\u00f3 a <strong>Mat\u00edas Oyola.<\/strong><\/p>\n<p>&nbsp;<\/p>\n<p>Alvarez estar\u00e1 a cargo del club durante el periodo 2024-2028.<\/p>\n<p>&nbsp;<\/p>\n<p>Un total de 5483 de votantes estuvieron habilitados para esta jornada.<\/p>\n<p>Incluso, durante el d\u00eda, varios exjugadores y exdirigentes del equipo se dieron cita como socios para mostrar su apoyo al<\/p>\n<p>candidato de preferencia y ejercer su voto.<\/p>\n<p>Dentro de unas horas, el equipo recibir\u00e1 a T\u00e9cnico Universitario, a las 20:00, por la <strong>Fecha 14 de LigaPro,<\/strong> con la necesidad<\/p>\n<p>de ganar para continuar en pelea por la etapa. <strong>(D)<\/strong><\/p>\n<blockquote class=\"twitter-tweet\" data-width=\"550\" data-dnt=\"true\">\n<p lang=\"es\" dir=\"ltr\">Mat\u00edas Oyola lleg\u00f3 a felicitar al nuevo presidente de <a href=\"https:\/\/twitter.com\/hashtag\/BSC?src=hash&amp;ref_src=twsrc%5Etfw\">#BSC<\/a> <a href=\"https:\/\/twitter.com\/antonioalvarezh?ref_src=twsrc%5Etfw\">@antonioalvarezh<\/a> \ud83d\udc4f\ud83c\udffb<br \/>\u00a1Viva Barcelona Carajo! \ud83d\udcaa\ud83c\udffb <a href=\"https:\/\/t.co\/ZTzFJblFNe\">pic.twitter.com\/ZTzFJblFNe<\/a><\/p>\n<p>&mdash; Angelo L\u00f3pez (@AngeloLopezR) <a href=\"https:\/\/twitter.com\/AngeloLopezR\/status\/1794488479633604688?ref_src=twsrc%5Etfw\">May 25, 2024<\/a><\/p><\/blockquote>\n<p><script async src=\"https:\/\/platform.twitter.com\/widgets.js\" charset=\"utf-8\"><\/script><\/p>\n<p>&nbsp;<\/p>\n<blockquote class=\"twitter-tweet\" data-width=\"550\" data-dnt=\"true\">\n<p lang=\"es\" dir=\"ltr\">\ud83d\udde3\ufe0f \u201cSoy todo lo que soy gracias a Barcelona. Yo siempre estar\u00e9 presto para ayudar al club si es que me necesitan (&#8230;). Hoy, voy a confiar en Antonio (\u00c1lvarez) y tendr\u00e1 mi respaldo\u201d<\/p>\n<p>&#8211; Jos\u00e9 Cevallos<\/p>\n<p>V\u00eda: <a href=\"https:\/\/twitter.com\/sbasantes92?ref_src=twsrc%5Etfw\">@sbasantes92<\/a><a href=\"https:\/\/twitter.com\/hashtag\/YoSoyLaRadioRedonda?src=hash&amp;ref_src=twsrc%5Etfw\">#YoSoyLaRadioRedonda<\/a> \ud83d\udcfb <a href=\"https:\/\/t.co\/6bAl35bGxq\">pic.twitter.com\/6bAl35bGxq<\/a><\/p>\n<p>&mdash; La Radio Redonda (@LaRadioRedonda) <a href=\"https:\/\/twitter.com\/LaRadioRedonda\/status\/1794445624399499616?ref_src=twsrc%5Etfw\">May 25, 2024<\/a><\/p><\/blockquote>\n<p><script async src=\"https:\/\/platform.twitter.com\/widgets.js\" charset=\"utf-8\"><\/script><\/p>\n<p>&nbsp;<\/p>\n<p>Fuente: evafm.net &#8211; primicias.ec<\/p>\n<div class=\"gsp_post_data\" \r\n\t            data-post_type=\"post\" \r\n\t            data-cat=\"deportes-ecuador\" \r\n\t            data-modified=\"120\"\r\n\t            data-created=\"1716754788\"\r\n\t            data-title=\"Antonio Alvarez gana las elecciones de Barcelona SC\" \r\n\t            data-home=\"https:\/\/www.evafm.net\/sitio\"><\/div>","protected":false},"excerpt":{"rendered":"<p>Los socios de Barcelona SC decidieron el futuro dirigencial del club este 25 de mayo y se inclinaron por Antonio Alvarez quien se impuso en las diez mesas dispuestas para los comicios y super\u00f3 a Mat\u00edas Oyola. &nbsp; Alvarez estar\u00e1 a cargo del club durante el periodo 2024-2028. &nbsp; Un total de 5483 de votantes&#8230;<\/p>\n","protected":false},"author":5,"featured_media":80767,"comment_status":"closed","ping_status":"open","sticky":false,"template":"","format":"standard","meta":{"_joinchat":[],"footnotes":""},"categories":[1557],"tags":[],"class_list":["post-80765","post","type-post","status-publish","format-standard","has-post-thumbnail","hentry","category-deportes-ecuador","have-post-thumb"],"_links":{"self":[{"href":"https:\/\/www.evafm.net\/sitio\/wp-json\/wp\/v2\/posts\/80765","targetHints":{"allow":["GET"]}}],"collection":[{"href":"https:\/\/www.evafm.net\/sitio\/wp-json\/wp\/v2\/posts"}],"about":[{"href":"https:\/\/www.evafm.net\/sitio\/wp-json\/wp\/v2\/types\/post"}],"author":[{"embeddable":true,"href":"https:\/\/www.evafm.net\/sitio\/wp-json\/wp\/v2\/users\/5"}],"replies":[{"embeddable":true,"href":"https:\/\/www.evafm.net\/sitio\/wp-json\/wp\/v2\/comments?post=80765"}],"version-history":[{"count":1,"href":"https:\/\/www.evafm.net\/sitio\/wp-json\/wp\/v2\/posts\/80765\/revisions"}],"predecessor-version":[{"id":80768,"href":"https:\/\/www.evafm.net\/sitio\/wp-json\/wp\/v2\/posts\/80765\/revisions\/80768"}],"wp:featuredmedia":[{"embeddable":true,"href":"https:\/\/www.evafm.net\/sitio\/wp-json\/wp\/v2\/media\/80767"}],"wp:attachment":[{"href":"https:\/\/www.evafm.net\/sitio\/wp-json\/wp\/v2\/media?parent=80765"}],"wp:term":[{"taxonomy":"category","embeddable":true,"href":"https:\/\/www.evafm.net\/sitio\/wp-json\/wp\/v2\/categories?post=80765"},{"taxonomy":"post_tag","embeddable":true,"href":"https:\/\/www.evafm.net\/sitio\/wp-json\/wp\/v2\/tags?post=80765"}],"curies":[{"name":"wp","href":"https:\/\/api.w.org\/{rel}","templated":true}]}}