{"id":80803,"date":"2024-05-27T11:21:03","date_gmt":"2024-05-27T16:21:03","guid":{"rendered":"https:\/\/www.evafm.net\/sitio\/?p=80803"},"modified":"2024-05-27T11:21:03","modified_gmt":"2024-05-27T16:21:03","slug":"norberto-araujo-prefiere-dar-un-paso-al-costado-por-la-crisis","status":"publish","type":"post","link":"https:\/\/www.evafm.net\/sitio\/norberto-araujo-prefiere-dar-un-paso-al-costado-por-la-crisis\/","title":{"rendered":"Norberto Araujo prefiere dar un paso al costado por la crisis"},"content":{"rendered":"<p><strong>El drama contin\u00faa en Cumbay\u00e1. <\/strong><\/p>\n<p>Tras la derrota 1-0 frente a<strong> Orense<\/strong> por la <strong>Fecha 14 de LigaPro,<\/strong> el t\u00e9cnico del equipo capitalino<strong> Norberto Araujo.<\/strong><\/p>\n<p>prefiri\u00f3 dar un paso al costado debido a la crisis institucionales que atraviesan.<\/p>\n<p>&nbsp;<\/p>\n<p>\u00abEstoy muy orgulloso de los chicos, de su entrega.<\/p>\n<p>Hoy quiero hablar de todo lo que sucede, es una suma de todo.<\/p>\n<p>&nbsp;<\/p>\n<p>Hoy quiero informar que ser\u00e1 mi \u00faltimo partido\u00bb, arranc\u00f3 el estratega, en rueda de prensa tras el partido.<\/p>\n<p>El &#8216;Beto&#8217;, quien asumi\u00f3 el cargo en <strong>diciembre de 2023<\/strong>, ya hab\u00eda manifestado previamente que la<\/p>\n<p>situaci\u00f3n generaba mucha incertidumbre en el plantel.<\/p>\n<p>\u00abNo hay una estructura y todo es incierto.<\/p>\n<p>No es gratificante porque no solamente con palabras le llego a los jugadores.<\/p>\n<p>&nbsp;<\/p>\n<p>Nos est\u00e1n debiendo dos meses, no es mucho porque los clubes est\u00e1n casi igual.<\/p>\n<p>&nbsp;<\/p>\n<p>M\u00e1s all\u00e1 del viaje de 12 horas\u00bb, manifest\u00f3 el exfutbolista, respecto al viaje que realiz\u00f3 el club v\u00eda terrestre<\/p>\n<p>desde Quito hacia Machala para esta jornada.<\/p>\n<p>&nbsp;<\/p>\n<p>\u00abNo hay contestaci\u00f3n, no hay soluci\u00f3n, esto no es natural y eso se traslada a la cancha.<\/p>\n<p>&nbsp;<\/p>\n<p>Hay cosas que no comparto y por eso doy un paso al costado\u00bb.<\/p>\n<p>&nbsp;<\/p>\n<p>Cumbay\u00e1, que se ubica d\u00e9cimo cuarto en la tabla de posiciones, a\u00fan no tiene fecha para nuevas elecciones<\/p>\n<p>por lo que su futuro contin\u00faa siendo incierto.<\/p>\n<p>&nbsp;<\/p>\n<p>\u00abEl informe se pas\u00f3 a la Federaci\u00f3n Ecuatoriana de F\u00fatbol el martes.<\/p>\n<p>El Consejo resolver\u00e1 lo antes posible\u00bb, declar\u00f3 el interventor <strong>Roberto Bonifaz. (D)<\/strong><\/p>\n<p>Fuente: evafm.net &#8211; primicias.ec<\/p>\n<div class=\"gsp_post_data\" \r\n\t            data-post_type=\"post\" \r\n\t            data-cat=\"deportes-ecuador\" \r\n\t            data-modified=\"120\"\r\n\t            data-created=\"1716808863\"\r\n\t            data-title=\"Norberto Araujo prefiere dar un paso al costado por la crisis\" \r\n\t            data-home=\"https:\/\/www.evafm.net\/sitio\"><\/div>","protected":false},"excerpt":{"rendered":"<p>El drama contin\u00faa en Cumbay\u00e1. Tras la derrota 1-0 frente a Orense por la Fecha 14 de LigaPro, el t\u00e9cnico del equipo capitalino Norberto Araujo. prefiri\u00f3 dar un paso al costado debido a la crisis institucionales que atraviesan. &nbsp; \u00abEstoy muy orgulloso de los chicos, de su entrega. Hoy quiero hablar de todo lo que&#8230;<\/p>\n","protected":false},"author":5,"featured_media":80805,"comment_status":"closed","ping_status":"open","sticky":false,"template":"","format":"standard","meta":{"_joinchat":[],"footnotes":""},"categories":[1557],"tags":[],"class_list":["post-80803","post","type-post","status-publish","format-standard","has-post-thumbnail","hentry","category-deportes-ecuador","have-post-thumb"],"_links":{"self":[{"href":"https:\/\/www.evafm.net\/sitio\/wp-json\/wp\/v2\/posts\/80803","targetHints":{"allow":["GET"]}}],"collection":[{"href":"https:\/\/www.evafm.net\/sitio\/wp-json\/wp\/v2\/posts"}],"about":[{"href":"https:\/\/www.evafm.net\/sitio\/wp-json\/wp\/v2\/types\/post"}],"author":[{"embeddable":true,"href":"https:\/\/www.evafm.net\/sitio\/wp-json\/wp\/v2\/users\/5"}],"replies":[{"embeddable":true,"href":"https:\/\/www.evafm.net\/sitio\/wp-json\/wp\/v2\/comments?post=80803"}],"version-history":[{"count":1,"href":"https:\/\/www.evafm.net\/sitio\/wp-json\/wp\/v2\/posts\/80803\/revisions"}],"predecessor-version":[{"id":80806,"href":"https:\/\/www.evafm.net\/sitio\/wp-json\/wp\/v2\/posts\/80803\/revisions\/80806"}],"wp:featuredmedia":[{"embeddable":true,"href":"https:\/\/www.evafm.net\/sitio\/wp-json\/wp\/v2\/media\/80805"}],"wp:attachment":[{"href":"https:\/\/www.evafm.net\/sitio\/wp-json\/wp\/v2\/media?parent=80803"}],"wp:term":[{"taxonomy":"category","embeddable":true,"href":"https:\/\/www.evafm.net\/sitio\/wp-json\/wp\/v2\/categories?post=80803"},{"taxonomy":"post_tag","embeddable":true,"href":"https:\/\/www.evafm.net\/sitio\/wp-json\/wp\/v2\/tags?post=80803"}],"curies":[{"name":"wp","href":"https:\/\/api.w.org\/{rel}","templated":true}]}}